{"id":1602,"date":"2014-04-28T17:51:43","date_gmt":"2014-04-28T17:51:43","guid":{"rendered":"http:\/\/majipparesor.se.loopiadns.com\/?p=1602"},"modified":"2026-01-06T14:04:07","modified_gmt":"2026-01-06T14:04:07","slug":"paskresa-till-rugen-binz","status":"publish","type":"post","link":"https:\/\/majipparesor.se\/?p=1602","title":{"rendered":"P\u00e5skresa till R\u00fcgen &#8211; med ett stopp i Malm\u00f6"},"content":{"rendered":"<p><strong>Det \u00e4r aldrig fel att g\u00f6ra en \u00f6vernattning i Malm\u00f6. Vi \u00e4r egentligen p\u00e5 v\u00e4g till R\u00fcgen i Tyskland men stannar till i Malm\u00f6 innan vi tar b\u00e5ten fr\u00e5n Trelleborg f\u00f6r vidare f\u00e4rd mot Sassnitz.\u00a0<\/strong><\/p>\n<p style=\"text-align: left;\"><span style=\"font-size: medium;\">Det blir en riktigt mysig p\u00e5skhelg p\u00e5 \u00f6n R\u00fcgen och den trevliga badorten Binz utanf\u00f6r fastlandet i Tyskland. Eftersom vi k\u00f6r med egen bil hela v\u00e4gen ned fr\u00e5n Stockholm till Tyskland \u00e4r det ganska sk\u00f6nt att g\u00f6ra ett stopp med \u00f6vernattning i Malm\u00f6. Vi gillar ju Malm\u00f6 s\u00e5 mycket och tycker att staden bara blir b\u00e4ttre och b\u00e4ttre f\u00f6r var g\u00e5ng vi bes\u00f6ker den.<\/span><\/p>\n<p style=\"text-align: center;\"><img loading=\"lazy\" decoding=\"async\" class=\"aligncenter wp-image-7836 size-large\" src=\"https:\/\/majipparesor.se\/wp-content\/uploads\/2014\/04\/2014-04-18-17.55.04-768x1024.jpg\" alt=\"\" width=\"768\" height=\"1024\" srcset=\"https:\/\/majipparesor.se\/wp-content\/uploads\/2014\/04\/2014-04-18-17.55.04-768x1024.jpg 768w, https:\/\/majipparesor.se\/wp-content\/uploads\/2014\/04\/2014-04-18-17.55.04-225x300.jpg 225w\" sizes=\"auto, (max-width: 768px) 100vw, 768px\" \/><\/p>\n<p style=\"text-align: center;\"><img loading=\"lazy\" decoding=\"async\" class=\"aligncenter wp-image-7837 size-large\" src=\"https:\/\/majipparesor.se\/wp-content\/uploads\/2014\/04\/2014-04-18-15.49.37-e1546612760698-1024x713.jpg\" alt=\"\" width=\"800\" height=\"557\" srcset=\"https:\/\/majipparesor.se\/wp-content\/uploads\/2014\/04\/2014-04-18-15.49.37-e1546612760698-1024x713.jpg 1024w, https:\/\/majipparesor.se\/wp-content\/uploads\/2014\/04\/2014-04-18-15.49.37-e1546612760698-300x209.jpg 300w, https:\/\/majipparesor.se\/wp-content\/uploads\/2014\/04\/2014-04-18-15.49.37-e1546612760698-768x535.jpg 768w, https:\/\/majipparesor.se\/wp-content\/uploads\/2014\/04\/2014-04-18-15.49.37-e1546612760698-392x272.jpg 392w, https:\/\/majipparesor.se\/wp-content\/uploads\/2014\/04\/2014-04-18-15.49.37-e1546612760698-130x90.jpg 130w\" sizes=\"auto, (max-width: 800px) 100vw, 800px\" \/><\/p>\n<p style=\"text-align: center;\"><img loading=\"lazy\" decoding=\"async\" class=\"aligncenter wp-image-7848 size-large\" src=\"https:\/\/majipparesor.se\/wp-content\/uploads\/2014\/04\/2014-04-18-17.55.33-768x1024.jpg\" alt=\"\" width=\"768\" height=\"1024\" srcset=\"https:\/\/majipparesor.se\/wp-content\/uploads\/2014\/04\/2014-04-18-17.55.33-768x1024.jpg 768w, https:\/\/majipparesor.se\/wp-content\/uploads\/2014\/04\/2014-04-18-17.55.33-225x300.jpg 225w\" sizes=\"auto, (max-width: 768px) 100vw, 768px\" \/><\/p>\n<p><img loading=\"lazy\" decoding=\"async\" class=\"aligncenter wp-image-7838 size-large\" src=\"https:\/\/majipparesor.se\/wp-content\/uploads\/2014\/04\/2014-04-18-17.45.22-e1572029184807-1024x869.jpg\" alt=\"\" width=\"800\" height=\"679\" srcset=\"https:\/\/majipparesor.se\/wp-content\/uploads\/2014\/04\/2014-04-18-17.45.22-e1572029184807-1024x869.jpg 1024w, https:\/\/majipparesor.se\/wp-content\/uploads\/2014\/04\/2014-04-18-17.45.22-e1572029184807-300x255.jpg 300w, https:\/\/majipparesor.se\/wp-content\/uploads\/2014\/04\/2014-04-18-17.45.22-e1572029184807-768x652.jpg 768w\" sizes=\"auto, (max-width: 800px) 100vw, 800px\" \/><\/p>\n<h5>Boende i Malm\u00f6<\/h5>\n<p style=\"text-align: left;\"><span style=\"font-size: medium;\">Vi bor p\u00e5 trevliga Radisson Blu vid Caroli City s\u00e5 vi har n\u00e4ra till allt och det \u00e4r sk\u00f6nt n\u00e4r man bara stannar \u00f6ver natten. Rummen \u00e4r stora men lite tr\u00e5kiga kanske, men v\u00e5rt rum ligger mot n\u00e5got slags kontorshus s\u00e5 det k\u00e4nns lite m\u00f6rkt. Rummet \u00e4r utrustat med tv\u00e5 ordentliga sittm\u00f6bler, skrivbord, tv och en sk\u00f6n s\u00e4ng. Det b\u00e4sta med hotellet \u00e4r att man erbjuder en mycket fin hotellfrukost redan fr\u00e5n klockan sex p\u00e5 l\u00f6rdagsmorgon vilket \u00e4r uppskattat av oss eftersom vi ska upp tidigt f\u00f6r att komma iv\u00e4g med f\u00e4rjan till Sassnitz som g\u00e5r fr\u00e5n Trelleborg.<\/span><\/p>\n<p><img loading=\"lazy\" decoding=\"async\" class=\"aligncenter wp-image-7849 size-large\" src=\"https:\/\/majipparesor.se\/wp-content\/uploads\/2014\/04\/2014-04-18-16.55.30-e1572029217532-1024x789.jpg\" alt=\"\" width=\"800\" height=\"616\" srcset=\"https:\/\/majipparesor.se\/wp-content\/uploads\/2014\/04\/2014-04-18-16.55.30-e1572029217532-1024x789.jpg 1024w, https:\/\/majipparesor.se\/wp-content\/uploads\/2014\/04\/2014-04-18-16.55.30-e1572029217532-300x231.jpg 300w, https:\/\/majipparesor.se\/wp-content\/uploads\/2014\/04\/2014-04-18-16.55.30-e1572029217532-768x592.jpg 768w\" sizes=\"auto, (max-width: 800px) 100vw, 800px\" \/><\/p>\n<p style=\"text-align: center;\"><img loading=\"lazy\" decoding=\"async\" class=\"aligncenter wp-image-7839 size-large\" src=\"https:\/\/majipparesor.se\/wp-content\/uploads\/2014\/04\/2014-04-18-17.45.11-e1546613586367-966x1024.jpg\" alt=\"\" width=\"800\" height=\"848\" srcset=\"https:\/\/majipparesor.se\/wp-content\/uploads\/2014\/04\/2014-04-18-17.45.11-e1546613586367-966x1024.jpg 966w, https:\/\/majipparesor.se\/wp-content\/uploads\/2014\/04\/2014-04-18-17.45.11-e1546613586367-283x300.jpg 283w, https:\/\/majipparesor.se\/wp-content\/uploads\/2014\/04\/2014-04-18-17.45.11-e1546613586367-768x814.jpg 768w\" sizes=\"auto, (max-width: 800px) 100vw, 800px\" \/><\/p>\n<p style=\"text-align: center;\"><img loading=\"lazy\" decoding=\"async\" class=\"aligncenter wp-image-7840 size-large\" src=\"https:\/\/majipparesor.se\/wp-content\/uploads\/2014\/04\/2014-04-18-17.45.29-e1572029255201-1024x993.jpg\" alt=\"\" width=\"800\" height=\"776\" srcset=\"https:\/\/majipparesor.se\/wp-content\/uploads\/2014\/04\/2014-04-18-17.45.29-e1572029255201-1024x993.jpg 1024w, https:\/\/majipparesor.se\/wp-content\/uploads\/2014\/04\/2014-04-18-17.45.29-e1572029255201-300x291.jpg 300w, https:\/\/majipparesor.se\/wp-content\/uploads\/2014\/04\/2014-04-18-17.45.29-e1572029255201-768x745.jpg 768w\" sizes=\"auto, (max-width: 800px) 100vw, 800px\" \/><\/p>\n<p style=\"text-align: center;\"><img loading=\"lazy\" decoding=\"async\" class=\"aligncenter wp-image-7841 size-large\" src=\"https:\/\/majipparesor.se\/wp-content\/uploads\/2014\/04\/2014-04-18-17.48.35-768x1024.jpg\" alt=\"\" width=\"768\" height=\"1024\" srcset=\"https:\/\/majipparesor.se\/wp-content\/uploads\/2014\/04\/2014-04-18-17.48.35-768x1024.jpg 768w, https:\/\/majipparesor.se\/wp-content\/uploads\/2014\/04\/2014-04-18-17.48.35-225x300.jpg 225w\" sizes=\"auto, (max-width: 768px) 100vw, 768px\" \/><\/p>\n<p style=\"text-align: center;\"><em>B\u00e4sta tulpantider \u00e4r det nu i april.<\/em><\/p>\n<p style=\"text-align: center;\"><img loading=\"lazy\" decoding=\"async\" class=\"aligncenter wp-image-7842 size-large\" src=\"https:\/\/majipparesor.se\/wp-content\/uploads\/2014\/04\/2014-04-18-17.53.51-1024x768.jpg\" alt=\"\" width=\"800\" height=\"600\" srcset=\"https:\/\/majipparesor.se\/wp-content\/uploads\/2014\/04\/2014-04-18-17.53.51-1024x768.jpg 1024w, https:\/\/majipparesor.se\/wp-content\/uploads\/2014\/04\/2014-04-18-17.53.51-300x225.jpg 300w, https:\/\/majipparesor.se\/wp-content\/uploads\/2014\/04\/2014-04-18-17.53.51-768x576.jpg 768w\" sizes=\"auto, (max-width: 800px) 100vw, 800px\" \/><\/p>\n<p style=\"text-align: center;\"><img loading=\"lazy\" decoding=\"async\" class=\"aligncenter wp-image-7843 size-large\" src=\"https:\/\/majipparesor.se\/wp-content\/uploads\/2014\/04\/2014-04-18-17.53.56-e1572029326899-1024x846.jpg\" alt=\"\" width=\"800\" height=\"661\" srcset=\"https:\/\/majipparesor.se\/wp-content\/uploads\/2014\/04\/2014-04-18-17.53.56-e1572029326899-1024x846.jpg 1024w, https:\/\/majipparesor.se\/wp-content\/uploads\/2014\/04\/2014-04-18-17.53.56-e1572029326899-300x248.jpg 300w, https:\/\/majipparesor.se\/wp-content\/uploads\/2014\/04\/2014-04-18-17.53.56-e1572029326899-768x635.jpg 768w\" sizes=\"auto, (max-width: 800px) 100vw, 800px\" \/><\/p>\n<p style=\"text-align: center;\"><em>Stortorget<\/em><\/p>\n<p style=\"text-align: center;\"><img loading=\"lazy\" decoding=\"async\" class=\"aligncenter wp-image-7844 size-large\" src=\"https:\/\/majipparesor.se\/wp-content\/uploads\/2014\/04\/2014-04-18-17.54.08-e1572029370966-1024x662.jpg\" alt=\"\" width=\"800\" height=\"517\" srcset=\"https:\/\/majipparesor.se\/wp-content\/uploads\/2014\/04\/2014-04-18-17.54.08-e1572029370966-1024x662.jpg 1024w, https:\/\/majipparesor.se\/wp-content\/uploads\/2014\/04\/2014-04-18-17.54.08-e1572029370966-300x194.jpg 300w, https:\/\/majipparesor.se\/wp-content\/uploads\/2014\/04\/2014-04-18-17.54.08-e1572029370966-768x496.jpg 768w\" sizes=\"auto, (max-width: 800px) 100vw, 800px\" \/><\/p>\n<p style=\"text-align: center;\"><strong><span style=\"font-size: large;\">\u00a0<\/span><\/strong><em><span style=\"font-size: medium;\">Tur med v\u00e4dret har vi ocks\u00e5. Str\u00e5lande sol och en riktigt h\u00e4rlig kv\u00e4ll f\u00f6r middag utomhus och promenad i v\u00e5ra gamla kvarter fr\u00e5n\u00a0studie\u00e5ren p\u00e5 tidigt 1980-tal.<\/span><\/em><\/p>\n<p style=\"text-align: center;\"><span style=\"font-size: small;\"><img loading=\"lazy\" decoding=\"async\" class=\"aligncenter wp-image-7851 size-large\" src=\"https:\/\/majipparesor.se\/wp-content\/uploads\/2014\/04\/2014-04-18-18.05.50-768x1024.jpg\" alt=\"\" width=\"768\" height=\"1024\" srcset=\"https:\/\/majipparesor.se\/wp-content\/uploads\/2014\/04\/2014-04-18-18.05.50-768x1024.jpg 768w, https:\/\/majipparesor.se\/wp-content\/uploads\/2014\/04\/2014-04-18-18.05.50-225x300.jpg 225w\" sizes=\"auto, (max-width: 768px) 100vw, 768px\" \/> <\/span><\/p>\n<p style=\"text-align: center;\"><span style=\"font-size: small;\"><img loading=\"lazy\" decoding=\"async\" class=\"aligncenter wp-image-7856 size-large\" src=\"https:\/\/majipparesor.se\/wp-content\/uploads\/2014\/04\/2014-04-18-18.23.52-768x1024.jpg\" alt=\"\" width=\"768\" height=\"1024\" srcset=\"https:\/\/majipparesor.se\/wp-content\/uploads\/2014\/04\/2014-04-18-18.23.52-768x1024.jpg 768w, https:\/\/majipparesor.se\/wp-content\/uploads\/2014\/04\/2014-04-18-18.23.52-225x300.jpg 225w\" sizes=\"auto, (max-width: 768px) 100vw, 768px\" \/> <\/span><\/p>\n<p style=\"text-align: center;\"><em><span style=\"font-size: small;\">\u00a0<\/span><span style=\"font-size: medium;\">En bit mat blir det p\u00e5 uteserveringen Mello Yellow.<\/span><\/em><\/p>\n<p style=\"text-align: center;\"><span style=\"font-size: small;\"><img loading=\"lazy\" decoding=\"async\" class=\"aligncenter wp-image-7857 size-large\" src=\"https:\/\/majipparesor.se\/wp-content\/uploads\/2014\/04\/2014-04-18-18.28.39-e1572029439942-1024x923.jpg\" alt=\"\" width=\"800\" height=\"721\" srcset=\"https:\/\/majipparesor.se\/wp-content\/uploads\/2014\/04\/2014-04-18-18.28.39-e1572029439942-1024x923.jpg 1024w, https:\/\/majipparesor.se\/wp-content\/uploads\/2014\/04\/2014-04-18-18.28.39-e1572029439942-300x270.jpg 300w, https:\/\/majipparesor.se\/wp-content\/uploads\/2014\/04\/2014-04-18-18.28.39-e1572029439942-768x692.jpg 768w\" sizes=\"auto, (max-width: 800px) 100vw, 800px\" \/>\u00a0<\/span><\/p>\n<p>&nbsp;<\/p>\n<p style=\"text-align: center;\"><span style=\"font-size: small;\">\u00a0<img loading=\"lazy\" decoding=\"async\" class=\"aligncenter wp-image-7858 size-large\" src=\"https:\/\/majipparesor.se\/wp-content\/uploads\/2014\/04\/2014-04-18-18.50.32-e1572029484159-1024x612.jpg\" alt=\"\" width=\"800\" height=\"478\" srcset=\"https:\/\/majipparesor.se\/wp-content\/uploads\/2014\/04\/2014-04-18-18.50.32-e1572029484159-1024x612.jpg 1024w, https:\/\/majipparesor.se\/wp-content\/uploads\/2014\/04\/2014-04-18-18.50.32-e1572029484159-300x179.jpg 300w, https:\/\/majipparesor.se\/wp-content\/uploads\/2014\/04\/2014-04-18-18.50.32-e1572029484159-768x459.jpg 768w\" sizes=\"auto, (max-width: 800px) 100vw, 800px\" \/> <\/span><\/p>\n<p style=\"text-align: center;\"><em><span style=\"font-size: medium;\">Lilla torg &#8211; Malm\u00f6 April 2014<\/span><\/em><\/p>\n<p style=\"text-align: center;\"><span style=\"font-size: small;\"><img loading=\"lazy\" decoding=\"async\" class=\"aligncenter wp-image-7859 size-large\" src=\"https:\/\/majipparesor.se\/wp-content\/uploads\/2014\/04\/2014-04-18-18.50.42-e1572029542917-1024x836.jpg\" alt=\"\" width=\"800\" height=\"653\" srcset=\"https:\/\/majipparesor.se\/wp-content\/uploads\/2014\/04\/2014-04-18-18.50.42-e1572029542917-1024x836.jpg 1024w, https:\/\/majipparesor.se\/wp-content\/uploads\/2014\/04\/2014-04-18-18.50.42-e1572029542917-300x245.jpg 300w, https:\/\/majipparesor.se\/wp-content\/uploads\/2014\/04\/2014-04-18-18.50.42-e1572029542917-768x627.jpg 768w\" sizes=\"auto, (max-width: 800px) 100vw, 800px\" \/> <\/span><\/p>\n<p style=\"text-align: center;\"><span style=\"font-size: small;\"><img loading=\"lazy\" decoding=\"async\" class=\"aligncenter wp-image-7860 size-large\" src=\"https:\/\/majipparesor.se\/wp-content\/uploads\/2014\/04\/2014-04-18-18.51.06-e1572029586178-1024x826.jpg\" alt=\"\" width=\"800\" height=\"645\" srcset=\"https:\/\/majipparesor.se\/wp-content\/uploads\/2014\/04\/2014-04-18-18.51.06-e1572029586178-1024x826.jpg 1024w, https:\/\/majipparesor.se\/wp-content\/uploads\/2014\/04\/2014-04-18-18.51.06-e1572029586178-300x242.jpg 300w, https:\/\/majipparesor.se\/wp-content\/uploads\/2014\/04\/2014-04-18-18.51.06-e1572029586178-768x619.jpg 768w\" sizes=\"auto, (max-width: 800px) 100vw, 800px\" \/> <\/span><\/p>\n<p style=\"text-align: center;\"><span style=\"font-size: small;\"><img loading=\"lazy\" decoding=\"async\" class=\"aligncenter wp-image-7861 size-large\" src=\"https:\/\/majipparesor.se\/wp-content\/uploads\/2014\/04\/2014-04-18-18.58.15-e1572029643650-1024x937.jpg\" alt=\"\" width=\"800\" height=\"732\" srcset=\"https:\/\/majipparesor.se\/wp-content\/uploads\/2014\/04\/2014-04-18-18.58.15-e1572029643650-1024x937.jpg 1024w, https:\/\/majipparesor.se\/wp-content\/uploads\/2014\/04\/2014-04-18-18.58.15-e1572029643650-300x275.jpg 300w, https:\/\/majipparesor.se\/wp-content\/uploads\/2014\/04\/2014-04-18-18.58.15-e1572029643650-768x703.jpg 768w\" sizes=\"auto, (max-width: 800px) 100vw, 800px\" \/> <\/span><\/p>\n<p style=\"text-align: center;\"><span style=\"font-size: small;\"><img loading=\"lazy\" decoding=\"async\" class=\"aligncenter wp-image-7863 size-large\" src=\"https:\/\/majipparesor.se\/wp-content\/uploads\/2014\/04\/2014-04-18-18.58.31-e1572029707252-960x1024.jpg\" alt=\"\" width=\"800\" height=\"853\" srcset=\"https:\/\/majipparesor.se\/wp-content\/uploads\/2014\/04\/2014-04-18-18.58.31-e1572029707252-960x1024.jpg 960w, https:\/\/majipparesor.se\/wp-content\/uploads\/2014\/04\/2014-04-18-18.58.31-e1572029707252-281x300.jpg 281w, https:\/\/majipparesor.se\/wp-content\/uploads\/2014\/04\/2014-04-18-18.58.31-e1572029707252-768x819.jpg 768w\" sizes=\"auto, (max-width: 800px) 100vw, 800px\" \/><\/span><span style=\"font-size: small;\">\u00a0<\/span><\/p>\n<p style=\"text-align: center;\"><em><span style=\"font-size: medium;\">Malm\u00f6 \u00e4r kanske inte v\u00e4rldens vackraste stad, men har \u00e4nd\u00e5 s\u00e5 mycket charm. Jag trivs verkligen s\u00e5 bra h\u00e4r, det \u00e4r en h\u00e4rlig stad att promenera i och extra kul \u00e4r det att vi fortfarande hittar s\u00e5 bra.<\/span><\/em><\/p>\n<p><img loading=\"lazy\" decoding=\"async\" class=\"aligncenter wp-image-7864 size-large\" src=\"https:\/\/majipparesor.se\/wp-content\/uploads\/2014\/04\/2014-04-18-18.58.45-768x1024.jpg\" alt=\"\" width=\"768\" height=\"1024\" srcset=\"https:\/\/majipparesor.se\/wp-content\/uploads\/2014\/04\/2014-04-18-18.58.45-768x1024.jpg 768w, https:\/\/majipparesor.se\/wp-content\/uploads\/2014\/04\/2014-04-18-18.58.45-225x300.jpg 225w\" sizes=\"auto, (max-width: 768px) 100vw, 768px\" \/><\/p>\n<p><img loading=\"lazy\" decoding=\"async\" class=\"aligncenter wp-image-7865 size-large\" src=\"https:\/\/majipparesor.se\/wp-content\/uploads\/2014\/04\/2014-04-18-19.09.38-768x1024.jpg\" alt=\"\" width=\"768\" height=\"1024\" srcset=\"https:\/\/majipparesor.se\/wp-content\/uploads\/2014\/04\/2014-04-18-19.09.38-768x1024.jpg 768w, https:\/\/majipparesor.se\/wp-content\/uploads\/2014\/04\/2014-04-18-19.09.38-225x300.jpg 225w\" sizes=\"auto, (max-width: 768px) 100vw, 768px\" \/><\/p>\n<h5>P\u00e5 promenad i Malm\u00f6<\/h5>\n<p style=\"text-align: left;\"><span style=\"font-size: medium;\">Gamla Domus-varuhuset ovanf\u00f6r Triangeln \u00e4r inte l\u00e4ngre Domus f\u00f6rst\u00e5s, men byggnaden \u00e4r kvar och en hel del nytt har tillkommit runt omkring Triangel sen vi flyttade fr\u00e5n Malm\u00f6 1983.\u00a0<\/span><\/p>\n<p style=\"text-align: left;\"><span style=\"font-size: medium;\">De gamla industrikvarteren \u00e4r numera uppfr\u00e4schade men bakom det fina renoverade huset med r\u00f6df\u00e4rgad fasad,\u00a0lyckas jag f\u00e5 syn p\u00e5 en gammal Fazerskylt<strong>.<\/strong>\u00a0Jag har f\u00f6r mig att Fazer hade en stor chokladfabrik mitt i Malm\u00f6.<\/span><\/p>\n<p><img loading=\"lazy\" decoding=\"async\" class=\"aligncenter wp-image-7867 size-large\" src=\"https:\/\/majipparesor.se\/wp-content\/uploads\/2014\/04\/2014-04-18-19.16.20-768x1024.jpg\" alt=\"\" width=\"768\" height=\"1024\" srcset=\"https:\/\/majipparesor.se\/wp-content\/uploads\/2014\/04\/2014-04-18-19.16.20-768x1024.jpg 768w, https:\/\/majipparesor.se\/wp-content\/uploads\/2014\/04\/2014-04-18-19.16.20-225x300.jpg 225w\" sizes=\"auto, (max-width: 768px) 100vw, 768px\" \/><\/p>\n<p><img loading=\"lazy\" decoding=\"async\" class=\"aligncenter wp-image-7866 size-large\" src=\"https:\/\/majipparesor.se\/wp-content\/uploads\/2014\/04\/2014-04-18-19.09.56-768x1024.jpg\" alt=\"\" width=\"768\" height=\"1024\" srcset=\"https:\/\/majipparesor.se\/wp-content\/uploads\/2014\/04\/2014-04-18-19.09.56-768x1024.jpg 768w, https:\/\/majipparesor.se\/wp-content\/uploads\/2014\/04\/2014-04-18-19.09.56-225x300.jpg 225w\" sizes=\"auto, (max-width: 768px) 100vw, 768px\" \/><\/p>\n<p><img loading=\"lazy\" decoding=\"async\" class=\"aligncenter wp-image-7868 size-large\" src=\"https:\/\/majipparesor.se\/wp-content\/uploads\/2014\/04\/2014-04-19-07.28.24-e1568403030726-1024x976.jpg\" alt=\"\" width=\"800\" height=\"763\" srcset=\"https:\/\/majipparesor.se\/wp-content\/uploads\/2014\/04\/2014-04-19-07.28.24-e1568403030726-1024x976.jpg 1024w, https:\/\/majipparesor.se\/wp-content\/uploads\/2014\/04\/2014-04-19-07.28.24-e1568403030726-300x286.jpg 300w, https:\/\/majipparesor.se\/wp-content\/uploads\/2014\/04\/2014-04-19-07.28.24-e1568403030726-768x732.jpg 768w\" sizes=\"auto, (max-width: 800px) 100vw, 800px\" \/><\/p>\n<h5>Mot R\u00fcgen<\/h5>\n<p style=\"text-align: left;\"><span style=\"font-size: medium;\">N\u00e4sta morgon l\u00e4mnar vi Malm\u00f6 ganska tidigt och k\u00f6r mot Trelleborg. Vi kommer i god tid men ganska snar \u00e4r det dags att k\u00f6ra p\u00e5 f\u00e4rjan till Sassnitz. Turen dit tar dryga fyra timmar och sedan \u00e4r det n\u00e5gon mil innan vi n\u00e5r fram till orten Binz p\u00e5 \u00f6n R\u00fcgen.<\/span><\/p>\n<p style=\"text-align: center;\"><img loading=\"lazy\" decoding=\"async\" class=\"aligncenter wp-image-7871 size-large\" src=\"https:\/\/majipparesor.se\/wp-content\/uploads\/2014\/04\/DSC_0010-e1642347029371-1024x537.jpg\" alt=\"\" width=\"800\" height=\"420\" srcset=\"https:\/\/majipparesor.se\/wp-content\/uploads\/2014\/04\/DSC_0010-e1642347029371-1024x537.jpg 1024w, https:\/\/majipparesor.se\/wp-content\/uploads\/2014\/04\/DSC_0010-e1642347029371-300x157.jpg 300w, https:\/\/majipparesor.se\/wp-content\/uploads\/2014\/04\/DSC_0010-e1642347029371-768x403.jpg 768w, https:\/\/majipparesor.se\/wp-content\/uploads\/2014\/04\/DSC_0010-e1642347029371-390x205.jpg 390w, https:\/\/majipparesor.se\/wp-content\/uploads\/2014\/04\/DSC_0010-e1642347029371-1536x806.jpg 1536w, https:\/\/majipparesor.se\/wp-content\/uploads\/2014\/04\/DSC_0010-e1642347029371-2048x1074.jpg 2048w\" sizes=\"auto, (max-width: 800px) 100vw, 800px\" \/><\/p>\n<p style=\"text-align: center;\"><img loading=\"lazy\" decoding=\"async\" class=\"aligncenter wp-image-7872 size-large\" src=\"https:\/\/majipparesor.se\/wp-content\/uploads\/2014\/04\/DSC_0014-1024x680.jpg\" alt=\"\" width=\"800\" height=\"531\" srcset=\"https:\/\/majipparesor.se\/wp-content\/uploads\/2014\/04\/DSC_0014-1024x680.jpg 1024w, https:\/\/majipparesor.se\/wp-content\/uploads\/2014\/04\/DSC_0014-300x199.jpg 300w, https:\/\/majipparesor.se\/wp-content\/uploads\/2014\/04\/DSC_0014-768x510.jpg 768w\" sizes=\"auto, (max-width: 800px) 100vw, 800px\" \/><\/p>\n<p style=\"text-align: center;\"><em><span style=\"font-size: medium;\">Tidigare har vi \u00e5kt med TT- Lines f\u00e4rjor som \u00e4r betydligt fr\u00e4schare \u00e4n Stena Lines, men p\u00e5sken bjuder p\u00e5 underbart soligt v\u00e4der och vi tillbringar n\u00e4stan hela\u00a0\u00f6verfarten utomhus i en solstol.<\/span><\/em><\/p>\n<p><img loading=\"lazy\" decoding=\"async\" class=\"aligncenter wp-image-7873 size-large\" src=\"https:\/\/majipparesor.se\/wp-content\/uploads\/2014\/04\/DSC_0023-e1535135891819-1024x582.jpg\" alt=\"\" width=\"800\" height=\"455\" srcset=\"https:\/\/majipparesor.se\/wp-content\/uploads\/2014\/04\/DSC_0023-e1535135891819-1024x582.jpg 1024w, https:\/\/majipparesor.se\/wp-content\/uploads\/2014\/04\/DSC_0023-e1535135891819-300x171.jpg 300w, https:\/\/majipparesor.se\/wp-content\/uploads\/2014\/04\/DSC_0023-e1535135891819-768x437.jpg 768w\" sizes=\"auto, (max-width: 800px) 100vw, 800px\" \/><\/p>\n<ul class='related_post'><li><\/li><\/ul>","protected":false},"excerpt":{"rendered":"<p>Det \u00e4r aldrig fel att g\u00f6ra en \u00f6vernattning i Malm\u00f6. Vi \u00e4r egentligen p\u00e5 v\u00e4g till R\u00fcgen i Tyskland men<\/p>\n","protected":false},"author":1,"featured_media":7867,"comment_status":"open","ping_status":"open","sticky":false,"template":"","format":"image","meta":{"colormag_page_container_layout":"no_sidebar_content_centered","colormag_page_sidebar_layout":"no_sidebar","om_disable_all_campaigns":false,"_monsterinsights_skip_tracking":false,"_monsterinsights_sitenote_active":false,"_monsterinsights_sitenote_note":"","_monsterinsights_sitenote_category":0,"_uf_show_specific_survey":0,"_uf_disable_surveys":false,"footnotes":""},"categories":[90,22],"tags":[],"class_list":["post-1602","post","type-post","status-publish","format-image","has-post-thumbnail","hentry","category-skane","category-sverige","post_format-post-format-image"],"aioseo_notices":[],"_links":{"self":[{"href":"https:\/\/majipparesor.se\/index.php?rest_route=\/wp\/v2\/posts\/1602","targetHints":{"allow":["GET"]}}],"collection":[{"href":"https:\/\/majipparesor.se\/index.php?rest_route=\/wp\/v2\/posts"}],"about":[{"href":"https:\/\/majipparesor.se\/index.php?rest_route=\/wp\/v2\/types\/post"}],"author":[{"embeddable":true,"href":"https:\/\/majipparesor.se\/index.php?rest_route=\/wp\/v2\/users\/1"}],"replies":[{"embeddable":true,"href":"https:\/\/majipparesor.se\/index.php?rest_route=%2Fwp%2Fv2%2Fcomments&post=1602"}],"version-history":[{"count":15,"href":"https:\/\/majipparesor.se\/index.php?rest_route=\/wp\/v2\/posts\/1602\/revisions"}],"predecessor-version":[{"id":46941,"href":"https:\/\/majipparesor.se\/index.php?rest_route=\/wp\/v2\/posts\/1602\/revisions\/46941"}],"wp:featuredmedia":[{"embeddable":true,"href":"https:\/\/majipparesor.se\/index.php?rest_route=\/wp\/v2\/media\/7867"}],"wp:attachment":[{"href":"https:\/\/majipparesor.se\/index.php?rest_route=%2Fwp%2Fv2%2Fmedia&parent=1602"}],"wp:term":[{"taxonomy":"category","embeddable":true,"href":"https:\/\/majipparesor.se\/index.php?rest_route=%2Fwp%2Fv2%2Fcategories&post=1602"},{"taxonomy":"post_tag","embeddable":true,"href":"https:\/\/majipparesor.se\/index.php?rest_route=%2Fwp%2Fv2%2Ftags&post=1602"}],"curies":[{"name":"wp","href":"https:\/\/api.w.org\/{rel}","templated":true}]}}