{"id":17742,"date":"2020-07-04T09:12:49","date_gmt":"2020-07-04T09:12:49","guid":{"rendered":"https:\/\/majipparesor.se\/?p=17742"},"modified":"2026-02-26T16:18:07","modified_gmt":"2026-02-26T16:18:07","slug":"hemma-fran-en-harlig-roadtrip-i-norra-sverige","status":"publish","type":"post","link":"https:\/\/majipparesor.se\/?p=17742","title":{"rendered":"Hemma fr\u00e5n en h\u00e4rlig roadtrip i norra Sverige"},"content":{"rendered":"<p><strong>Nu \u00e4r vi hemma fr\u00e5n ett riktigt \u00e4ventyr med bil i norra Sverige. M\u00e5nga mil har det blivit och vi har upplevt allt fr\u00e5n vackra Dalarna, fj\u00e4llvandring till Helags och k\u00f6rt m\u00e5nga, l\u00e5nga mil p\u00e5 landsv\u00e4gar, grusv\u00e4gar genom skogar, \u00f6dsliga orter och storslagna landskap. En riktigt fantastisk roadtrip p\u00e5 hela 450 mil under tolv dagar.<\/strong><\/p>\n<p>Vi har gjort v\u00e5r f\u00f6rsta fj\u00e4llvandring i den varmaste t\u00e4nkbara temperatur p\u00e5 n\u00e4stan trettio grader, sk\u00f6nt? Nej knappast, inte ens en vindpust fick vi, men s\u00e5 h\u00e4r efter\u00e5t, det blev en vandring som b\u00e5de var det v\u00e4rsta och det b\u00e4sta jag gjort i hela mitt liv. Den kommer sent att gl\u00f6mmas. Jag kommer f\u00f6rst\u00e5s att ber\u00e4tta mer om den i ett senare inl\u00e4gg&#8230;<\/p>\n<p><img loading=\"lazy\" decoding=\"async\" class=\"alignnone size-full wp-image-17744\" src=\"https:\/\/majipparesor.se\/wp-content\/uploads\/2020\/07\/20200622_180044-scaled.jpg\" alt=\"\" width=\"2560\" height=\"1920\" srcset=\"https:\/\/majipparesor.se\/wp-content\/uploads\/2020\/07\/20200622_180044-scaled.jpg 2560w, https:\/\/majipparesor.se\/wp-content\/uploads\/2020\/07\/20200622_180044-300x225.jpg 300w, https:\/\/majipparesor.se\/wp-content\/uploads\/2020\/07\/20200622_180044-1024x768.jpg 1024w, https:\/\/majipparesor.se\/wp-content\/uploads\/2020\/07\/20200622_180044-768x576.jpg 768w, https:\/\/majipparesor.se\/wp-content\/uploads\/2020\/07\/20200622_180044-1536x1152.jpg 1536w, https:\/\/majipparesor.se\/wp-content\/uploads\/2020\/07\/20200622_180044-2048x1536.jpg 2048w\" sizes=\"auto, (max-width: 2560px) 100vw, 2560px\" \/><\/p>\n<p>Det blev en efterl\u00e4ngtad roadtrip p\u00e5 Vildmarksv\u00e4gen d\u00e4r det fortfarande l\u00e5g ganska mycket sn\u00f6 kvar uppe i Stekenjokk. Vi har sett s\u00e5 m\u00e5nga vackra vyer som jag inte ens trodde fanns i Sverige. Vi har k\u00f6rt m\u00e5nga mil p\u00e5 inlandsv\u00e4gen med inlandsbanan (t\u00e5get) som n\u00e4rmaste granne.<\/p>\n<p>Jag fick \u00e4ntligen bes\u00f6ka vackra Arjeplog och se sp\u00f6kstaden Malmberget samt \u00e5terigen bes\u00f6ka Kiruna. Tyv\u00e4rr blev det ingen fj\u00e4llvandring i Abisko n\u00e4r v\u00e4dret pl\u00f6tsligt blev helt oresonligt, men ist\u00e4llet kom vi till Pajala och f\u00e4rdades utmed Torne\u00e5\u00e4lven som skiljer Sverige fr\u00e5n Finland. Tyv\u00e4rr kunde vi inte resa in i varken Norge eller Finland, men ibland g\u00f6r det absolut ingenting, Sverige har ju \u00e4nd\u00e5 allting, \u00e4r s\u00e5 tacksam att vi \u00e4nd\u00e5 fick m\u00f6jligheten att resa genom landet i dessa coronatider.<\/p>\n<p><img loading=\"lazy\" decoding=\"async\" class=\"alignnone size-full wp-image-17757\" src=\"https:\/\/majipparesor.se\/wp-content\/uploads\/2020\/07\/20200627_093720-scaled.jpg\" alt=\"\" width=\"1920\" height=\"2560\" srcset=\"https:\/\/majipparesor.se\/wp-content\/uploads\/2020\/07\/20200627_093720-scaled.jpg 1920w, https:\/\/majipparesor.se\/wp-content\/uploads\/2020\/07\/20200627_093720-225x300.jpg 225w, https:\/\/majipparesor.se\/wp-content\/uploads\/2020\/07\/20200627_093720-768x1024.jpg 768w, https:\/\/majipparesor.se\/wp-content\/uploads\/2020\/07\/20200627_093720-1152x1536.jpg 1152w, https:\/\/majipparesor.se\/wp-content\/uploads\/2020\/07\/20200627_093720-1536x2048.jpg 1536w\" sizes=\"auto, (max-width: 1920px) 100vw, 1920px\" \/><\/p>\n<p>Vi har haft hela elva olika boenden. Vi har bott p\u00e5 allt fr\u00e5n fj\u00e4llstation till lite lyxigare hotellboende. Kanske hade det varit sk\u00f6nt att stanna ett par dagar p\u00e5 ett och samma st\u00e4lle, men d\u00e5 hade vi inte hunnit se s\u00e5 mycket som vi nu gjort.<\/p>\n<p><img loading=\"lazy\" decoding=\"async\" class=\"alignnone size-full wp-image-17745\" src=\"https:\/\/majipparesor.se\/wp-content\/uploads\/2020\/07\/20200622_180017-scaled.jpg\" alt=\"\" width=\"1920\" height=\"2560\" srcset=\"https:\/\/majipparesor.se\/wp-content\/uploads\/2020\/07\/20200622_180017-scaled.jpg 1920w, https:\/\/majipparesor.se\/wp-content\/uploads\/2020\/07\/20200622_180017-225x300.jpg 225w, https:\/\/majipparesor.se\/wp-content\/uploads\/2020\/07\/20200622_180017-768x1024.jpg 768w, https:\/\/majipparesor.se\/wp-content\/uploads\/2020\/07\/20200622_180017-1152x1536.jpg 1152w, https:\/\/majipparesor.se\/wp-content\/uploads\/2020\/07\/20200622_180017-1536x2048.jpg 1536w\" sizes=\"auto, (max-width: 1920px) 100vw, 1920px\" \/><\/p>\n<p><img loading=\"lazy\" decoding=\"async\" class=\"alignnone wp-image-17747 size-full\" src=\"https:\/\/majipparesor.se\/wp-content\/uploads\/2020\/07\/20200623_145854-scaled-e1593802839358.jpg\" alt=\"\" width=\"1920\" height=\"2124\" srcset=\"https:\/\/majipparesor.se\/wp-content\/uploads\/2020\/07\/20200623_145854-scaled-e1593802839358.jpg 1920w, https:\/\/majipparesor.se\/wp-content\/uploads\/2020\/07\/20200623_145854-scaled-e1593802839358-271x300.jpg 271w, https:\/\/majipparesor.se\/wp-content\/uploads\/2020\/07\/20200623_145854-scaled-e1593802839358-926x1024.jpg 926w, https:\/\/majipparesor.se\/wp-content\/uploads\/2020\/07\/20200623_145854-scaled-e1593802839358-768x850.jpg 768w, https:\/\/majipparesor.se\/wp-content\/uploads\/2020\/07\/20200623_145854-scaled-e1593802839358-1388x1536.jpg 1388w, https:\/\/majipparesor.se\/wp-content\/uploads\/2020\/07\/20200623_145854-scaled-e1593802839358-1851x2048.jpg 1851w\" sizes=\"auto, (max-width: 1920px) 100vw, 1920px\" \/><\/p>\n<h5>Vad var b\u00e4st?<\/h5>\n<p>V\u00e5r f\u00f6rsta fj\u00e4llvandring blev nog resans st\u00f6rsta upplevelse och \u00e4ventyr. Att vandra i den storslagna fj\u00e4llv\u00e4rlden \u00e4r en helt ny erfarenhet f\u00f6r mig och det blev tufft men \u00e4nd\u00e5 s\u00e5 v\u00e4rt alla mina svordomar \u00f6ver vattenfyllda passager, mygg, svett, blod och bl\u00e5sa.<\/p>\n<p>Vi fick \u00e4ven m\u00e5nga h\u00e4rliga dagar med fint v\u00e4der p\u00e5 gott och ont&#8230;<\/p>\n<p>Jag fick dessutom bes\u00f6ka Haparanda som jag pratat om i s\u00e5 m\u00e5nga \u00e5r, en riktig wow &#8211; k\u00e4nsla. Det k\u00e4nns riktigt fint att jag kan snacka Haparanda med n\u00e5gra av dem som m\u00e5ste passera staden f\u00f6r att bes\u00f6ka sitt hemland Finland. Men s\u00e5klart kan jag inte skryta med att vi k\u00f6rt dit i bistra vintertid, en annan g\u00e5ng kanske&#8230;<\/p>\n<h5>Vad var s\u00e4mst?<\/h5>\n<p>Myggen och bromsarna tog tyv\u00e4rr bort en hel del av gl\u00e4djen i att vandra. Absolut helt fel \u00e5rstid att g\u00e5 p\u00e5 fj\u00e4llet eller att vara i Norrland \u00f6verhuvudtaget. Myggen \u00e4r som v\u00e4rst nu och det gick knappt att g\u00e5 ur bilen p\u00e5 vissa h\u00e5ll. \u00c4ven p\u00e5 kalfj\u00e4llet d\u00e4r det annars inte brukar vara mygg hade vi \u00e4nd\u00e5 rikligt med dessa marod\u00f6rer, kanske berodde det p\u00e5 att det var helt vindstilla.<\/p>\n<p>V\u00e4dret har varit med oss till viss del, men kan det aldrig vara lagom? Under v\u00e5r fj\u00e4llvandring hade vi n\u00e4ra 30 grader i luften och under ett par timmar med stekande sol utan knappt n\u00e5gon vind blev hettan n\u00e4stan outh\u00e4rdligt. D\u00e4remot h\u00f6ll vi p\u00e5 att frysa ihj\u00e4l uppe i Abisko och Riksgr\u00e4nsen med 4 plusgrader och piskande regn.<\/p>\n<p><img loading=\"lazy\" decoding=\"async\" class=\"alignnone size-full wp-image-17749\" src=\"https:\/\/majipparesor.se\/wp-content\/uploads\/2020\/07\/20200624_092559-scaled.jpg\" alt=\"\" width=\"1920\" height=\"2560\" srcset=\"https:\/\/majipparesor.se\/wp-content\/uploads\/2020\/07\/20200624_092559-scaled.jpg 1920w, https:\/\/majipparesor.se\/wp-content\/uploads\/2020\/07\/20200624_092559-225x300.jpg 225w, https:\/\/majipparesor.se\/wp-content\/uploads\/2020\/07\/20200624_092559-768x1024.jpg 768w, https:\/\/majipparesor.se\/wp-content\/uploads\/2020\/07\/20200624_092559-1152x1536.jpg 1152w, https:\/\/majipparesor.se\/wp-content\/uploads\/2020\/07\/20200624_092559-1536x2048.jpg 1536w\" sizes=\"auto, (max-width: 1920px) 100vw, 1920px\" \/><\/p>\n<p><img loading=\"lazy\" decoding=\"async\" class=\"alignnone size-full wp-image-17750\" src=\"https:\/\/majipparesor.se\/wp-content\/uploads\/2020\/07\/20200624_113428-scaled.jpg\" alt=\"\" width=\"1920\" height=\"2560\" srcset=\"https:\/\/majipparesor.se\/wp-content\/uploads\/2020\/07\/20200624_113428-scaled.jpg 1920w, https:\/\/majipparesor.se\/wp-content\/uploads\/2020\/07\/20200624_113428-225x300.jpg 225w, https:\/\/majipparesor.se\/wp-content\/uploads\/2020\/07\/20200624_113428-768x1024.jpg 768w, https:\/\/majipparesor.se\/wp-content\/uploads\/2020\/07\/20200624_113428-1152x1536.jpg 1152w, https:\/\/majipparesor.se\/wp-content\/uploads\/2020\/07\/20200624_113428-1536x2048.jpg 1536w\" sizes=\"auto, (max-width: 1920px) 100vw, 1920px\" \/><\/p>\n<h5>Hur \u00e4r norra Sverige som resm\u00e5l?<\/h5>\n<p>Absolut helt fantastiskt men kanske inte i juni och juli. Det har nog sina f\u00f6rdelar att det \u00e4nd\u00e5 inte \u00e4r s\u00e5 mycket turister tidigt p\u00e5 s\u00e4songen. Jag tror att slutet av augusti borde vara b\u00e4sta s\u00e4song f\u00f6r fj\u00e4llvandring n\u00e4r myggen kanske minskat efter de f\u00f6rsta frostn\u00e4tterna.<\/p>\n<p>F\u00f6rutom att naturen \u00e4r storslagen \u00e4r \u00e4ven m\u00e4nniskorna h\u00e4r uppe \u00e4r s\u00e5 otroligt trevliga, mysiga och g\u00e4stv\u00e4nliga. Det \u00e4r l\u00e4tt att prata med alla och \u00e4r man sj\u00e4lv lite nyfiken kommer man ortsbefolkningen n\u00e4ra inp\u00e5. De delar g\u00e4rna med sig av sina kunskaper och ber\u00e4ttar stolt om sitt landskap. Vi har \u00e4ven \u00e4tit s\u00e5 gott av lokala r\u00e5varor och inte minst r\u00f6dingen \u00e4r n\u00e5got alldeles extra h\u00e4r uppe.<\/p>\n<h5>Hur blir det med vandring i framtiden?<\/h5>\n<p>Allts\u00e5, n\u00e4r jag slet av mig mina vandringsskor, de nyink\u00f6pta vandringsbyxorna och torkade den svettiga och br\u00e4nda huden torr efter fem timmars vandring i trettio graders v\u00e4rme t\u00e4nkte jag, aldrig mer&#8230; Men bara n\u00e5gra dagar senare minns jag bara det b\u00e4sta av att vandra och faktiskt passade jag p\u00e5 att k\u00f6pa mig en ny ryggs\u00e4ck p\u00e5 Hagl\u00f6fs Outlet i Haparanda och b\u00f6rjar fundera \u00f6ver var man kan vandra h\u00e4rn\u00e4st.<\/p>\n<p><img loading=\"lazy\" decoding=\"async\" class=\"alignnone size-full wp-image-17753\" src=\"https:\/\/majipparesor.se\/wp-content\/uploads\/2020\/07\/20200626_112603-scaled.jpg\" alt=\"\" width=\"1920\" height=\"2560\" srcset=\"https:\/\/majipparesor.se\/wp-content\/uploads\/2020\/07\/20200626_112603-scaled.jpg 1920w, https:\/\/majipparesor.se\/wp-content\/uploads\/2020\/07\/20200626_112603-225x300.jpg 225w, https:\/\/majipparesor.se\/wp-content\/uploads\/2020\/07\/20200626_112603-768x1024.jpg 768w, https:\/\/majipparesor.se\/wp-content\/uploads\/2020\/07\/20200626_112603-1152x1536.jpg 1152w, https:\/\/majipparesor.se\/wp-content\/uploads\/2020\/07\/20200626_112603-1536x2048.jpg 1536w\" sizes=\"auto, (max-width: 1920px) 100vw, 1920px\" \/><\/p>\n<p style=\"text-align: center;\"><em>P\u00e5 v\u00e4g mot \u00c5reskutan.<\/em><\/p>\n<ul class='related_post'><li><\/li><\/ul>","protected":false},"excerpt":{"rendered":"<p>Nu \u00e4r vi hemma fr\u00e5n ett riktigt \u00e4ventyr med bil i norra Sverige. M\u00e5nga mil har det blivit och vi<\/p>\n","protected":false},"author":1,"featured_media":17759,"comment_status":"open","ping_status":"open","sticky":false,"template":"","format":"standard","meta":{"colormag_page_container_layout":"default_layout","colormag_page_sidebar_layout":"default_layout","om_disable_all_campaigns":false,"_monsterinsights_skip_tracking":false,"_monsterinsights_sitenote_active":false,"_monsterinsights_sitenote_note":"","_monsterinsights_sitenote_category":0,"_uf_show_specific_survey":0,"_uf_disable_surveys":false,"footnotes":""},"categories":[34,22],"tags":[],"class_list":["post-17742","post","type-post","status-publish","format-standard","has-post-thumbnail","hentry","category-vardag","category-sverige"],"aioseo_notices":[],"_links":{"self":[{"href":"https:\/\/majipparesor.se\/index.php?rest_route=\/wp\/v2\/posts\/17742","targetHints":{"allow":["GET"]}}],"collection":[{"href":"https:\/\/majipparesor.se\/index.php?rest_route=\/wp\/v2\/posts"}],"about":[{"href":"https:\/\/majipparesor.se\/index.php?rest_route=\/wp\/v2\/types\/post"}],"author":[{"embeddable":true,"href":"https:\/\/majipparesor.se\/index.php?rest_route=\/wp\/v2\/users\/1"}],"replies":[{"embeddable":true,"href":"https:\/\/majipparesor.se\/index.php?rest_route=%2Fwp%2Fv2%2Fcomments&post=17742"}],"version-history":[{"count":11,"href":"https:\/\/majipparesor.se\/index.php?rest_route=\/wp\/v2\/posts\/17742\/revisions"}],"predecessor-version":[{"id":47900,"href":"https:\/\/majipparesor.se\/index.php?rest_route=\/wp\/v2\/posts\/17742\/revisions\/47900"}],"wp:featuredmedia":[{"embeddable":true,"href":"https:\/\/majipparesor.se\/index.php?rest_route=\/wp\/v2\/media\/17759"}],"wp:attachment":[{"href":"https:\/\/majipparesor.se\/index.php?rest_route=%2Fwp%2Fv2%2Fmedia&parent=17742"}],"wp:term":[{"taxonomy":"category","embeddable":true,"href":"https:\/\/majipparesor.se\/index.php?rest_route=%2Fwp%2Fv2%2Fcategories&post=17742"},{"taxonomy":"post_tag","embeddable":true,"href":"https:\/\/majipparesor.se\/index.php?rest_route=%2Fwp%2Fv2%2Ftags&post=17742"}],"curies":[{"name":"wp","href":"https:\/\/api.w.org\/{rel}","templated":true}]}}