{"id":24909,"date":"2021-06-17T05:42:37","date_gmt":"2021-06-17T05:42:37","guid":{"rendered":"https:\/\/majipparesor.se\/?p=24909"},"modified":"2026-03-17T16:21:24","modified_gmt":"2026-03-17T16:21:24","slug":"resplaner-infor-sommaren-2021","status":"publish","type":"post","link":"https:\/\/majipparesor.se\/?p=24909","title":{"rendered":"Resplaner inf\u00f6r sommaren 2021"},"content":{"rendered":"<p><strong>Vart ska vi resa i sommar? Ja, det \u00e4r en fr\u00e5ga vi sj\u00e4lva undrar men som inte \u00e4r helt l\u00e4tt att svara p\u00e5. Visst finns det m\u00e5nga id\u00e9er men vi vet ju inte riktigt hur det ser ut p\u00e5 andra platser ute i v\u00e4rlden. N\u00e5gra planer har vi \u00e4nd\u00e5 och som vi hoppas kunna genomf\u00f6ra p\u00e5 b\u00e4sta s\u00e4tt.\u00a0<\/strong><\/p>\n<p>Det \u00e4r snart dags att ge sig iv\u00e4g p\u00e5 sommarsemester. I \u00e5r har jag helt enkelt struntat i om vi kan resa utomlands eller inte. \u00c4ven fast vi har f\u00e5tt vaccindos tv\u00e5, k\u00e4nns det fortfarande lite si och s\u00e5 att ta sig utomlands. D\u00e4rf\u00f6r best\u00e4mde jag redan tidigt i v\u00e5ras att bes\u00f6ka ett par av de svenska nationalparkerna och \u00e4ven f\u00f6rs\u00f6ka ta oss upp p\u00e5 n\u00e5gra av de h\u00f6gsta punkterna i \u00a0Sveriges landskap. Till en b\u00f6rjan var jag ganska positiv till min egen utmaning men under v\u00e5ren n\u00e4r jag l\u00e4st p\u00e5 har jag f\u00f6rst\u00e5tt att det inte kommer att bli helt l\u00e4tt. Nu \u00e4r jag till viss del fortfarande positiv men n\u00e5got sk\u00e4rrad \u00f6ver vad jag har hittat p\u00e5.<\/p>\n<p>Lite roligt \u00e4r det \u00e4nd\u00e5, under resans g\u00e5ng tror jag att vi \u00e4ven kommer att uppt\u00e4cka andra sev\u00e4rdheter som vi \u00e4nnu inte vet om. V\u00e5r resa i stora delar av Norrland f\u00f6rra sommaren gav oss en hel del erfarenhet och insikter om vilka sev\u00e4rdheter som vi g\u00e4rna vill se mer av och \u00e4ven testa lite mer p\u00e5 riktigt. F\u00f6rra \u00e5ret gjorde vi f\u00f6rvisso en rej\u00e4l fj\u00e4llvandring men annars gjordes mestadels alla uppt\u00e4ckter med hj\u00e4lp av bil. Inte fy skam alls, men i \u00e5r vill vi nog se mer av fj\u00e4llv\u00e4rlden per fot.<\/p>\n<p><img loading=\"lazy\" decoding=\"async\" class=\"alignnone size-full wp-image-24240\" src=\"https:\/\/majipparesor.se\/wp-content\/uploads\/2021\/04\/20210425_184419-scaled.jpg\" alt=\"\" width=\"1967\" height=\"2560\" srcset=\"https:\/\/majipparesor.se\/wp-content\/uploads\/2021\/04\/20210425_184419-scaled.jpg 1967w, https:\/\/majipparesor.se\/wp-content\/uploads\/2021\/04\/20210425_184419-231x300.jpg 231w, https:\/\/majipparesor.se\/wp-content\/uploads\/2021\/04\/20210425_184419-787x1024.jpg 787w, https:\/\/majipparesor.se\/wp-content\/uploads\/2021\/04\/20210425_184419-768x999.jpg 768w, https:\/\/majipparesor.se\/wp-content\/uploads\/2021\/04\/20210425_184419-1180x1536.jpg 1180w, https:\/\/majipparesor.se\/wp-content\/uploads\/2021\/04\/20210425_184419-1574x2048.jpg 1574w\" sizes=\"auto, (max-width: 1967px) 100vw, 1967px\" \/><\/p>\n<p>Under v\u00e5ren har vi rest en hel del i s\u00f6dra Sverige och nu \u00e4r det dags att g\u00f6ra mera av Norrland. I flera m\u00e5nader har jag f\u00f6rs\u00f6kt f\u00e5 ihop en kombinerad bilresa med l\u00e4ttare vandring i nationalparker och \u00e4ven bestiga de nordligast landskapens h\u00f6gsta punkter. Jag inser att det inte \u00e4r det l\u00e4ttaste, det finns nationalparker som kommer att bli ganska sv\u00e5ra att bes\u00f6ka, parker som man inte kan bara traska in med eller k\u00f6ra bil till direkt. Nej det kr\u00e4vs b\u00e5de fj\u00e4llerfarenhet och minst en dagsvandring f\u00f6r att n\u00e5 till exempel Sarek och Padjelanta nationalparker.<\/p>\n<p><strong>V\u00e4dret styr planerna<\/strong><\/p>\n<p>Inget \u00e4r f\u00f6rst\u00e5s om\u00f6jligt men mycket \u00e4r beroende av v\u00e4dret. Och det vet vi ju sj\u00e4lva av erfarenhet fr\u00e5n v\u00e5r f\u00f6rsta fj\u00e4llvandring f\u00f6rra \u00e5ret. Temperaturen steg till \u00f6ver 30 grader och de svenska fj\u00e4llen f\u00f6rvandlades till afrikansk \u00f6ken. Galet varmt och jag lovade mig sj\u00e4lv att aldrig mer, men det dr\u00f6jde inte s\u00e5 l\u00e4nge f\u00f6rr\u00e4n jag ins\u00e5g att fj\u00e4llvandringen var n\u00e5got av det b\u00e4sta jag gjort i hela mitt liv. Varf\u00f6r? Jag har verkligen inget bra svar p\u00e5 det, men jag vet att det m\u00e5ste g\u00f6ras om och det ska bli mer \u00e4n en fj\u00e4llvandring p\u00e5 \u00e5rets sommarresa i Norrland. Kanske har jag drabbas av fj\u00e4llfeber, n\u00e5got fel \u00e4r det allt.<\/p>\n<p><img loading=\"lazy\" decoding=\"async\" class=\"alignnone size-full wp-image-18361\" src=\"https:\/\/majipparesor.se\/wp-content\/uploads\/2020\/07\/20200722_163549-scaled.jpg\" alt=\"\" width=\"1920\" height=\"2560\" srcset=\"https:\/\/majipparesor.se\/wp-content\/uploads\/2020\/07\/20200722_163549-scaled.jpg 1920w, https:\/\/majipparesor.se\/wp-content\/uploads\/2020\/07\/20200722_163549-225x300.jpg 225w, https:\/\/majipparesor.se\/wp-content\/uploads\/2020\/07\/20200722_163549-768x1024.jpg 768w, https:\/\/majipparesor.se\/wp-content\/uploads\/2020\/07\/20200722_163549-1152x1536.jpg 1152w, https:\/\/majipparesor.se\/wp-content\/uploads\/2020\/07\/20200722_163549-1536x2048.jpg 1536w\" sizes=\"auto, (max-width: 1920px) 100vw, 1920px\" \/><\/p>\n<p><img loading=\"lazy\" decoding=\"async\" class=\"alignnone size-full wp-image-18348\" src=\"https:\/\/majipparesor.se\/wp-content\/uploads\/2020\/07\/20200722_163117-scaled.jpg\" alt=\"\" width=\"1920\" height=\"2560\" srcset=\"https:\/\/majipparesor.se\/wp-content\/uploads\/2020\/07\/20200722_163117-scaled.jpg 1920w, https:\/\/majipparesor.se\/wp-content\/uploads\/2020\/07\/20200722_163117-225x300.jpg 225w, https:\/\/majipparesor.se\/wp-content\/uploads\/2020\/07\/20200722_163117-768x1024.jpg 768w, https:\/\/majipparesor.se\/wp-content\/uploads\/2020\/07\/20200722_163117-1152x1536.jpg 1152w, https:\/\/majipparesor.se\/wp-content\/uploads\/2020\/07\/20200722_163117-1536x2048.jpg 1536w\" sizes=\"auto, (max-width: 1920px) 100vw, 1920px\" \/><\/p>\n<p><strong>Start v\u00e4sterut<\/strong><\/p>\n<p>Det blir \u00e4nd\u00e5 en liten mjukstart av v\u00e5r roadtrip i Sverige. Vi startar med V\u00e4stmanland, N\u00e4rke, Dalsland och Bohusl\u00e4n. Ett par h\u00f6gsta punkter, n\u00e5gra nationalparker och boende i Str\u00f6mstad, innan vi v\u00e4nder nordost och k\u00f6r mot V\u00e4rmland och Dalarna.<\/p>\n<p><strong>Dalafj\u00e4llen<\/strong><\/p>\n<p>Fulufj\u00e4llet och Gr\u00f6velsj\u00f6n \u00e4r destinationer jag inte trodde mig bes\u00f6ka inom den n\u00e4rmaste framtiden, men pl\u00f6tsligt letar jag boende p\u00e5 fj\u00e4llstationer och l\u00e4ser om olika vandringsleder tills \u00f6gonen g\u00e5r i kors.<\/p>\n<p>I Dalafj\u00e4llen finns b\u00e5de Fulufj\u00e4llet och T\u00f6fsingdalens nationalparker samt Dalarnas h\u00f6gsta topp Storv\u00e4ttesh\u00e5gna. Eftersom vi bokat boende vid Gr\u00f6velsj\u00f6n hoppas jag att vi \u00e5tminstone kan vandra till Storv\u00e4ttesh\u00e5gna. Fulufj\u00e4llets nationalpark \u00e4r betydligt l\u00e4ttare att bes\u00f6ka \u00e4n den mer otillg\u00e4ngliga T\u00f6fsingdalen.<\/p>\n<p><img loading=\"lazy\" decoding=\"async\" class=\"alignnone size-full wp-image-19675\" src=\"https:\/\/majipparesor.se\/wp-content\/uploads\/2020\/09\/20200908_201028-scaled.jpg\" alt=\"\" width=\"2560\" height=\"1757\" srcset=\"https:\/\/majipparesor.se\/wp-content\/uploads\/2020\/09\/20200908_201028-scaled.jpg 2560w, https:\/\/majipparesor.se\/wp-content\/uploads\/2020\/09\/20200908_201028-300x206.jpg 300w, https:\/\/majipparesor.se\/wp-content\/uploads\/2020\/09\/20200908_201028-1024x703.jpg 1024w, https:\/\/majipparesor.se\/wp-content\/uploads\/2020\/09\/20200908_201028-768x527.jpg 768w, https:\/\/majipparesor.se\/wp-content\/uploads\/2020\/09\/20200908_201028-1536x1054.jpg 1536w, https:\/\/majipparesor.se\/wp-content\/uploads\/2020\/09\/20200908_201028-2048x1406.jpg 2048w, https:\/\/majipparesor.se\/wp-content\/uploads\/2020\/09\/20200908_201028-130x90.jpg 130w\" sizes=\"auto, (max-width: 2560px) 100vw, 2560px\" \/><\/p>\n<p><img loading=\"lazy\" decoding=\"async\" class=\"alignnone size-full wp-image-18074\" src=\"https:\/\/majipparesor.se\/wp-content\/uploads\/2020\/07\/20200717_152801.jpg\" alt=\"\" width=\"1759\" height=\"2346\" srcset=\"https:\/\/majipparesor.se\/wp-content\/uploads\/2020\/07\/20200717_152801.jpg 1759w, https:\/\/majipparesor.se\/wp-content\/uploads\/2020\/07\/20200717_152801-225x300.jpg 225w, https:\/\/majipparesor.se\/wp-content\/uploads\/2020\/07\/20200717_152801-768x1024.jpg 768w, https:\/\/majipparesor.se\/wp-content\/uploads\/2020\/07\/20200717_152801-1152x1536.jpg 1152w, https:\/\/majipparesor.se\/wp-content\/uploads\/2020\/07\/20200717_152801-1536x2048.jpg 1536w\" sizes=\"auto, (max-width: 1759px) 100vw, 1759px\" \/><\/p>\n<p><strong>Helags?<\/strong><\/p>\n<p>Ska det bli en toppbestigning i \u00e5r eller blir det bara en enkel vandring till Helags fj\u00e4llstation? Det kan vi \u00e4nnu inte veta men klart att jag \u00e4r besviken att jag inte gjorde toppbestigningen f\u00f6rra \u00e5ret. Revanschsugen \u00e4r det minsta jag kan s\u00e4ga att jag \u00e4r, hur sv\u00e5rt kan det vara egentligen?<\/p>\n<p><img loading=\"lazy\" decoding=\"async\" class=\"alignnone size-full wp-image-18079\" src=\"https:\/\/majipparesor.se\/wp-content\/uploads\/2020\/07\/20200717_152542-scaled.jpg\" alt=\"\" width=\"2560\" height=\"1982\" srcset=\"https:\/\/majipparesor.se\/wp-content\/uploads\/2020\/07\/20200717_152542-scaled.jpg 2560w, https:\/\/majipparesor.se\/wp-content\/uploads\/2020\/07\/20200717_152542-300x232.jpg 300w, https:\/\/majipparesor.se\/wp-content\/uploads\/2020\/07\/20200717_152542-1024x793.jpg 1024w, https:\/\/majipparesor.se\/wp-content\/uploads\/2020\/07\/20200717_152542-768x595.jpg 768w, https:\/\/majipparesor.se\/wp-content\/uploads\/2020\/07\/20200717_152542-1536x1189.jpg 1536w, https:\/\/majipparesor.se\/wp-content\/uploads\/2020\/07\/20200717_152542-2048x1586.jpg 2048w\" sizes=\"auto, (max-width: 2560px) 100vw, 2560px\" \/><\/p>\n<p><strong>Nya utmaningar<\/strong><\/p>\n<p>Inte l\u00e5ngt fr\u00e5n Helags fj\u00e4llstation finns Sylarnas fj\u00e4llstation, n\u00e5ja cirka 19 km ska det visst vara mellan dessa b\u00e4gge fj\u00e4llstationer. Vid Sylarna ligger J\u00e4mtlands h\u00f6gsta topp, Templet 1728 m \u00f6 h men den k\u00e4nns \u00f6verm\u00e4ktig, men helt om\u00f6jligt \u00e4r det inte. Kanske \u00e4r det b\u00e4ttre att ta oss med bil till Sonfj\u00e4llets nationalpark ist\u00e4llet och g\u00f6ra en sn\u00e4llare vandring. Det \u00e4r alltid l\u00e4tt att sitta hemma och best\u00e4mma men fj\u00e4llv\u00e4rlden \u00e4r betydligt mer nyckfull och tuffare \u00e4n de semesterdestinationer vi \u00e4r vana att bes\u00f6ka.<\/p>\n<p><strong>Vidare norrut<\/strong><\/p>\n<p>F\u00f6rhoppningsvis kommer vi forts\u00e4tta upp mot Pieljekaise nationalpark, Arjeplog och vidare mot Stora Sj\u00f6fallets nationalpark. H\u00e4r finns ju \u00e4ven Padjelanta och Sarek nationalparker och hur vi ska ta oss an dessa b\u00e5da \u00e4r fortfarande en g\u00e5ta. Vi f\u00e5r ta en sak i taget och fundera ut hur vi ska g\u00f6ra. Om det bara blir Muddus nationalpark som ocks\u00e5 ligger i n\u00e4rheten, ja d\u00e5 f\u00e5r det bli s\u00e5.<\/p>\n<p>Lite mer norr\u00f6ver ligger Abisko nationalpark som ligger mer l\u00e4ttillg\u00e4ngligt och \u00e4r bara v\u00e4dret med s\u00e5 kommer det nog bli en trevlig tur h\u00e4r. Det finns ju \u00e4ven \u00e4nnu en nationalpark som inte ligger s\u00e5 l\u00e5ngt fr\u00e5n Abisko, Vadvetj\u00e5kka nationalpark. Den \u00e4r ocks\u00e5 en ganska stor utmaning att n\u00e5, \u00e5tminstone f\u00f6r oss.<\/p>\n<p><img loading=\"lazy\" decoding=\"async\" class=\"alignnone size-full wp-image-18418\" src=\"https:\/\/majipparesor.se\/wp-content\/uploads\/2020\/07\/20200722_171602-scaled.jpg\" alt=\"\" width=\"2560\" height=\"1920\" srcset=\"https:\/\/majipparesor.se\/wp-content\/uploads\/2020\/07\/20200722_171602-scaled.jpg 2560w, https:\/\/majipparesor.se\/wp-content\/uploads\/2020\/07\/20200722_171602-300x225.jpg 300w, https:\/\/majipparesor.se\/wp-content\/uploads\/2020\/07\/20200722_171602-1024x768.jpg 1024w, https:\/\/majipparesor.se\/wp-content\/uploads\/2020\/07\/20200722_171602-768x576.jpg 768w, https:\/\/majipparesor.se\/wp-content\/uploads\/2020\/07\/20200722_171602-1536x1152.jpg 1536w, https:\/\/majipparesor.se\/wp-content\/uploads\/2020\/07\/20200722_171602-2048x1536.jpg 2048w\" sizes=\"auto, (max-width: 2560px) 100vw, 2560px\" \/><\/p>\n<p><strong>Of\u00e4rdig plan<\/strong><\/p>\n<p>En hel del av \u00e5rets sommarresa \u00e4r \u00e4nnu inte klar. Tanken \u00e4r att ta oss mot Haparanda sk\u00e4rg\u00e5rd och d\u00e4refter l\u00e5ngsamt ta oss ned genom Norrbotten, V\u00e4sterbotten, \u00c5ngermanland, Medelpad, H\u00e4lsingland och avsluta med G\u00e4strikland. H\u00e4r finns ju flera landskapstoppar och ytterligare n\u00e5gra nationalparker. Vi kommer att beh\u00f6va minst tre veckor om vi ska k\u00f6ra och vandra s\u00e5 som jag \u00f6nskar g\u00f6ra.<\/p>\n<p><strong>Och s\u00e5 v\u00e4dret igen<\/strong><\/p>\n<p>Nu f\u00e5r vi hoppas att det blir hyfsat v\u00e4der s\u00e5 att de flesta av mina planer kommer att g\u00e5 i l\u00e5s. Det \u00e4r ju inte roligt om det \u00f6sregnar i flera dagar. \u00c4ven om det finns regnkl\u00e4der kan jag misstr\u00f6sta om det blir f\u00f6r bedr\u00f6vligt och helt enkelt strunta i alltsammans.<\/p>\n<p>N\u00e5gon dag med \u00f6sregn h\u00e4r och d\u00e4r f\u00e5r man s\u00e5klart r\u00e4kna med, jag minns hur el\u00e4ndigt det var f\u00f6rra \u00e5ret uppe vid Riksgr\u00e4nsen n\u00e4r regnet \u00f6ste ned och det endast var fyra plusgrader. Men vi fick ocks\u00e5 uppleva hur otroligt vacker v\u00e5r fj\u00e4llv\u00e4rld \u00e4r n\u00e4r solen skiner och \u00e4ven hur fruktansv\u00e4rt hett det kan vara. En mycket fin blandning av en Sverigesemester.<\/p>\n<p><img loading=\"lazy\" decoding=\"async\" class=\"alignnone size-full wp-image-18637\" src=\"https:\/\/majipparesor.se\/wp-content\/uploads\/2020\/07\/20200728_144714.jpg\" alt=\"\" width=\"1430\" height=\"1356\" srcset=\"https:\/\/majipparesor.se\/wp-content\/uploads\/2020\/07\/20200728_144714.jpg 1430w, https:\/\/majipparesor.se\/wp-content\/uploads\/2020\/07\/20200728_144714-300x284.jpg 300w, https:\/\/majipparesor.se\/wp-content\/uploads\/2020\/07\/20200728_144714-1024x971.jpg 1024w, https:\/\/majipparesor.se\/wp-content\/uploads\/2020\/07\/20200728_144714-768x728.jpg 768w\" sizes=\"auto, (max-width: 1430px) 100vw, 1430px\" \/><\/p>\n<ul class='related_post'><li><\/li><\/ul>","protected":false},"excerpt":{"rendered":"<p>Vart ska vi resa i sommar? Ja, det \u00e4r en fr\u00e5ga vi sj\u00e4lva undrar men som inte \u00e4r helt l\u00e4tt<\/p>\n","protected":false},"author":1,"featured_media":18590,"comment_status":"open","ping_status":"open","sticky":false,"template":"","format":"standard","meta":{"colormag_page_container_layout":"default_layout","colormag_page_sidebar_layout":"default_layout","om_disable_all_campaigns":false,"_monsterinsights_skip_tracking":false,"_monsterinsights_sitenote_active":false,"_monsterinsights_sitenote_note":"","_monsterinsights_sitenote_category":0,"_uf_show_specific_survey":0,"_uf_disable_surveys":false,"footnotes":""},"categories":[34,22],"tags":[],"class_list":["post-24909","post","type-post","status-publish","format-standard","has-post-thumbnail","hentry","category-vardag","category-sverige"],"aioseo_notices":[],"_links":{"self":[{"href":"https:\/\/majipparesor.se\/index.php?rest_route=\/wp\/v2\/posts\/24909","targetHints":{"allow":["GET"]}}],"collection":[{"href":"https:\/\/majipparesor.se\/index.php?rest_route=\/wp\/v2\/posts"}],"about":[{"href":"https:\/\/majipparesor.se\/index.php?rest_route=\/wp\/v2\/types\/post"}],"author":[{"embeddable":true,"href":"https:\/\/majipparesor.se\/index.php?rest_route=\/wp\/v2\/users\/1"}],"replies":[{"embeddable":true,"href":"https:\/\/majipparesor.se\/index.php?rest_route=%2Fwp%2Fv2%2Fcomments&post=24909"}],"version-history":[{"count":12,"href":"https:\/\/majipparesor.se\/index.php?rest_route=\/wp\/v2\/posts\/24909\/revisions"}],"predecessor-version":[{"id":48260,"href":"https:\/\/majipparesor.se\/index.php?rest_route=\/wp\/v2\/posts\/24909\/revisions\/48260"}],"wp:featuredmedia":[{"embeddable":true,"href":"https:\/\/majipparesor.se\/index.php?rest_route=\/wp\/v2\/media\/18590"}],"wp:attachment":[{"href":"https:\/\/majipparesor.se\/index.php?rest_route=%2Fwp%2Fv2%2Fmedia&parent=24909"}],"wp:term":[{"taxonomy":"category","embeddable":true,"href":"https:\/\/majipparesor.se\/index.php?rest_route=%2Fwp%2Fv2%2Fcategories&post=24909"},{"taxonomy":"post_tag","embeddable":true,"href":"https:\/\/majipparesor.se\/index.php?rest_route=%2Fwp%2Fv2%2Ftags&post=24909"}],"curies":[{"name":"wp","href":"https:\/\/api.w.org\/{rel}","templated":true}]}}