{"id":30392,"date":"2022-07-14T05:45:47","date_gmt":"2022-07-14T05:45:47","guid":{"rendered":"https:\/\/majipparesor.se\/?p=30392"},"modified":"2026-04-01T09:14:54","modified_gmt":"2026-04-01T09:14:54","slug":"bilresa-norrut-i-euorpa","status":"publish","type":"post","link":"https:\/\/majipparesor.se\/?p=30392","title":{"rendered":"Bilresa norrut i Euorpa"},"content":{"rendered":"<p style=\"text-align: left;\"><strong>Under ett par veckors tid har vi bilat s\u00f6derut genom Europa och bekantat oss framf\u00f6r allt med Balkan. Vi har bes\u00f6kt Bosnien &amp; Hercegovina, Montenegro, Albanien, Kroatien och Slovenien.<\/strong><\/p>\n<p style=\"text-align: left;\">\u00c4ven om det har blivit m\u00e5nga mil k\u00e4nns resan \u00e4nd\u00e5 inte \u00f6verm\u00e4ktig eftersom vi har tagit ganska sm\u00e5 dagsetapper med bilen och b\u00e5de hunnit att bada och bes\u00f6kt flera intressanta sev\u00e4rdheter l\u00e4ngs v\u00e4gen.<\/p>\n<p><img loading=\"lazy\" decoding=\"async\" class=\"aligncenter wp-image-30388 size-large\" src=\"https:\/\/majipparesor.se\/wp-content\/uploads\/2022\/07\/20220708_122854-1024x1003.jpg\" alt=\"\" width=\"800\" height=\"784\" srcset=\"https:\/\/majipparesor.se\/wp-content\/uploads\/2022\/07\/20220708_122854-1024x1003.jpg 1024w, https:\/\/majipparesor.se\/wp-content\/uploads\/2022\/07\/20220708_122854-300x294.jpg 300w, https:\/\/majipparesor.se\/wp-content\/uploads\/2022\/07\/20220708_122854-768x752.jpg 768w, https:\/\/majipparesor.se\/wp-content\/uploads\/2022\/07\/20220708_122854-1536x1504.jpg 1536w, https:\/\/majipparesor.se\/wp-content\/uploads\/2022\/07\/20220708_122854-2048x2006.jpg 2048w\" sizes=\"auto, (max-width: 800px) 100vw, 800px\" \/><\/p>\n<p><strong>\u00d6sterrike<\/strong><\/p>\n<p>Nu l\u00e4mnar vi Balkan och k\u00f6r in i \u00d6sterrike. V\u00e5r f\u00f6rsta dag i landet k\u00e4nns underbart n\u00e4r temperaturen sjunker med n\u00e4ra 20 grader. Det \u00e4r bara 14 &#8211; 15 grader varmt och mulet n\u00e4r vi anl\u00e4nder alperna och Zell am See. Visst \u00e4r det lite trist att vi knappt kan se de m\u00e4ktiga alptopparna n\u00e4r molnen h\u00e4nger \u00f6ver dalen. V\u00e4der \u00e4r ju v\u00e4der och trots allt njuter vi \u00e4nd\u00e5 av alpluften och det kyligare v\u00e4dret.<\/p>\n<p><img loading=\"lazy\" decoding=\"async\" class=\"wp-image-30391 size-large aligncenter\" src=\"https:\/\/majipparesor.se\/wp-content\/uploads\/2022\/07\/IMG_20220707_163121_019-1024x1024.jpg\" alt=\"\" width=\"800\" height=\"800\" srcset=\"https:\/\/majipparesor.se\/wp-content\/uploads\/2022\/07\/IMG_20220707_163121_019-1024x1024.jpg 1024w, https:\/\/majipparesor.se\/wp-content\/uploads\/2022\/07\/IMG_20220707_163121_019-300x300.jpg 300w, https:\/\/majipparesor.se\/wp-content\/uploads\/2022\/07\/IMG_20220707_163121_019-150x150.jpg 150w, https:\/\/majipparesor.se\/wp-content\/uploads\/2022\/07\/IMG_20220707_163121_019-768x768.jpg 768w, https:\/\/majipparesor.se\/wp-content\/uploads\/2022\/07\/IMG_20220707_163121_019.jpg 1440w\" sizes=\"auto, (max-width: 800px) 100vw, 800px\" \/><\/p>\n<p>Vi tillbringar en kv\u00e4ll och f\u00f6rmiddag i Zell am See innan vi forts\u00e4tter v\u00e4sterut i \u00d6sterrike. V\u00e5r f\u00e4rdv\u00e4g g\u00e5r utanf\u00f6r motorv\u00e4gen och vi f\u00e4rdas i l\u00e5ngsam takt genom alplandskapet.<\/p>\n<p>\u00d6sterrike \u00e4r ett land som vi mestadels bara k\u00f6rt igenom och gjort n\u00e5gra enstaka \u00f6vernattningar i. Med dagens resa inser vi att h\u00e4r m\u00e5ste vi g\u00f6ra en l\u00e4ngre resa f\u00f6r att se mer av alla fina platser med alperna i st\u00e4ndigt blickf\u00e5ng.<\/p>\n<p><img loading=\"lazy\" decoding=\"async\" class=\"aligncenter wp-image-30389 size-large\" src=\"https:\/\/majipparesor.se\/wp-content\/uploads\/2022\/07\/20220708_092117-1024x768.jpg\" alt=\"\" width=\"800\" height=\"600\" srcset=\"https:\/\/majipparesor.se\/wp-content\/uploads\/2022\/07\/20220708_092117-1024x768.jpg 1024w, https:\/\/majipparesor.se\/wp-content\/uploads\/2022\/07\/20220708_092117-300x225.jpg 300w, https:\/\/majipparesor.se\/wp-content\/uploads\/2022\/07\/20220708_092117-768x576.jpg 768w, https:\/\/majipparesor.se\/wp-content\/uploads\/2022\/07\/20220708_092117-1536x1152.jpg 1536w, https:\/\/majipparesor.se\/wp-content\/uploads\/2022\/07\/20220708_092117-2048x1536.jpg 2048w\" sizes=\"auto, (max-width: 800px) 100vw, 800px\" \/><\/p>\n<p style=\"text-align: center;\"><em>Zell am See<\/em><\/p>\n<p><img loading=\"lazy\" decoding=\"async\" class=\"aligncenter wp-image-30390 size-large\" src=\"https:\/\/majipparesor.se\/wp-content\/uploads\/2022\/07\/20220708_090607-921x1024.jpg\" alt=\"\" width=\"800\" height=\"889\" srcset=\"https:\/\/majipparesor.se\/wp-content\/uploads\/2022\/07\/20220708_090607-921x1024.jpg 921w, https:\/\/majipparesor.se\/wp-content\/uploads\/2022\/07\/20220708_090607-270x300.jpg 270w, https:\/\/majipparesor.se\/wp-content\/uploads\/2022\/07\/20220708_090607-768x854.jpg 768w, https:\/\/majipparesor.se\/wp-content\/uploads\/2022\/07\/20220708_090607-1382x1536.jpg 1382w, https:\/\/majipparesor.se\/wp-content\/uploads\/2022\/07\/20220708_090607-1843x2048.jpg 1843w\" sizes=\"auto, (max-width: 800px) 100vw, 800px\" \/><\/p>\n<p>Vi forts\u00e4tter resan genom Schweiz d\u00e4r vi k\u00f6per en Vignette f\u00f6r 40 schweizerfranc, cirka 431 svenska kronor. Dyrt f\u00f6r endast en genomresa kan tyckas och n\u00e4r \u00e4ven vissa v\u00e4gar \u00e4r avgiftsbelagda blir det en dyr historia i Schweiz. Det kan inte hj\u00e4lpas, vi gillar \u00e4nd\u00e5 Schweiz och vill se mer av \u00e4ven det h\u00e4r alplandet.<\/p>\n<p><img loading=\"lazy\" decoding=\"async\" class=\"aligncenter wp-image-30385 size-large\" src=\"https:\/\/majipparesor.se\/wp-content\/uploads\/2022\/07\/20220708_202909-1024x711.jpg\" alt=\"\" width=\"800\" height=\"555\" srcset=\"https:\/\/majipparesor.se\/wp-content\/uploads\/2022\/07\/20220708_202909-1024x711.jpg 1024w, https:\/\/majipparesor.se\/wp-content\/uploads\/2022\/07\/20220708_202909-300x208.jpg 300w, https:\/\/majipparesor.se\/wp-content\/uploads\/2022\/07\/20220708_202909-768x533.jpg 768w, https:\/\/majipparesor.se\/wp-content\/uploads\/2022\/07\/20220708_202909-1536x1066.jpg 1536w, https:\/\/majipparesor.se\/wp-content\/uploads\/2022\/07\/20220708_202909-2048x1421.jpg 2048w, https:\/\/majipparesor.se\/wp-content\/uploads\/2022\/07\/20220708_202909-392x272.jpg 392w, https:\/\/majipparesor.se\/wp-content\/uploads\/2022\/07\/20220708_202909-130x90.jpg 130w\" sizes=\"auto, (max-width: 800px) 100vw, 800px\" \/><\/p>\n<p><strong>Frankrike<\/strong><\/p>\n<p>Vi har dock siktet inst\u00e4llt p\u00e5 Frankrike f\u00f6r att sedan ta oss vidare mot Tyskland och Moseldalen. Vi kommer fram under den senare delen av eftermiddagen i den gudomligt undersk\u00f6na staden Colmar.<\/p>\n<p>Jag \u00e4r ju lite svag f\u00f6r st\u00e4der med s\u00f6ta korsvirkeshus som st\u00e5r lite p\u00e5 sniskan. Att stiga in i den pittoreska staden Colmar \u00e4r som att stiga in i en sagov\u00e4rld. H\u00e4r kan man spendera timmar i de mysiga gr\u00e4nderna och kika p\u00e5 de mest fantastiska hus, \u00e4ta gott p\u00e5 n\u00e5gon av alla stadens restauranger och njuta av att vara i Frankrike. Det \u00e4r f\u00f6rst n\u00e4r vi \u00e4r h\u00e4r som jag inser hur mycket jag saknat Frankrike, spr\u00e5ket och ja, allt. Frankrike f\u00f6rtj\u00e4nar faktiskt en hel resa f\u00f6r sig.<\/p>\n<p><img loading=\"lazy\" decoding=\"async\" class=\"aligncenter wp-image-30387 size-large\" src=\"https:\/\/majipparesor.se\/wp-content\/uploads\/2022\/07\/20220708_184459-768x1024.jpg\" alt=\"\" width=\"768\" height=\"1024\" srcset=\"https:\/\/majipparesor.se\/wp-content\/uploads\/2022\/07\/20220708_184459-768x1024.jpg 768w, https:\/\/majipparesor.se\/wp-content\/uploads\/2022\/07\/20220708_184459-225x300.jpg 225w, https:\/\/majipparesor.se\/wp-content\/uploads\/2022\/07\/20220708_184459-1152x1536.jpg 1152w, https:\/\/majipparesor.se\/wp-content\/uploads\/2022\/07\/20220708_184459-1536x2048.jpg 1536w, https:\/\/majipparesor.se\/wp-content\/uploads\/2022\/07\/20220708_184459-scaled.jpg 1920w\" sizes=\"auto, (max-width: 768px) 100vw, 768px\" \/><\/p>\n<p><img loading=\"lazy\" decoding=\"async\" class=\"aligncenter wp-image-30382 size-large\" src=\"https:\/\/majipparesor.se\/wp-content\/uploads\/2022\/07\/20220709_140646-990x1024.jpg\" alt=\"\" width=\"800\" height=\"827\" srcset=\"https:\/\/majipparesor.se\/wp-content\/uploads\/2022\/07\/20220709_140646-990x1024.jpg 990w, https:\/\/majipparesor.se\/wp-content\/uploads\/2022\/07\/20220709_140646-290x300.jpg 290w, https:\/\/majipparesor.se\/wp-content\/uploads\/2022\/07\/20220709_140646-768x795.jpg 768w, https:\/\/majipparesor.se\/wp-content\/uploads\/2022\/07\/20220709_140646-1485x1536.jpg 1485w, https:\/\/majipparesor.se\/wp-content\/uploads\/2022\/07\/20220709_140646-1979x2048.jpg 1979w\" sizes=\"auto, (max-width: 800px) 100vw, 800px\" \/><\/p>\n<p><strong>Tyskland<\/strong><\/p>\n<p>\u00c4ven om vi nog kunde ha t\u00e4nkt oss stanna ett par dagar i Frankrike b\u00f6rjar vi bli lite slitna efter n\u00e4ra tre veckor ute p\u00e5 v\u00e4garna. De \u00e4r dags att i l\u00e5ngsam takt b\u00f6rja t\u00e4nka p\u00e5 hemresa, eller \u00e5tminstone b\u00f6rja v\u00e4nja oss vid tanken.<\/p>\n<p>Ett m\u00e5ste \u00e4r att f\u00e5 lite revansch fr\u00e5n f\u00f6rra \u00e5rets resa i Moseldalen, d\u00e5 vi var tvungna att fly hals \u00f6ver huvud n\u00e4r Tyskland drabbades av \u00f6versv\u00e4mningar. Vi befann oss d\u00e5 i Traben Trarbach n\u00e4r floden sv\u00e4mmade \u00f6ver och det knappt fanns n\u00e5gon v\u00e4g \u00f6ppen f\u00f6r att ta sig d\u00e4rifr\u00e5n.<\/p>\n<p><img loading=\"lazy\" decoding=\"async\" class=\"aligncenter wp-image-30384 size-large\" src=\"https:\/\/majipparesor.se\/wp-content\/uploads\/2022\/07\/20220709_124053-1024x768.jpg\" alt=\"\" width=\"800\" height=\"600\" srcset=\"https:\/\/majipparesor.se\/wp-content\/uploads\/2022\/07\/20220709_124053-1024x768.jpg 1024w, https:\/\/majipparesor.se\/wp-content\/uploads\/2022\/07\/20220709_124053-300x225.jpg 300w, https:\/\/majipparesor.se\/wp-content\/uploads\/2022\/07\/20220709_124053-768x576.jpg 768w, https:\/\/majipparesor.se\/wp-content\/uploads\/2022\/07\/20220709_124053-1536x1152.jpg 1536w, https:\/\/majipparesor.se\/wp-content\/uploads\/2022\/07\/20220709_124053-2048x1536.jpg 2048w\" sizes=\"auto, (max-width: 800px) 100vw, 800px\" \/><\/p>\n<p>Idag \u00e4r v\u00e4dret desto b\u00e4ttre. Vi kommer s\u00f6derifr\u00e5n till Moseldalen och vill bes\u00f6ka fler av dalens fina orter. Vi b\u00f6rjar i Tysklands \u00e4ldsta stad Trier, en stad med hela 8 v\u00e4rldsarv. Vi lyckas hitta parkeringsplats och g\u00f6r en liten stadsvandring bland kyrkor och torg. Mosel flyter utanf\u00f6r stadsk\u00e4rnan och s\u00e5 sm\u00e5ningom k\u00f6r vi vidare j\u00e4ms med floden. V\u00e4gen slingrar sig genom dalen med Mosel p\u00e5 ena sidan och vinrankorna p\u00e5 den andra utmed de branta sluttningarna.<\/p>\n<p><img loading=\"lazy\" decoding=\"async\" class=\"aligncenter wp-image-30383 size-large\" src=\"https:\/\/majipparesor.se\/wp-content\/uploads\/2022\/07\/20220709_124135-768x1024.jpg\" alt=\"\" width=\"768\" height=\"1024\" srcset=\"https:\/\/majipparesor.se\/wp-content\/uploads\/2022\/07\/20220709_124135-768x1024.jpg 768w, https:\/\/majipparesor.se\/wp-content\/uploads\/2022\/07\/20220709_124135-225x300.jpg 225w, https:\/\/majipparesor.se\/wp-content\/uploads\/2022\/07\/20220709_124135-1152x1536.jpg 1152w, https:\/\/majipparesor.se\/wp-content\/uploads\/2022\/07\/20220709_124135-1536x2048.jpg 1536w, https:\/\/majipparesor.se\/wp-content\/uploads\/2022\/07\/20220709_124135-scaled.jpg 1920w\" sizes=\"auto, (max-width: 768px) 100vw, 768px\" \/><\/p>\n<p><img loading=\"lazy\" decoding=\"async\" class=\"aligncenter wp-image-30378 size-large\" src=\"https:\/\/majipparesor.se\/wp-content\/uploads\/2022\/07\/20220709_202527-768x1024.jpg\" alt=\"\" width=\"768\" height=\"1024\" srcset=\"https:\/\/majipparesor.se\/wp-content\/uploads\/2022\/07\/20220709_202527-768x1024.jpg 768w, https:\/\/majipparesor.se\/wp-content\/uploads\/2022\/07\/20220709_202527-225x300.jpg 225w, https:\/\/majipparesor.se\/wp-content\/uploads\/2022\/07\/20220709_202527-1152x1536.jpg 1152w, https:\/\/majipparesor.se\/wp-content\/uploads\/2022\/07\/20220709_202527-1536x2048.jpg 1536w, https:\/\/majipparesor.se\/wp-content\/uploads\/2022\/07\/20220709_202527-scaled.jpg 1920w\" sizes=\"auto, (max-width: 768px) 100vw, 768px\" \/><\/p>\n<p><img loading=\"lazy\" decoding=\"async\" class=\"aligncenter wp-image-30381 size-large\" src=\"https:\/\/majipparesor.se\/wp-content\/uploads\/2022\/07\/20220709_153704-1024x768.jpg\" alt=\"\" width=\"800\" height=\"600\" srcset=\"https:\/\/majipparesor.se\/wp-content\/uploads\/2022\/07\/20220709_153704-1024x768.jpg 1024w, https:\/\/majipparesor.se\/wp-content\/uploads\/2022\/07\/20220709_153704-300x225.jpg 300w, https:\/\/majipparesor.se\/wp-content\/uploads\/2022\/07\/20220709_153704-768x576.jpg 768w, https:\/\/majipparesor.se\/wp-content\/uploads\/2022\/07\/20220709_153704-1536x1152.jpg 1536w, https:\/\/majipparesor.se\/wp-content\/uploads\/2022\/07\/20220709_153704-2048x1536.jpg 2048w\" sizes=\"auto, (max-width: 800px) 100vw, 800px\" \/><\/p>\n<p>Genom Moseldalen ligger det b\u00e5de mindre och lite st\u00f6rre byar. I \u00e5r har vi valt att bo i den lite st\u00f6rre orten Bernkastel Kues. vacker och turistisk, men \u00e4nd\u00e5 inte s\u00e5 mycket folk som jag trott.<\/p>\n<p>I Bernkastel Kues finns en pittoresk stadsk\u00e4rna som \u00e4r s\u00e5 mysig att strosa runt i. Vill man ta sig ned till floden ligger den bara ett par meter fr\u00e5n gr\u00e4nderna.<\/p>\n<p><img loading=\"lazy\" decoding=\"async\" class=\"aligncenter wp-image-30380 size-large\" src=\"https:\/\/majipparesor.se\/wp-content\/uploads\/2022\/07\/20220709_154857-scaled-e1657720395445-793x1024.jpg\" alt=\"\" width=\"793\" height=\"1024\" srcset=\"https:\/\/majipparesor.se\/wp-content\/uploads\/2022\/07\/20220709_154857-scaled-e1657720395445-793x1024.jpg 793w, https:\/\/majipparesor.se\/wp-content\/uploads\/2022\/07\/20220709_154857-scaled-e1657720395445-232x300.jpg 232w, https:\/\/majipparesor.se\/wp-content\/uploads\/2022\/07\/20220709_154857-scaled-e1657720395445-768x991.jpg 768w, https:\/\/majipparesor.se\/wp-content\/uploads\/2022\/07\/20220709_154857-scaled-e1657720395445-1190x1536.jpg 1190w, https:\/\/majipparesor.se\/wp-content\/uploads\/2022\/07\/20220709_154857-scaled-e1657720395445-1586x2048.jpg 1586w, https:\/\/majipparesor.se\/wp-content\/uploads\/2022\/07\/20220709_154857-scaled-e1657720395445.jpg 1918w\" sizes=\"auto, (max-width: 793px) 100vw, 793px\" \/><\/p>\n<p><img loading=\"lazy\" decoding=\"async\" class=\"aligncenter wp-image-30379 size-large\" src=\"https:\/\/majipparesor.se\/wp-content\/uploads\/2022\/07\/20220709_202317-943x1024.jpg\" alt=\"\" width=\"800\" height=\"869\" srcset=\"https:\/\/majipparesor.se\/wp-content\/uploads\/2022\/07\/20220709_202317-943x1024.jpg 943w, https:\/\/majipparesor.se\/wp-content\/uploads\/2022\/07\/20220709_202317-276x300.jpg 276w, https:\/\/majipparesor.se\/wp-content\/uploads\/2022\/07\/20220709_202317-768x834.jpg 768w, https:\/\/majipparesor.se\/wp-content\/uploads\/2022\/07\/20220709_202317-1415x1536.jpg 1415w, https:\/\/majipparesor.se\/wp-content\/uploads\/2022\/07\/20220709_202317-1886x2048.jpg 1886w\" sizes=\"auto, (max-width: 800px) 100vw, 800px\" \/><\/p>\n<p><img loading=\"lazy\" decoding=\"async\" class=\"aligncenter wp-image-30377 size-large\" src=\"https:\/\/majipparesor.se\/wp-content\/uploads\/2022\/07\/20220709_220311-863x1024.jpg\" alt=\"\" width=\"800\" height=\"949\" srcset=\"https:\/\/majipparesor.se\/wp-content\/uploads\/2022\/07\/20220709_220311-863x1024.jpg 863w, https:\/\/majipparesor.se\/wp-content\/uploads\/2022\/07\/20220709_220311-253x300.jpg 253w, https:\/\/majipparesor.se\/wp-content\/uploads\/2022\/07\/20220709_220311-768x911.jpg 768w, https:\/\/majipparesor.se\/wp-content\/uploads\/2022\/07\/20220709_220311-1295x1536.jpg 1295w, https:\/\/majipparesor.se\/wp-content\/uploads\/2022\/07\/20220709_220311-1726x2048.jpg 1726w\" sizes=\"auto, (max-width: 800px) 100vw, 800px\" \/><\/p>\n<p><img loading=\"lazy\" decoding=\"async\" class=\"aligncenter wp-image-30404 size-large\" src=\"https:\/\/majipparesor.se\/wp-content\/uploads\/2022\/07\/20220710_103742-1018x1024.jpg\" alt=\"\" width=\"800\" height=\"805\" srcset=\"https:\/\/majipparesor.se\/wp-content\/uploads\/2022\/07\/20220710_103742-1018x1024.jpg 1018w, https:\/\/majipparesor.se\/wp-content\/uploads\/2022\/07\/20220710_103742-298x300.jpg 298w, https:\/\/majipparesor.se\/wp-content\/uploads\/2022\/07\/20220710_103742-150x150.jpg 150w, https:\/\/majipparesor.se\/wp-content\/uploads\/2022\/07\/20220710_103742-768x772.jpg 768w, https:\/\/majipparesor.se\/wp-content\/uploads\/2022\/07\/20220710_103742-1528x1536.jpg 1528w, https:\/\/majipparesor.se\/wp-content\/uploads\/2022\/07\/20220710_103742-2037x2048.jpg 2037w\" sizes=\"auto, (max-width: 800px) 100vw, 800px\" \/><\/p>\n<p>F\u00f6ljande dag tar vi oss vidare genom Moseldalen och tittar in i flera av de byar som ligger utmed v\u00e4gen norrut i dalen. D\u00e5 och d\u00e5 stannar vi till f\u00f6r att spana in vad som d\u00f6ljer sig i gr\u00e4nderna i bland annat i Zell och Cochem.<\/p>\n<p><img loading=\"lazy\" decoding=\"async\" class=\"aligncenter wp-image-30403 size-large\" src=\"https:\/\/majipparesor.se\/wp-content\/uploads\/2022\/07\/20220710_104754-922x1024.jpg\" alt=\"\" width=\"800\" height=\"889\" srcset=\"https:\/\/majipparesor.se\/wp-content\/uploads\/2022\/07\/20220710_104754-922x1024.jpg 922w, https:\/\/majipparesor.se\/wp-content\/uploads\/2022\/07\/20220710_104754-270x300.jpg 270w, https:\/\/majipparesor.se\/wp-content\/uploads\/2022\/07\/20220710_104754-768x853.jpg 768w, https:\/\/majipparesor.se\/wp-content\/uploads\/2022\/07\/20220710_104754-1383x1536.jpg 1383w, https:\/\/majipparesor.se\/wp-content\/uploads\/2022\/07\/20220710_104754-1844x2048.jpg 1844w\" sizes=\"auto, (max-width: 800px) 100vw, 800px\" \/><\/p>\n<p><img loading=\"lazy\" decoding=\"async\" class=\"aligncenter wp-image-30400 size-large\" src=\"https:\/\/majipparesor.se\/wp-content\/uploads\/2022\/07\/20220710_111318-1024x768.jpg\" alt=\"\" width=\"800\" height=\"600\" srcset=\"https:\/\/majipparesor.se\/wp-content\/uploads\/2022\/07\/20220710_111318-1024x768.jpg 1024w, https:\/\/majipparesor.se\/wp-content\/uploads\/2022\/07\/20220710_111318-300x225.jpg 300w, https:\/\/majipparesor.se\/wp-content\/uploads\/2022\/07\/20220710_111318-768x576.jpg 768w, https:\/\/majipparesor.se\/wp-content\/uploads\/2022\/07\/20220710_111318-1536x1152.jpg 1536w, https:\/\/majipparesor.se\/wp-content\/uploads\/2022\/07\/20220710_111318-2048x1536.jpg 2048w\" sizes=\"auto, (max-width: 800px) 100vw, 800px\" \/><\/p>\n<p><img loading=\"lazy\" decoding=\"async\" class=\"aligncenter wp-image-30402 size-large\" src=\"https:\/\/majipparesor.se\/wp-content\/uploads\/2022\/07\/20220710_110622-1024x768.jpg\" alt=\"\" width=\"800\" height=\"600\" srcset=\"https:\/\/majipparesor.se\/wp-content\/uploads\/2022\/07\/20220710_110622-1024x768.jpg 1024w, https:\/\/majipparesor.se\/wp-content\/uploads\/2022\/07\/20220710_110622-300x225.jpg 300w, https:\/\/majipparesor.se\/wp-content\/uploads\/2022\/07\/20220710_110622-768x576.jpg 768w, https:\/\/majipparesor.se\/wp-content\/uploads\/2022\/07\/20220710_110622-1536x1152.jpg 1536w, https:\/\/majipparesor.se\/wp-content\/uploads\/2022\/07\/20220710_110622-2048x1536.jpg 2048w\" sizes=\"auto, (max-width: 800px) 100vw, 800px\" \/><\/p>\n<p style=\"text-align: center;\"><em>Jag \u00e4lskar att kika in i de fantastiska konditorierna som finns \u00f6verallt i Tyskland. Se men inte \u00e4ta, g\u00e4ller f\u00f6r mig.<\/em><\/p>\n<p><img loading=\"lazy\" decoding=\"async\" class=\"aligncenter wp-image-30399 size-large\" src=\"https:\/\/majipparesor.se\/wp-content\/uploads\/2022\/07\/20220710_111447-878x1024.jpg\" alt=\"\" width=\"800\" height=\"933\" srcset=\"https:\/\/majipparesor.se\/wp-content\/uploads\/2022\/07\/20220710_111447-878x1024.jpg 878w, https:\/\/majipparesor.se\/wp-content\/uploads\/2022\/07\/20220710_111447-257x300.jpg 257w, https:\/\/majipparesor.se\/wp-content\/uploads\/2022\/07\/20220710_111447-768x896.jpg 768w, https:\/\/majipparesor.se\/wp-content\/uploads\/2022\/07\/20220710_111447-1317x1536.jpg 1317w, https:\/\/majipparesor.se\/wp-content\/uploads\/2022\/07\/20220710_111447-1755x2048.jpg 1755w\" sizes=\"auto, (max-width: 800px) 100vw, 800px\" \/><\/p>\n<p style=\"text-align: center;\"><em>I varje by finns givetvis en orkester. H\u00e4r \u00e4r en damorkester som det sv\u00e4nger riktigt bra om.<\/em><\/p>\n<p><img loading=\"lazy\" decoding=\"async\" class=\"aligncenter wp-image-30398 size-large\" src=\"https:\/\/majipparesor.se\/wp-content\/uploads\/2022\/07\/20220710_161420-1024x752.jpg\" alt=\"\" width=\"800\" height=\"588\" srcset=\"https:\/\/majipparesor.se\/wp-content\/uploads\/2022\/07\/20220710_161420-1024x752.jpg 1024w, https:\/\/majipparesor.se\/wp-content\/uploads\/2022\/07\/20220710_161420-300x220.jpg 300w, https:\/\/majipparesor.se\/wp-content\/uploads\/2022\/07\/20220710_161420-768x564.jpg 768w, https:\/\/majipparesor.se\/wp-content\/uploads\/2022\/07\/20220710_161420-1536x1127.jpg 1536w, https:\/\/majipparesor.se\/wp-content\/uploads\/2022\/07\/20220710_161420-2048x1503.jpg 2048w\" sizes=\"auto, (max-width: 800px) 100vw, 800px\" \/><\/p>\n<p>L\u00e4nge har jag \u00f6nskat att ta mig till W\u00fcrzburg, som \u00e4r starten p\u00e5 temav\u00e4gen, Romatische strasse, &#8221;<em>Romantiska v\u00e4gen<\/em>&#8221; om man kommer norrifr\u00e5n. Egentligen har vi varit h\u00e4r en g\u00e5ng tidigare men d\u00e5 var vi inriktade p\u00e5 att k\u00f6ra just Romantische strasse att vi inte hann se n\u00e4rmare p\u00e5 staden. Nu har vi till och med bokat in oss f\u00f6r en \u00f6vernattning i staden f\u00f6r att se oss omkring ordentligt.<\/p>\n<p>Den mest imponerande byggnaden i W\u00fcrzburg m\u00e5ste vara\u00a0 Residenset Palatset, ett barockpalats som tillh\u00f6rde furstbiskoparna av W\u00fcrzburg. Det \u00e4r sedan 1981 uppsatt p\u00e5 UNESCOS v\u00e4rldsarvslista.<\/p>\n<p><img loading=\"lazy\" decoding=\"async\" class=\"aligncenter wp-image-30397 size-large\" src=\"https:\/\/majipparesor.se\/wp-content\/uploads\/2022\/07\/20220710_164845-839x1024.jpg\" alt=\"\" width=\"800\" height=\"976\" srcset=\"https:\/\/majipparesor.se\/wp-content\/uploads\/2022\/07\/20220710_164845-839x1024.jpg 839w, https:\/\/majipparesor.se\/wp-content\/uploads\/2022\/07\/20220710_164845-246x300.jpg 246w, https:\/\/majipparesor.se\/wp-content\/uploads\/2022\/07\/20220710_164845-768x938.jpg 768w, https:\/\/majipparesor.se\/wp-content\/uploads\/2022\/07\/20220710_164845-1258x1536.jpg 1258w, https:\/\/majipparesor.se\/wp-content\/uploads\/2022\/07\/20220710_164845-1677x2048.jpg 1677w\" sizes=\"auto, (max-width: 800px) 100vw, 800px\" \/><\/p>\n<p style=\"text-align: center;\"><em>Efter en varm sightseeingtur \u00e4r det gott med en \u00f6l av den inhemska sorten.<\/em><\/p>\n<p>I W\u00fcrzburg finns flera sev\u00e4rdheter som \u00e4r intressanta att se n\u00e4rmare p\u00e5. P\u00e5 promenadavst\u00e5nd hinner vi se en hel del av den inre stadsdelen eller Altstadt. H\u00f6gt \u00f6ver staden tronar Marienbergs f\u00e4stning, men lite lata, orkar vi inte ta oss dit, vi beundrar ist\u00e4llet f\u00e4stningen fr\u00e5n staden.<\/p>\n<p><img loading=\"lazy\" decoding=\"async\" class=\"aligncenter wp-image-30406 size-large\" src=\"https:\/\/majipparesor.se\/wp-content\/uploads\/2022\/07\/20220710_164328-1024x939.jpg\" alt=\"\" width=\"800\" height=\"734\" srcset=\"https:\/\/majipparesor.se\/wp-content\/uploads\/2022\/07\/20220710_164328-1024x939.jpg 1024w, https:\/\/majipparesor.se\/wp-content\/uploads\/2022\/07\/20220710_164328-300x275.jpg 300w, https:\/\/majipparesor.se\/wp-content\/uploads\/2022\/07\/20220710_164328-768x705.jpg 768w, https:\/\/majipparesor.se\/wp-content\/uploads\/2022\/07\/20220710_164328-1536x1409.jpg 1536w, https:\/\/majipparesor.se\/wp-content\/uploads\/2022\/07\/20220710_164328-2048x1879.jpg 2048w\" sizes=\"auto, (max-width: 800px) 100vw, 800px\" \/><\/p>\n<p>Allt har sitt slut och trots att vi nog g\u00e4rna skulle vilja resa \u00e4nnu mer ute i Europa \u00e4r det dags att ta oss hem\u00e5t. Vi har till viss del varit f\u00f6rskonade fr\u00e5n k\u00f6er under \u00e5rets bilresa, f\u00f6rutom d\u00e5 de f\u00f6rsta dagarna i norra Tyskland. N\u00e5gra mer ih\u00e5llande k\u00f6er drabbades vi av utanf\u00f6r storst\u00e4derna Z\u00fcrich och Basel. Och som p\u00e5 best\u00e4llning v\u00e5r n\u00e4st sista dag i Tyskland \u00e4r det dags igen. N\u00e5gon timme extra blir d\u00e5 resv\u00e4gen, men det \u00e4r s\u00e5dant man f\u00e5r man r\u00e4kna med p\u00e5 en roadtrip i Europa.<\/p>\n<p>V\u00e5rt sista stopp blir i L\u00fcbeck som vi stannat till i ett flertal g\u00e5nger genom \u00e5ren. Kanske inte v\u00e4rldens roligaste stad, men trevlig f\u00f6r en kv\u00e4ll att strosa runt i.<\/p>\n<p><img loading=\"lazy\" decoding=\"async\" class=\"aligncenter wp-image-30395 size-large\" src=\"https:\/\/majipparesor.se\/wp-content\/uploads\/2022\/07\/20220711_174509-1024x742.jpg\" alt=\"\" width=\"800\" height=\"580\" srcset=\"https:\/\/majipparesor.se\/wp-content\/uploads\/2022\/07\/20220711_174509-1024x742.jpg 1024w, https:\/\/majipparesor.se\/wp-content\/uploads\/2022\/07\/20220711_174509-300x217.jpg 300w, https:\/\/majipparesor.se\/wp-content\/uploads\/2022\/07\/20220711_174509-768x556.jpg 768w, https:\/\/majipparesor.se\/wp-content\/uploads\/2022\/07\/20220711_174509-1536x1112.jpg 1536w, https:\/\/majipparesor.se\/wp-content\/uploads\/2022\/07\/20220711_174509-2048x1483.jpg 2048w\" sizes=\"auto, (max-width: 800px) 100vw, 800px\" \/><\/p>\n<ul class='related_post'><li><\/li><\/ul>","protected":false},"excerpt":{"rendered":"<p>Under ett par veckors tid har vi bilat s\u00f6derut genom Europa och bekantat oss framf\u00f6r allt med Balkan. Vi har<\/p>\n","protected":false},"author":1,"featured_media":30401,"comment_status":"open","ping_status":"open","sticky":false,"template":"","format":"standard","meta":{"colormag_page_container_layout":"default_layout","colormag_page_sidebar_layout":"default_layout","om_disable_all_campaigns":false,"_monsterinsights_skip_tracking":false,"_monsterinsights_sitenote_active":false,"_monsterinsights_sitenote_note":"","_monsterinsights_sitenote_category":0,"_uf_show_specific_survey":0,"_uf_disable_surveys":false,"footnotes":""},"categories":[68,59,69,23],"tags":[],"class_list":["post-30392","post","type-post","status-publish","format-standard","has-post-thumbnail","hentry","category-bilresa-europa-2018","category-frankrike","category-osterrike","category-tyskland"],"aioseo_notices":[],"_links":{"self":[{"href":"https:\/\/majipparesor.se\/index.php?rest_route=\/wp\/v2\/posts\/30392","targetHints":{"allow":["GET"]}}],"collection":[{"href":"https:\/\/majipparesor.se\/index.php?rest_route=\/wp\/v2\/posts"}],"about":[{"href":"https:\/\/majipparesor.se\/index.php?rest_route=\/wp\/v2\/types\/post"}],"author":[{"embeddable":true,"href":"https:\/\/majipparesor.se\/index.php?rest_route=\/wp\/v2\/users\/1"}],"replies":[{"embeddable":true,"href":"https:\/\/majipparesor.se\/index.php?rest_route=%2Fwp%2Fv2%2Fcomments&post=30392"}],"version-history":[{"count":16,"href":"https:\/\/majipparesor.se\/index.php?rest_route=\/wp\/v2\/posts\/30392\/revisions"}],"predecessor-version":[{"id":48736,"href":"https:\/\/majipparesor.se\/index.php?rest_route=\/wp\/v2\/posts\/30392\/revisions\/48736"}],"wp:featuredmedia":[{"embeddable":true,"href":"https:\/\/majipparesor.se\/index.php?rest_route=\/wp\/v2\/media\/30401"}],"wp:attachment":[{"href":"https:\/\/majipparesor.se\/index.php?rest_route=%2Fwp%2Fv2%2Fmedia&parent=30392"}],"wp:term":[{"taxonomy":"category","embeddable":true,"href":"https:\/\/majipparesor.se\/index.php?rest_route=%2Fwp%2Fv2%2Fcategories&post=30392"},{"taxonomy":"post_tag","embeddable":true,"href":"https:\/\/majipparesor.se\/index.php?rest_route=%2Fwp%2Fv2%2Ftags&post=30392"}],"curies":[{"name":"wp","href":"https:\/\/api.w.org\/{rel}","templated":true}]}}