{"id":33607,"date":"2023-01-30T05:04:20","date_gmt":"2023-01-30T05:04:20","guid":{"rendered":"https:\/\/majipparesor.se\/?p=33607"},"modified":"2026-04-22T16:55:47","modified_gmt":"2026-04-22T16:55:47","slug":"laholm-halmstad-och-hylte-tre-kommuner-i-halland","status":"publish","type":"post","link":"https:\/\/majipparesor.se\/?p=33607","title":{"rendered":"Laholm, Halmstad och Hylte &#8211; Tre kommuner i Halland"},"content":{"rendered":"<p data-start=\"108\" data-end=\"279\"><strong>Under v\u00e5ra kommunbes\u00f6k i Hallands l\u00e4n bes\u00f6ker vi Laholm, Halmstad och Hylte kommun \u2013 tre platser som tillsammans g\u00f6r att vi till slut kan bocka av hela l\u00e4net.<\/strong><\/p>\n<p data-start=\"108\" data-end=\"279\">Hallands l\u00e4n kan mycket v\u00e4l ha n\u00e5gra av Sveriges b\u00e4sta str\u00e4nder. Det m\u00e4rker vi direkt n\u00e4r vi l\u00e4mnar Sk\u00e5ne och forts\u00e4tter norrut p\u00e5 E6:an. Redan p\u00e5 avst\u00e5nd skymtar havet, och k\u00e4nslan \u00e4r att dagens bes\u00f6k kommer att bli extra intressanta.<\/p>\n<p data-start=\"532\" data-end=\"845\">Vi p\u00e5b\u00f6rjar v\u00e5ra kommunbes\u00f6k i Halland s\u00f6derifr\u00e5n. Strax efter Sk\u00e5nes l\u00e4nsgr\u00e4ns, norr om B\u00e5stad, l\u00e4mnar vi motorv\u00e4gen f\u00f6r v\u00e5rt f\u00f6rsta stopp i Laholms kommun. D\u00e4refter forts\u00e4tter vi norrut l\u00e4ngs E6:an till Halmstads kommun, innan vi sv\u00e4nger in\u00e5t landet f\u00f6r att avsluta i Hylte kommun, Hallands enda inlandskommun.<\/p>\n<p data-start=\"847\" data-end=\"926\">Efter dessa tre stopp kan vi slutligen bocka av Hallands samtliga sex kommuner.<\/p>\n<p><img loading=\"lazy\" decoding=\"async\" class=\"aligncenter wp-image-33640 size-large\" src=\"https:\/\/majipparesor.se\/wp-content\/uploads\/2023\/01\/20221105_093922-1024x768.jpg\" alt=\"\" width=\"800\" height=\"600\" srcset=\"https:\/\/majipparesor.se\/wp-content\/uploads\/2023\/01\/20221105_093922-1024x768.jpg 1024w, https:\/\/majipparesor.se\/wp-content\/uploads\/2023\/01\/20221105_093922-300x225.jpg 300w, https:\/\/majipparesor.se\/wp-content\/uploads\/2023\/01\/20221105_093922-768x576.jpg 768w, https:\/\/majipparesor.se\/wp-content\/uploads\/2023\/01\/20221105_093922-1536x1152.jpg 1536w, https:\/\/majipparesor.se\/wp-content\/uploads\/2023\/01\/20221105_093922-2048x1536.jpg 2048w\" sizes=\"auto, (max-width: 800px) 100vw, 800px\" \/><\/p>\n<p><strong>Laholms kommun<\/strong><\/p>\n<p>Konstigt nog har vi aldrig varit intresserade av att bes\u00f6ka Laholm trots att det ligger med ett perfekt l\u00e4ge i Laholmsbukten. Str\u00e4nderna \u00e4r rentav Sveriges absolut b\u00e4sta, men vi har nog inte lyssnat p\u00e5 det \u00f6rat. Med dagens bes\u00f6k i Laholm \u00e4r jag s\u00e5 glad att vi bes\u00f6ker Sveriges alla kommuner och d\u00e5 f\u00e5r m\u00f6jlighet att bekanta oss med platser som vi tidigare inte trott vara n\u00e5got att uppleva.<\/p>\n<p>Det \u00e4r allts\u00e5 h\u00f6g tid att bes\u00f6ka Laholms kommun och vi b\u00f6rjar i centralorten, Laholm, som ligger en bit \u00f6ster om motorv\u00e4gen. Och v\u00e5rt bes\u00f6k i Laholm blir en riktigt \u00f6verraskning.<\/p>\n<p><img loading=\"lazy\" decoding=\"async\" class=\"aligncenter wp-image-33632 size-large\" src=\"https:\/\/majipparesor.se\/wp-content\/uploads\/2023\/01\/20221105_100214-934x1024.jpg\" alt=\"\" width=\"800\" height=\"877\" srcset=\"https:\/\/majipparesor.se\/wp-content\/uploads\/2023\/01\/20221105_100214-934x1024.jpg 934w, https:\/\/majipparesor.se\/wp-content\/uploads\/2023\/01\/20221105_100214-274x300.jpg 274w, https:\/\/majipparesor.se\/wp-content\/uploads\/2023\/01\/20221105_100214-768x842.jpg 768w, https:\/\/majipparesor.se\/wp-content\/uploads\/2023\/01\/20221105_100214-1401x1536.jpg 1401w, https:\/\/majipparesor.se\/wp-content\/uploads\/2023\/01\/20221105_100214-1868x2048.jpg 1868w\" sizes=\"auto, (max-width: 800px) 100vw, 800px\" \/><\/p>\n<p><strong>Lite historia<\/strong><\/p>\n<p>Laholm \u00e4r Hallands \u00e4ldsta stad och har en dramatisk historia. Man fick stadsprivilegier p\u00e5 1200-talet och d\u00e5 var omr\u00e5det p\u00e5 norra sidan av Lagan handelsplats medan s\u00f6dra sidan bestod av kyrka och b\u00f6rjan till bebyggelse. Under kommande sekler var Laholm ett gr\u00e4nsland mellan Danmark och Sverige. Krigen avl\u00f6ste varandra och f\u00f6rst \u00e5r 1658, med freden i Roskilde, s\u00e4krades Laholm med omnejd till Sverige.<\/p>\n<p><img loading=\"lazy\" decoding=\"async\" class=\"aligncenter wp-image-33633 size-large\" src=\"https:\/\/majipparesor.se\/wp-content\/uploads\/2023\/01\/20221105_100135-768x1024.jpg\" alt=\"\" width=\"768\" height=\"1024\" srcset=\"https:\/\/majipparesor.se\/wp-content\/uploads\/2023\/01\/20221105_100135-768x1024.jpg 768w, https:\/\/majipparesor.se\/wp-content\/uploads\/2023\/01\/20221105_100135-225x300.jpg 225w, https:\/\/majipparesor.se\/wp-content\/uploads\/2023\/01\/20221105_100135-1152x1536.jpg 1152w, https:\/\/majipparesor.se\/wp-content\/uploads\/2023\/01\/20221105_100135-1536x2048.jpg 1536w, https:\/\/majipparesor.se\/wp-content\/uploads\/2023\/01\/20221105_100135-scaled.jpg 1920w\" sizes=\"auto, (max-width: 768px) 100vw, 768px\" \/><\/p>\n<p>P\u00e5 1800-talet fick man bland annat ett effektivare jordbruk som delvis gav b\u00e4ttre levnadsf\u00f6rh\u00e5llanden. Med vattenkraftens utbyggnad kring Lagan p\u00e5 1900-talet kom ocks\u00e5 m\u00f6jlighet till el som gav belysning och energi till f\u00f6retagen samt sm\u00e5industrierna. Fler arbetstillf\u00e4llen skapades och orterna kring kraftverken v\u00e4xte sig starkare liksom Laholms stad.<\/p>\n<p>Idag bor det det cirka 26 319 inv\u00e5nare i kommunen.<\/p>\n<p><img loading=\"lazy\" decoding=\"async\" class=\"aligncenter wp-image-33634 size-large\" src=\"https:\/\/majipparesor.se\/wp-content\/uploads\/2023\/01\/20221105_095937-768x1024.jpg\" alt=\"\" width=\"768\" height=\"1024\" srcset=\"https:\/\/majipparesor.se\/wp-content\/uploads\/2023\/01\/20221105_095937-768x1024.jpg 768w, https:\/\/majipparesor.se\/wp-content\/uploads\/2023\/01\/20221105_095937-225x300.jpg 225w, https:\/\/majipparesor.se\/wp-content\/uploads\/2023\/01\/20221105_095937-1152x1536.jpg 1152w, https:\/\/majipparesor.se\/wp-content\/uploads\/2023\/01\/20221105_095937-1536x2048.jpg 1536w, https:\/\/majipparesor.se\/wp-content\/uploads\/2023\/01\/20221105_095937-scaled.jpg 1920w\" sizes=\"auto, (max-width: 768px) 100vw, 768px\" \/><\/p>\n<p><img loading=\"lazy\" decoding=\"async\" class=\"aligncenter wp-image-33636 size-large\" src=\"https:\/\/majipparesor.se\/wp-content\/uploads\/2023\/01\/20221105_094700-1024x839.jpg\" alt=\"\" width=\"800\" height=\"655\" srcset=\"https:\/\/majipparesor.se\/wp-content\/uploads\/2023\/01\/20221105_094700-1024x839.jpg 1024w, https:\/\/majipparesor.se\/wp-content\/uploads\/2023\/01\/20221105_094700-300x246.jpg 300w, https:\/\/majipparesor.se\/wp-content\/uploads\/2023\/01\/20221105_094700-768x630.jpg 768w, https:\/\/majipparesor.se\/wp-content\/uploads\/2023\/01\/20221105_094700-1536x1259.jpg 1536w, https:\/\/majipparesor.se\/wp-content\/uploads\/2023\/01\/20221105_094700-2048x1679.jpg 2048w\" sizes=\"auto, (max-width: 800px) 100vw, 800px\" \/><\/p>\n<p><strong>V\u00e5rt bes\u00f6k i Laholms kommun<\/strong><\/p>\n<p>Vi blir sm\u00e5tt f\u00f6rtjusta i Laholms lilla s\u00f6ta stadsk\u00e4rna. S\u00e5 pittoresk och charmig. Vi \u00e4r tidigt ute p\u00e5 f\u00f6rmiddagen och tar oss en rej\u00e4l promenad runt p\u00e5 stadens kullerstensgator. Vi hamnar f\u00f6rst\u00e5s p\u00e5 Stortorget d\u00e4r det finns flera fina byggnader d\u00e4ribland Laholms r\u00e5dhus.<\/p>\n<p><img loading=\"lazy\" decoding=\"async\" class=\"aligncenter wp-image-33639 size-large\" src=\"https:\/\/majipparesor.se\/wp-content\/uploads\/2023\/01\/20221105_093950-1024x768.jpg\" alt=\"\" width=\"800\" height=\"600\" srcset=\"https:\/\/majipparesor.se\/wp-content\/uploads\/2023\/01\/20221105_093950-1024x768.jpg 1024w, https:\/\/majipparesor.se\/wp-content\/uploads\/2023\/01\/20221105_093950-300x225.jpg 300w, https:\/\/majipparesor.se\/wp-content\/uploads\/2023\/01\/20221105_093950-768x576.jpg 768w, https:\/\/majipparesor.se\/wp-content\/uploads\/2023\/01\/20221105_093950-1536x1152.jpg 1536w, https:\/\/majipparesor.se\/wp-content\/uploads\/2023\/01\/20221105_093950-2048x1536.jpg 2048w\" sizes=\"auto, (max-width: 800px) 100vw, 800px\" \/><\/p>\n<p><strong>R\u00e5dhuset i Laholm<\/strong><\/p>\n<p data-start=\"124\" data-end=\"434\">R\u00e5dhuset i Laholm har en l\u00e5ng och h\u00e4ndelserik historia, inte minst fr\u00e5n den tid d\u00e5 Laholmsborna v\u00e4xlade mellan att vara danskar och svenskar. Med freden i Roskilde 1658 blev omr\u00e5det definitivt svenskt, \u00e4ven om strider fortsatte i regionen fram till 1676, d\u00e5 det sista slaget stod vid Fyllebro utanf\u00f6r Halmstad.<\/p>\n<p><img loading=\"lazy\" decoding=\"async\" class=\"aligncenter wp-image-33642 size-large\" src=\"https:\/\/majipparesor.se\/wp-content\/uploads\/2023\/01\/20221105_093845-1024x692.jpg\" alt=\"\" width=\"800\" height=\"541\" srcset=\"https:\/\/majipparesor.se\/wp-content\/uploads\/2023\/01\/20221105_093845-1024x692.jpg 1024w, https:\/\/majipparesor.se\/wp-content\/uploads\/2023\/01\/20221105_093845-300x203.jpg 300w, https:\/\/majipparesor.se\/wp-content\/uploads\/2023\/01\/20221105_093845-768x519.jpg 768w, https:\/\/majipparesor.se\/wp-content\/uploads\/2023\/01\/20221105_093845-1536x1038.jpg 1536w, https:\/\/majipparesor.se\/wp-content\/uploads\/2023\/01\/20221105_093845-2048x1383.jpg 2048w\" sizes=\"auto, (max-width: 800px) 100vw, 800px\" \/><\/p>\n<p data-start=\"436\" data-end=\"760\">R\u00e5dhusen i Laholm har flera g\u00e5nger br\u00e4nts eller plundrats, och under l\u00e5nga perioder stod staden helt utan r\u00e5dhus. P\u00e5 1700-talet beslutades d\u00e4rf\u00f6r att ett nytt r\u00e5dhus skulle byggas. Lagom till julen 1794 kunde borgm\u00e4stare Samuel Corin inviga byggnaden, som snabbt blev en stolthet i den lilla staden med omkring 900 inv\u00e5nare.<\/p>\n<p data-start=\"762\" data-end=\"1188\" data-is-last-node=\"\" data-is-only-node=\"\">Under m\u00e5nga \u00e5r fungerade r\u00e5dhuset som b\u00e5de arbetsplats f\u00f6r borgm\u00e4staren och stadens polis. N\u00e4r polisen flyttade till ett nytt polishus 1961 tog brandchefen \u00f6ver lokalerna 1966 och stannade d\u00e4r fram till 1982. \u00c4ven vissa kommunala tj\u00e4nstem\u00e4n hade sina arbetsplatser h\u00e4r, men efter kommunsammanslagningen 1971\u20131974 flyttade de ut. Lokalerna gjordes d\u00e5 om till turistbyr\u00e5, medan kommunhuset flyttades till en annan del av staden.<\/p>\n<p><img loading=\"lazy\" decoding=\"async\" class=\"aligncenter wp-image-33635 size-large\" src=\"https:\/\/majipparesor.se\/wp-content\/uploads\/2023\/01\/20221105_094720-881x1024.jpg\" alt=\"\" width=\"800\" height=\"930\" srcset=\"https:\/\/majipparesor.se\/wp-content\/uploads\/2023\/01\/20221105_094720-881x1024.jpg 881w, https:\/\/majipparesor.se\/wp-content\/uploads\/2023\/01\/20221105_094720-258x300.jpg 258w, https:\/\/majipparesor.se\/wp-content\/uploads\/2023\/01\/20221105_094720-768x893.jpg 768w, https:\/\/majipparesor.se\/wp-content\/uploads\/2023\/01\/20221105_094720-1321x1536.jpg 1321w, https:\/\/majipparesor.se\/wp-content\/uploads\/2023\/01\/20221105_094720-1762x2048.jpg 1762w\" sizes=\"auto, (max-width: 800px) 100vw, 800px\" \/><\/p>\n<p style=\"text-align: center;\"><em>Fikabr\u00f6d ska k\u00f6pas i p\u00e5 Cecil i Laholm.<\/em><\/p>\n<p><img loading=\"lazy\" decoding=\"async\" class=\"aligncenter wp-image-33638 size-large\" src=\"https:\/\/majipparesor.se\/wp-content\/uploads\/2023\/01\/20221105_094124-932x1024.jpg\" alt=\"\" width=\"800\" height=\"879\" srcset=\"https:\/\/majipparesor.se\/wp-content\/uploads\/2023\/01\/20221105_094124-932x1024.jpg 932w, https:\/\/majipparesor.se\/wp-content\/uploads\/2023\/01\/20221105_094124-273x300.jpg 273w, https:\/\/majipparesor.se\/wp-content\/uploads\/2023\/01\/20221105_094124-768x844.jpg 768w, https:\/\/majipparesor.se\/wp-content\/uploads\/2023\/01\/20221105_094124-1397x1536.jpg 1397w, https:\/\/majipparesor.se\/wp-content\/uploads\/2023\/01\/20221105_094124-1863x2048.jpg 1863w, https:\/\/majipparesor.se\/wp-content\/uploads\/2023\/01\/20221105_094124.jpg 2015w\" sizes=\"auto, (max-width: 800px) 100vw, 800px\" \/><\/p>\n<p><strong>Stadshotellet<\/strong><\/p>\n<p>N\u00e4r utvecklingen av industrin och \u00e4ven j\u00e4rnv\u00e4gens blev allt viktigare fick Laholm en st\u00f6rre betydelse och det gamla g\u00e4stgiveriet revs och ett nytt hotell byggdes p\u00e5 samma plats. Stadshotellet invigdes den 11 december 1882.<\/p>\n<p>Hotellet har under \u00e5rens lopp renoverats flera g\u00e5nger. Runt 1970 sl\u00e4ngdes mycket av de gamla bort men en av alla vackra spegeld\u00f6rrar som tidigare funnits hade gl\u00f6mts kvar p\u00e5 vinden. N\u00e4r hotellet renoverades under 2000-talet anv\u00e4ndes den bortgl\u00f6mda d\u00f6rren som modell f\u00f6r alla de nytillverkade d\u00f6rrarna som nu ska pryda hotellet.<\/p>\n<p>N\u00e4r vi ser hotellet blir vi lite sugna att stanna h\u00e4r f\u00f6r en \u00f6vernattning. Det kan kanske passa bra till sommaren n\u00e4r det m\u00e5ste vara perfekt att \u00e4ven bes\u00f6ka de fina str\u00e4nderna som finns i kommunen.<\/p>\n<p><img loading=\"lazy\" decoding=\"async\" class=\"aligncenter wp-image-33654 size-large\" src=\"https:\/\/majipparesor.se\/wp-content\/uploads\/2023\/01\/20221105_093300-1024x838.jpg\" alt=\"\" width=\"800\" height=\"655\" srcset=\"https:\/\/majipparesor.se\/wp-content\/uploads\/2023\/01\/20221105_093300-1024x838.jpg 1024w, https:\/\/majipparesor.se\/wp-content\/uploads\/2023\/01\/20221105_093300-300x245.jpg 300w, https:\/\/majipparesor.se\/wp-content\/uploads\/2023\/01\/20221105_093300-768x628.jpg 768w, https:\/\/majipparesor.se\/wp-content\/uploads\/2023\/01\/20221105_093300-1536x1257.jpg 1536w, https:\/\/majipparesor.se\/wp-content\/uploads\/2023\/01\/20221105_093300-2048x1676.jpg 2048w\" sizes=\"auto, (max-width: 800px) 100vw, 800px\" \/><\/p>\n<p style=\"text-align: center;\"><em>Vi bes\u00f6ker givetvis kommunhuset i Laholm som finns i stadshuset.<\/em><\/p>\n<p><img loading=\"lazy\" decoding=\"async\" class=\"aligncenter wp-image-33653 size-large\" src=\"https:\/\/majipparesor.se\/wp-content\/uploads\/2023\/01\/20221105_093400-874x1024.jpg\" alt=\"\" width=\"800\" height=\"937\" srcset=\"https:\/\/majipparesor.se\/wp-content\/uploads\/2023\/01\/20221105_093400-874x1024.jpg 874w, https:\/\/majipparesor.se\/wp-content\/uploads\/2023\/01\/20221105_093400-256x300.jpg 256w, https:\/\/majipparesor.se\/wp-content\/uploads\/2023\/01\/20221105_093400-768x899.jpg 768w, https:\/\/majipparesor.se\/wp-content\/uploads\/2023\/01\/20221105_093400-1311x1536.jpg 1311w, https:\/\/majipparesor.se\/wp-content\/uploads\/2023\/01\/20221105_093400-1749x2048.jpg 1749w\" sizes=\"auto, (max-width: 800px) 100vw, 800px\" \/><\/p>\n<p style=\"text-align: center;\"><em>Laholms kommunvapen<\/em><\/p>\n<p><img loading=\"lazy\" decoding=\"async\" class=\"aligncenter wp-image-32768 size-large\" src=\"https:\/\/majipparesor.se\/wp-content\/uploads\/2022\/11\/20221105_101957-994x1024.jpg\" alt=\"\" width=\"800\" height=\"824\" srcset=\"https:\/\/majipparesor.se\/wp-content\/uploads\/2022\/11\/20221105_101957-994x1024.jpg 994w, https:\/\/majipparesor.se\/wp-content\/uploads\/2022\/11\/20221105_101957-291x300.jpg 291w, https:\/\/majipparesor.se\/wp-content\/uploads\/2022\/11\/20221105_101957-768x791.jpg 768w, https:\/\/majipparesor.se\/wp-content\/uploads\/2022\/11\/20221105_101957-1491x1536.jpg 1491w, https:\/\/majipparesor.se\/wp-content\/uploads\/2022\/11\/20221105_101957-1989x2048.jpg 1989w\" sizes=\"auto, (max-width: 800px) 100vw, 800px\" \/><\/p>\n<p><strong>Laholmsbukten<\/strong><\/p>\n<p>Solen lyser upp himmel och hav precis n\u00e4r vi kommer fram till h\u00f6jdpunkten i Laholms kommun, Mellbystrand. En fantastisk sandstrand med ett d\u00e5nande hav i Laholmsbukten. Att vi aldrig varit h\u00e4r \u00e4r n\u00e4ra nog en skandal. Stranden klassas som en av Sveriges absolut b\u00e4sta. Vi kan bara h\u00e5lla med.<\/p>\n<p>Laholmsbukten ligger\u00a0mellan\u00a0Tyl\u00f6sand\u00a0i norr och\u00a0Hovs hallar\u00a0p\u00e5\u00a0Bj\u00e4rehalv\u00f6n\u00a0i s\u00f6der.<sup id=\"cite_ref-ne_1-0\" class=\"reference\"><\/sup> L\u00e4ngs Laholmsbukten ligger flera badorter, d\u00e4ribland Mellbystrand som vi bes\u00f6ker.<\/p>\n<p><img loading=\"lazy\" decoding=\"async\" class=\"aligncenter wp-image-33631 size-large\" src=\"https:\/\/majipparesor.se\/wp-content\/uploads\/2023\/01\/20221105_101822-768x1024.jpg\" alt=\"\" width=\"768\" height=\"1024\" srcset=\"https:\/\/majipparesor.se\/wp-content\/uploads\/2023\/01\/20221105_101822-768x1024.jpg 768w, https:\/\/majipparesor.se\/wp-content\/uploads\/2023\/01\/20221105_101822-225x300.jpg 225w, https:\/\/majipparesor.se\/wp-content\/uploads\/2023\/01\/20221105_101822-1152x1536.jpg 1152w, https:\/\/majipparesor.se\/wp-content\/uploads\/2023\/01\/20221105_101822-1536x2048.jpg 1536w, https:\/\/majipparesor.se\/wp-content\/uploads\/2023\/01\/20221105_101822-scaled.jpg 1920w\" sizes=\"auto, (max-width: 768px) 100vw, 768px\" \/><\/p>\n<p><img loading=\"lazy\" decoding=\"async\" class=\"aligncenter wp-image-33630 size-large\" src=\"https:\/\/majipparesor.se\/wp-content\/uploads\/2023\/01\/20221105_101734-1024x1011.jpg\" alt=\"\" width=\"800\" height=\"790\" srcset=\"https:\/\/majipparesor.se\/wp-content\/uploads\/2023\/01\/20221105_101734-1024x1011.jpg 1024w, https:\/\/majipparesor.se\/wp-content\/uploads\/2023\/01\/20221105_101734-300x296.jpg 300w, https:\/\/majipparesor.se\/wp-content\/uploads\/2023\/01\/20221105_101734-768x759.jpg 768w, https:\/\/majipparesor.se\/wp-content\/uploads\/2023\/01\/20221105_101734-1536x1517.jpg 1536w, https:\/\/majipparesor.se\/wp-content\/uploads\/2023\/01\/20221105_101734-2048x2023.jpg 2048w\" sizes=\"auto, (max-width: 800px) 100vw, 800px\" \/><\/p>\n<p><img loading=\"lazy\" decoding=\"async\" class=\"aligncenter wp-image-33629 size-large\" src=\"https:\/\/majipparesor.se\/wp-content\/uploads\/2023\/01\/20221105_101848-1024x768.jpg\" alt=\"\" width=\"800\" height=\"600\" srcset=\"https:\/\/majipparesor.se\/wp-content\/uploads\/2023\/01\/20221105_101848-1024x768.jpg 1024w, https:\/\/majipparesor.se\/wp-content\/uploads\/2023\/01\/20221105_101848-300x225.jpg 300w, https:\/\/majipparesor.se\/wp-content\/uploads\/2023\/01\/20221105_101848-768x576.jpg 768w, https:\/\/majipparesor.se\/wp-content\/uploads\/2023\/01\/20221105_101848-1536x1152.jpg 1536w, https:\/\/majipparesor.se\/wp-content\/uploads\/2023\/01\/20221105_101848-2048x1536.jpg 2048w\" sizes=\"auto, (max-width: 800px) 100vw, 800px\" \/><\/p>\n<p>Kanske skulle man kunna vandra l\u00e4ngs stranden till n\u00e4sta kommun, Halmstad? D\u00e5 jag tittar efter vandringsleder i landskapet Halland finns det ganska m\u00e5nga att v\u00e4lja p\u00e5. Om man till exempel vandrar Hallandsleden kan man v\u00e4lja s\u00f6dra delleden som g\u00e5r genom Laholm och Halmstad, men vad jag f\u00f6rst\u00e5r g\u00e5r den inte raka v\u00e4gen p\u00e5 stranden.<\/p>\n<p><img loading=\"lazy\" decoding=\"async\" class=\"aligncenter wp-image-33620 size-large\" src=\"https:\/\/majipparesor.se\/wp-content\/uploads\/2023\/01\/20221105_111245-997x1024.jpg\" alt=\"\" width=\"800\" height=\"822\" srcset=\"https:\/\/majipparesor.se\/wp-content\/uploads\/2023\/01\/20221105_111245-997x1024.jpg 997w, https:\/\/majipparesor.se\/wp-content\/uploads\/2023\/01\/20221105_111245-292x300.jpg 292w, https:\/\/majipparesor.se\/wp-content\/uploads\/2023\/01\/20221105_111245-768x789.jpg 768w, https:\/\/majipparesor.se\/wp-content\/uploads\/2023\/01\/20221105_111245.jpg 1085w\" sizes=\"auto, (max-width: 800px) 100vw, 800px\" \/><\/p>\n<p><strong>Halmstads kommun<\/strong><\/p>\n<p>\u00c4ven om vi g\u00e4rna hade stannat en stund vid den vackra Laholmsbukten tar vi bilen och forts\u00e4tter till n\u00e4sta kommun, Halmstad. \u00c4nnu en mycket trevlig och perfekt kommun att bes\u00f6ka sommartid. Tyv\u00e4rr \u00e4r det ju inte sommar j\u00e4mt i Sverige men vissa kommuner \u00e4r som gjorda att bes\u00f6ka just p\u00e5 sommaren. Lite smolkigt \u00e4r det att vi g\u00f6r v\u00e5rt bes\u00f6k i november m\u00e5nad, men centralorten Halmstad visar sig \u00e4nd\u00e5 fr\u00e5n en trevlig sida med ett par svaga solglimtar.<\/p>\n<p><img loading=\"lazy\" decoding=\"async\" class=\"aligncenter wp-image-33651 size-large\" src=\"https:\/\/majipparesor.se\/wp-content\/uploads\/2023\/01\/20221105_104917-1024x605.jpg\" alt=\"\" width=\"800\" height=\"473\" srcset=\"https:\/\/majipparesor.se\/wp-content\/uploads\/2023\/01\/20221105_104917-1024x605.jpg 1024w, https:\/\/majipparesor.se\/wp-content\/uploads\/2023\/01\/20221105_104917-300x177.jpg 300w, https:\/\/majipparesor.se\/wp-content\/uploads\/2023\/01\/20221105_104917-768x454.jpg 768w, https:\/\/majipparesor.se\/wp-content\/uploads\/2023\/01\/20221105_104917-1536x908.jpg 1536w, https:\/\/majipparesor.se\/wp-content\/uploads\/2023\/01\/20221105_104917-2048x1210.jpg 2048w\" sizes=\"auto, (max-width: 800px) 100vw, 800px\" \/><\/p>\n<p><img loading=\"lazy\" decoding=\"async\" class=\"aligncenter wp-image-33650 size-large\" src=\"https:\/\/majipparesor.se\/wp-content\/uploads\/2023\/01\/20221105_105330-1024x634.jpg\" alt=\"\" width=\"800\" height=\"495\" srcset=\"https:\/\/majipparesor.se\/wp-content\/uploads\/2023\/01\/20221105_105330-1024x634.jpg 1024w, https:\/\/majipparesor.se\/wp-content\/uploads\/2023\/01\/20221105_105330-300x186.jpg 300w, https:\/\/majipparesor.se\/wp-content\/uploads\/2023\/01\/20221105_105330-768x475.jpg 768w, https:\/\/majipparesor.se\/wp-content\/uploads\/2023\/01\/20221105_105330-1536x951.jpg 1536w, https:\/\/majipparesor.se\/wp-content\/uploads\/2023\/01\/20221105_105330-2048x1268.jpg 2048w\" sizes=\"auto, (max-width: 800px) 100vw, 800px\" \/><\/p>\n<h5>Lite historia<\/h5>\n<p>Namnet Halmstad finns tidigast n\u00e4mnt i Valdemar Sejrs jordebok fr\u00e5n 1231 som &#8221;Halmst\u00e6de&#8221;, d\u00e5 som beteckning p\u00e5 en kungsg\u00e5rd. P\u00e5 1320-talet flyttades den ursprungliga staden n\u00e4rmare kusten. Halmstads l\u00e4ge, d\u00e4r kustv\u00e4gen korsade Nissastigen mot inlandet skapade goda f\u00f6ruts\u00e4ttningar f\u00f6r export av boskapsprodukter, j\u00e4rn och tr\u00e4varor.<\/p>\n<p>Under senmedeltiden blev Halmstad en viktig m\u00f6tesplats f\u00f6r politiska f\u00f6rhandlingar om Kalmarunionen. Vid 1500-talets slut blev staden garnisonsstad och f\u00f6rvaltningscentrum f\u00f6r Halland. Halmstad blev svenskt kring 1645, men oroligheter fortsatte och i augusti 1676, under det sk\u00e5nska kriget, stod slaget vid Halmstad, ocks\u00e5 k\u00e4nt som slaget vid Fyllebro mellan svenska och danska trupper. Slaget innebar en seger f\u00f6r svenskarna under Karl XI. \u00c5r 1678 h\u00f6lls riksdag i Halmstad.<\/p>\n<p><img loading=\"lazy\" decoding=\"async\" class=\"aligncenter wp-image-33627 size-large\" src=\"https:\/\/majipparesor.se\/wp-content\/uploads\/2023\/01\/20221105_105240-832x1024.jpg\" alt=\"\" width=\"800\" height=\"985\" srcset=\"https:\/\/majipparesor.se\/wp-content\/uploads\/2023\/01\/20221105_105240-832x1024.jpg 832w, https:\/\/majipparesor.se\/wp-content\/uploads\/2023\/01\/20221105_105240-244x300.jpg 244w, https:\/\/majipparesor.se\/wp-content\/uploads\/2023\/01\/20221105_105240-768x945.jpg 768w, https:\/\/majipparesor.se\/wp-content\/uploads\/2023\/01\/20221105_105240-1248x1536.jpg 1248w, https:\/\/majipparesor.se\/wp-content\/uploads\/2023\/01\/20221105_105240-1664x2048.jpg 1664w\" sizes=\"auto, (max-width: 800px) 100vw, 800px\" \/><\/p>\n<p>N\u00e4r Halmstad kom under svenskt herrav\u00e4lde br\u00f6ts en l\u00e5ngsiktigt expansiv utveckling. Ekonomin stagnerade, och garnisonen lades ned p\u00e5 1730-talet. Vid 1700-talets mitt var Halmstad med sina knappt 1000 inv\u00e5nare inte mycket st\u00f6rre \u00e4n under dansktidens blomstringsperiod.<\/p>\n<p>En stor ombyggnad av Halmstads hamn genomf\u00f6rdes omkring 1840 och det fick stor betydelse f\u00f6r stadens kommunikationer. Hall\u00e4ndska \u00e5ngfartygsbolaget bildades i Halmstad 1850 och inledde trafik mellan G\u00f6teborg och K\u00f6penhamn, vilket snart ut\u00f6kades med flera f\u00f6rbindelser. Den f\u00f6rsta j\u00e4rnv\u00e4gslinjen, Halmstad\u2013V\u00e4rnamo, \u00f6ppnades 1877. Halmstad industrialiserades fort vid slutet av 1800-talet.<\/p>\n<p><img loading=\"lazy\" decoding=\"async\" class=\"aligncenter wp-image-33649 size-large\" src=\"https:\/\/majipparesor.se\/wp-content\/uploads\/2023\/01\/20221105_105339-1024x757.jpg\" alt=\"\" width=\"800\" height=\"591\" srcset=\"https:\/\/majipparesor.se\/wp-content\/uploads\/2023\/01\/20221105_105339-1024x757.jpg 1024w, https:\/\/majipparesor.se\/wp-content\/uploads\/2023\/01\/20221105_105339-300x222.jpg 300w, https:\/\/majipparesor.se\/wp-content\/uploads\/2023\/01\/20221105_105339-768x568.jpg 768w, https:\/\/majipparesor.se\/wp-content\/uploads\/2023\/01\/20221105_105339-1536x1135.jpg 1536w, https:\/\/majipparesor.se\/wp-content\/uploads\/2023\/01\/20221105_105339-2048x1513.jpg 2048w\" sizes=\"auto, (max-width: 800px) 100vw, 800px\" \/><\/p>\n<p style=\"text-align: center;\"><em>S:t Nicolai kyrka ligger mitt i centrala Halmstad.<\/em><\/p>\n<article>\n<section>Under 1800-talet blev Halmstad en av Sveriges snabbast v\u00e4xande st\u00e4der. Antalet inv\u00e5nare steg snabbt och Halmstad som varit en ganska liten stad var kring \u00e5r 1900 en medelstor stad. Utvecklingen har d\u00e4refter, i j\u00e4mf\u00f6relse med andra st\u00e4der, g\u00e5tt i lugnare takt. Halmstad har varit en viktig handels- och sj\u00f6fartsstad, samtidigt som staden ocks\u00e5 har varit en betydande industristad, med j\u00e4rn, metall och textil som ledande branscher. Wallbergs fabriker fr\u00e5n 1820-talet var l\u00e4nge stadens ledande industri.\u00a0<\/section>\n<section><\/section>\n<section>Idag bor det 104 573 inv\u00e5nare i kommunen.<\/section>\n<section><\/section>\n<\/article>\n<p><img loading=\"lazy\" decoding=\"async\" class=\"aligncenter wp-image-33625 size-large\" src=\"https:\/\/majipparesor.se\/wp-content\/uploads\/2023\/01\/20221105_110141-902x1024.jpg\" alt=\"\" width=\"800\" height=\"908\" srcset=\"https:\/\/majipparesor.se\/wp-content\/uploads\/2023\/01\/20221105_110141-902x1024.jpg 902w, https:\/\/majipparesor.se\/wp-content\/uploads\/2023\/01\/20221105_110141-264x300.jpg 264w, https:\/\/majipparesor.se\/wp-content\/uploads\/2023\/01\/20221105_110141-768x872.jpg 768w, https:\/\/majipparesor.se\/wp-content\/uploads\/2023\/01\/20221105_110141-1352x1536.jpg 1352w, https:\/\/majipparesor.se\/wp-content\/uploads\/2023\/01\/20221105_110141-1803x2048.jpg 1803w\" sizes=\"auto, (max-width: 800px) 100vw, 800px\" \/><\/p>\n<p style=\"text-align: center;\"><em>Stora torg \u00e4r den centrala m\u00f6tesplatsen h\u00e4r i Halmstad. N\u00e4r vi bes\u00f6ker staden \u00e4r det en liten h\u00f6stmarknad som h\u00e5ller till h\u00e4r.<\/em><\/p>\n<p><img loading=\"lazy\" decoding=\"async\" class=\"aligncenter wp-image-33667 size-large\" src=\"https:\/\/majipparesor.se\/wp-content\/uploads\/2023\/01\/20221105_105118-1024x768.jpg\" alt=\"\" width=\"800\" height=\"600\" srcset=\"https:\/\/majipparesor.se\/wp-content\/uploads\/2023\/01\/20221105_105118-1024x768.jpg 1024w, https:\/\/majipparesor.se\/wp-content\/uploads\/2023\/01\/20221105_105118-300x225.jpg 300w, https:\/\/majipparesor.se\/wp-content\/uploads\/2023\/01\/20221105_105118-768x576.jpg 768w, https:\/\/majipparesor.se\/wp-content\/uploads\/2023\/01\/20221105_105118-1536x1152.jpg 1536w, https:\/\/majipparesor.se\/wp-content\/uploads\/2023\/01\/20221105_105118-2048x1536.jpg 2048w\" sizes=\"auto, (max-width: 800px) 100vw, 800px\" \/><\/p>\n<p style=\"text-align: center;\"><em>Halmstads kommunhus ligger v\u00e4gg i v\u00e4gg med stadens r\u00e5dhus.<\/em><\/p>\n<p style=\"text-align: center;\"><img loading=\"lazy\" decoding=\"async\" class=\"aligncenter wp-image-33666 size-large\" src=\"https:\/\/majipparesor.se\/wp-content\/uploads\/2023\/01\/20221105_105152-1011x1024.jpg\" alt=\"\" width=\"800\" height=\"810\" srcset=\"https:\/\/majipparesor.se\/wp-content\/uploads\/2023\/01\/20221105_105152-1011x1024.jpg 1011w, https:\/\/majipparesor.se\/wp-content\/uploads\/2023\/01\/20221105_105152-296x300.jpg 296w, https:\/\/majipparesor.se\/wp-content\/uploads\/2023\/01\/20221105_105152-768x778.jpg 768w, https:\/\/majipparesor.se\/wp-content\/uploads\/2023\/01\/20221105_105152-1517x1536.jpg 1517w, https:\/\/majipparesor.se\/wp-content\/uploads\/2023\/01\/20221105_105152-2022x2048.jpg 2022w\" sizes=\"auto, (max-width: 800px) 100vw, 800px\" \/><\/p>\n<p style=\"text-align: center;\"><img loading=\"lazy\" decoding=\"async\" class=\"aligncenter wp-image-33665 size-large\" src=\"https:\/\/majipparesor.se\/wp-content\/uploads\/2023\/01\/20221105_105120-1024x693.jpg\" alt=\"\" width=\"800\" height=\"541\" srcset=\"https:\/\/majipparesor.se\/wp-content\/uploads\/2023\/01\/20221105_105120-1024x693.jpg 1024w, https:\/\/majipparesor.se\/wp-content\/uploads\/2023\/01\/20221105_105120-300x203.jpg 300w, https:\/\/majipparesor.se\/wp-content\/uploads\/2023\/01\/20221105_105120-768x520.jpg 768w, https:\/\/majipparesor.se\/wp-content\/uploads\/2023\/01\/20221105_105120-1536x1039.jpg 1536w, https:\/\/majipparesor.se\/wp-content\/uploads\/2023\/01\/20221105_105120-2048x1386.jpg 2048w\" sizes=\"auto, (max-width: 800px) 100vw, 800px\" \/><\/p>\n<p><strong>V\u00e5rt bes\u00f6k i Halmstad<\/strong><\/p>\n<p>Ett par g\u00e5nger tidigare har vi nog bes\u00f6kt Halmstad \u00e4ven om jag inte minns s\u00e5 mycket av det. Idag n\u00e4r vi g\u00f6r kommunbes\u00f6k i Halmstad stannar vi till i den centrala stadsk\u00e4rnan. Bilen parkeras och vi tar en liten tur runt kommunhuset som ligger perfekt i anslutning till Stora torg. H\u00e4rifr\u00e5n forts\u00e4tter vi lite planl\u00f6st p\u00e5 g\u00e5gatan d\u00e4r m\u00e5nga butiker ligger v\u00e4gg i v\u00e4gg.<\/p>\n<p>Vi forts\u00e4tter sedan ner till Nissan, den \u00e5 som str\u00e4cker sig genom Halmstad. H\u00e4r ser vi Halmstad slott som vi givetvis stannar till i.<\/p>\n<p><img loading=\"lazy\" decoding=\"async\" class=\"aligncenter wp-image-33622 size-large\" src=\"https:\/\/majipparesor.se\/wp-content\/uploads\/2023\/01\/20221105_111039-1024x764.jpg\" alt=\"\" width=\"800\" height=\"597\" srcset=\"https:\/\/majipparesor.se\/wp-content\/uploads\/2023\/01\/20221105_111039-1024x764.jpg 1024w, https:\/\/majipparesor.se\/wp-content\/uploads\/2023\/01\/20221105_111039-300x224.jpg 300w, https:\/\/majipparesor.se\/wp-content\/uploads\/2023\/01\/20221105_111039-768x573.jpg 768w, https:\/\/majipparesor.se\/wp-content\/uploads\/2023\/01\/20221105_111039-1536x1145.jpg 1536w, https:\/\/majipparesor.se\/wp-content\/uploads\/2023\/01\/20221105_111039-2048x1527.jpg 2048w\" sizes=\"auto, (max-width: 800px) 100vw, 800px\" \/><\/p>\n<p><strong>Halmstad slott<\/strong><\/p>\n<p>N\u00e4r Halmstads slott byggdes \u00e5r 1615\u00a0 av Christian IV var Halland \u00e4nnu danskt. Med freden i Br\u00f6msebro 1645 tillf\u00f6ll Halland och slottet Sverige, sedan dess har l\u00e4nsf\u00f6rvaltningen och landsh\u00f6vdingsresidenset varit inrymt h\u00e4r. Under \u00e5rhundraden har slottet restaurerats och sedan 1998 \u00e5terfick slottet sin ursprungliga tegelr\u00f6da nyans.<\/p>\n<p><img loading=\"lazy\" decoding=\"async\" class=\"aligncenter wp-image-33624 size-large\" src=\"https:\/\/majipparesor.se\/wp-content\/uploads\/2023\/01\/20221105_111005-1024x823.jpg\" alt=\"\" width=\"800\" height=\"643\" srcset=\"https:\/\/majipparesor.se\/wp-content\/uploads\/2023\/01\/20221105_111005-1024x823.jpg 1024w, https:\/\/majipparesor.se\/wp-content\/uploads\/2023\/01\/20221105_111005-300x241.jpg 300w, https:\/\/majipparesor.se\/wp-content\/uploads\/2023\/01\/20221105_111005-768x618.jpg 768w, https:\/\/majipparesor.se\/wp-content\/uploads\/2023\/01\/20221105_111005-1536x1235.jpg 1536w, https:\/\/majipparesor.se\/wp-content\/uploads\/2023\/01\/20221105_111005-2048x1647.jpg 2048w\" sizes=\"auto, (max-width: 800px) 100vw, 800px\" \/><\/p>\n<p><img loading=\"lazy\" decoding=\"async\" class=\"aligncenter wp-image-33619 size-large\" src=\"https:\/\/majipparesor.se\/wp-content\/uploads\/2023\/01\/20221105_111258-1024x683.jpg\" alt=\"\" width=\"800\" height=\"534\" srcset=\"https:\/\/majipparesor.se\/wp-content\/uploads\/2023\/01\/20221105_111258-1024x683.jpg 1024w, https:\/\/majipparesor.se\/wp-content\/uploads\/2023\/01\/20221105_111258-300x200.jpg 300w, https:\/\/majipparesor.se\/wp-content\/uploads\/2023\/01\/20221105_111258-768x512.jpg 768w, https:\/\/majipparesor.se\/wp-content\/uploads\/2023\/01\/20221105_111258-1536x1024.jpg 1536w, https:\/\/majipparesor.se\/wp-content\/uploads\/2023\/01\/20221105_111258-2048x1366.jpg 2048w\" sizes=\"auto, (max-width: 800px) 100vw, 800px\" \/><\/p>\n<p><img loading=\"lazy\" decoding=\"async\" class=\"aligncenter wp-image-33623 size-large\" src=\"https:\/\/majipparesor.se\/wp-content\/uploads\/2023\/01\/20221105_111019-1024x999.jpg\" alt=\"\" width=\"800\" height=\"780\" srcset=\"https:\/\/majipparesor.se\/wp-content\/uploads\/2023\/01\/20221105_111019-1024x999.jpg 1024w, https:\/\/majipparesor.se\/wp-content\/uploads\/2023\/01\/20221105_111019-300x293.jpg 300w, https:\/\/majipparesor.se\/wp-content\/uploads\/2023\/01\/20221105_111019-768x750.jpg 768w, https:\/\/majipparesor.se\/wp-content\/uploads\/2023\/01\/20221105_111019-1536x1499.jpg 1536w, https:\/\/majipparesor.se\/wp-content\/uploads\/2023\/01\/20221105_111019-2048x1999.jpg 2048w\" sizes=\"auto, (max-width: 800px) 100vw, 800px\" \/><\/p>\n<p><strong>Andra sev\u00e4rdheter i Halmstad<\/strong><\/p>\n<p>En av Halmstad allra b\u00e4sta och mest sev\u00e4rda platser \u00e4r kanske Tyl\u00f6sand. Ett badparadis f\u00f6r alla och som f\u00f6rmodligen passar allra b\u00e4st att bes\u00f6ka under sommaren. Det finns \u00e4ven andra lite mindre badst\u00e4llen b\u00e5de s\u00f6der och norr om Halmstad.<\/p>\n<p>Gillar man fin natur ska man ta sig till Galgberget, som ocks\u00e5 har en mycket fina vy \u00f6ver Halmstad. Vill man som bes\u00f6kare vandra tipsar kommunen om olika vandringsleder. Jag blir lite sugen att vandra l\u00e4ngs kusten p\u00e5 Prins Bertils stig.<\/p>\n<p>N\u00e4r vi g\u00f6r v\u00e5rt kommunbes\u00f6k h\u00e4r i Halmstad stannar vi bara knappa timmen men Halmstad \u00e4r en kommun som det finns hur mycket som helst att uppt\u00e4cka. Ett sommarbes\u00f6k st\u00e5r p\u00e5 tur n\u00e4r vi \u00e4r klara med bes\u00f6ken i Sveriges 290 kommuner.<\/p>\n<p><img loading=\"lazy\" decoding=\"async\" class=\"aligncenter wp-image-33618 size-large\" src=\"https:\/\/majipparesor.se\/wp-content\/uploads\/2023\/01\/20221105_111322-968x1024.jpg\" alt=\"\" width=\"800\" height=\"846\" srcset=\"https:\/\/majipparesor.se\/wp-content\/uploads\/2023\/01\/20221105_111322-968x1024.jpg 968w, https:\/\/majipparesor.se\/wp-content\/uploads\/2023\/01\/20221105_111322-284x300.jpg 284w, https:\/\/majipparesor.se\/wp-content\/uploads\/2023\/01\/20221105_111322-768x812.jpg 768w, https:\/\/majipparesor.se\/wp-content\/uploads\/2023\/01\/20221105_111322-1452x1536.jpg 1452w, https:\/\/majipparesor.se\/wp-content\/uploads\/2023\/01\/20221105_111322-1936x2048.jpg 1936w\" sizes=\"auto, (max-width: 800px) 100vw, 800px\" \/><\/p>\n<p><img loading=\"lazy\" decoding=\"async\" class=\"aligncenter wp-image-33617 size-large\" src=\"https:\/\/majipparesor.se\/wp-content\/uploads\/2023\/01\/20221105_121219-768x1024.jpg\" alt=\"\" width=\"768\" height=\"1024\" srcset=\"https:\/\/majipparesor.se\/wp-content\/uploads\/2023\/01\/20221105_121219-768x1024.jpg 768w, https:\/\/majipparesor.se\/wp-content\/uploads\/2023\/01\/20221105_121219-225x300.jpg 225w, https:\/\/majipparesor.se\/wp-content\/uploads\/2023\/01\/20221105_121219-1152x1536.jpg 1152w, https:\/\/majipparesor.se\/wp-content\/uploads\/2023\/01\/20221105_121219-1536x2048.jpg 1536w, https:\/\/majipparesor.se\/wp-content\/uploads\/2023\/01\/20221105_121219-scaled.jpg 1920w\" sizes=\"auto, (max-width: 768px) 100vw, 768px\" \/><\/p>\n<p><strong>Hylte kommun<\/strong><\/p>\n<p>Cirka fem mil nordost om Halmstad ligger Hyltebruk som \u00e4r centralort i Hylte kommun. Det \u00e4r v\u00e5r sista kommunbes\u00f6k i landskapet och l\u00e4net Halland. Hyltebruk \u00e4r Hallands l\u00e4ns enda inlandskommun och ligger i gr\u00e4nsen mellan landskapen Halland och Sm\u00e5land.<\/p>\n<p>Hyltes kommun \u00e4r n\u00e5got helt annat \u00e4n Halmstad och Laholms kommuner. Vi har l\u00e4mnat kusten och hamnar tidvis rej\u00e4lt ute p\u00e5 landsbygden. Efter n\u00e4ra 50 minuter fr\u00e5n Halmstad n\u00e5r vi Hyltebruk som precis som namnet s\u00e4ger \u00e4r det en bruksort.<\/p>\n<p><img loading=\"lazy\" decoding=\"async\" class=\"aligncenter wp-image-33613 size-large\" src=\"https:\/\/majipparesor.se\/wp-content\/uploads\/2023\/01\/20221105_121838-1024x768.jpg\" alt=\"\" width=\"800\" height=\"600\" srcset=\"https:\/\/majipparesor.se\/wp-content\/uploads\/2023\/01\/20221105_121838-1024x768.jpg 1024w, https:\/\/majipparesor.se\/wp-content\/uploads\/2023\/01\/20221105_121838-300x225.jpg 300w, https:\/\/majipparesor.se\/wp-content\/uploads\/2023\/01\/20221105_121838-768x576.jpg 768w, https:\/\/majipparesor.se\/wp-content\/uploads\/2023\/01\/20221105_121838-1536x1152.jpg 1536w, https:\/\/majipparesor.se\/wp-content\/uploads\/2023\/01\/20221105_121838-2048x1536.jpg 2048w\" sizes=\"auto, (max-width: 800px) 100vw, 800px\" \/><\/p>\n<p><strong>Lite historia<\/strong><\/p>\n<p class=\"normal\">Det hela b\u00f6rjade med j\u00e4rnbruket, Ryd\u00f6bruk, i mitten p\u00e5 1700-talet. Under tidigt 1900-tal bildades pappersbruket Hyltebruks AB och togs i bruk 1909. Idag heter pappersbruket Stora Enso och \u00e4r ett v\u00e4rldsledande f\u00f6retag inom omr\u00e5det. D\u00e5 vid 1900-talets b\u00f6rjan byggdes centralorten Hyltebruk upp kring bruket med arbetarbost\u00e4der, skolor och butiker. Arbetskraft h\u00e4mtades fr\u00e5n b\u00e5de Tyskland och Sverige och orten b\u00f6rjade v\u00e4xa allt mer.<\/p>\n<p class=\"normal\">Utvecklingen gick snabbt, efter det att j\u00e4rnv\u00e4gen drogs genom orten b\u00f6rjade man med tiden etablera s\u00e5gverk, gjuterier, snickerier samt metallf\u00f6retag h\u00e4r i Hylte. \u00c5r 2013 st\u00e4ngde Stora Enso tv\u00e5 av sina fyra pappersmaskiner och antalet anst\u00e4llda minskade. Dagens Hylte kommun blev till \u00e5r 1974 och idag bor det 10 619 inv\u00e5nare i kommunen.<\/p>\n<p><img loading=\"lazy\" decoding=\"async\" class=\"aligncenter wp-image-33614 size-large\" src=\"https:\/\/majipparesor.se\/wp-content\/uploads\/2023\/01\/20221105_121803-768x1024.jpg\" alt=\"\" width=\"768\" height=\"1024\" srcset=\"https:\/\/majipparesor.se\/wp-content\/uploads\/2023\/01\/20221105_121803-768x1024.jpg 768w, https:\/\/majipparesor.se\/wp-content\/uploads\/2023\/01\/20221105_121803-225x300.jpg 225w, https:\/\/majipparesor.se\/wp-content\/uploads\/2023\/01\/20221105_121803-1152x1536.jpg 1152w, https:\/\/majipparesor.se\/wp-content\/uploads\/2023\/01\/20221105_121803-1536x2048.jpg 1536w, https:\/\/majipparesor.se\/wp-content\/uploads\/2023\/01\/20221105_121803-scaled.jpg 1920w\" sizes=\"auto, (max-width: 768px) 100vw, 768px\" \/><\/p>\n<p><strong>\u00c5rets kommun 2021<\/strong><\/p>\n<p>Vi startar v\u00e5rt bes\u00f6k vid kommunhuset som ligger centralt placerat mitt i centrum. Vi konstaterar att Hylte tydligen kan kalla sig f\u00f6r \u00e5rets kommun och vad kan det betyda? Det visar sig att man sedan 1984 har delat ut &#8221;\u00c5rets kommun&#8221; och sedan 1993 \u00e4r det organisationen &#8221;Hela Sverige ska leva&#8221; som st\u00e5r bakom utm\u00e4rkelsen.<\/p>\n<p>&#8221;Hela Sverige ska leva&#8221; \u00e4r en riksorganisation som best\u00e5r av tusentals lokala utvecklingsgrupper \u00f6ver hela landet och ett 40-tal medlemsorganisationer. Utm\u00e4rkelsen tilldelas den kommun som p\u00e5 ett engagerat och framg\u00e5ngsrikt s\u00e4tt arbetar f\u00f6r balans mellan t\u00e4tort och landsbygd och som har ett tydligt st\u00e4llningstagande att alla omr\u00e5den i en kommun beh\u00f6ver utvecklas f\u00f6r att hela kommunen ska leva.<\/p>\n<p><img loading=\"lazy\" decoding=\"async\" class=\"aligncenter wp-image-33615 size-large\" src=\"https:\/\/majipparesor.se\/wp-content\/uploads\/2023\/01\/20221105_121746-768x1024.jpg\" alt=\"\" width=\"768\" height=\"1024\" srcset=\"https:\/\/majipparesor.se\/wp-content\/uploads\/2023\/01\/20221105_121746-768x1024.jpg 768w, https:\/\/majipparesor.se\/wp-content\/uploads\/2023\/01\/20221105_121746-225x300.jpg 225w, https:\/\/majipparesor.se\/wp-content\/uploads\/2023\/01\/20221105_121746-1152x1536.jpg 1152w, https:\/\/majipparesor.se\/wp-content\/uploads\/2023\/01\/20221105_121746-1536x2048.jpg 1536w, https:\/\/majipparesor.se\/wp-content\/uploads\/2023\/01\/20221105_121746-scaled.jpg 1920w\" sizes=\"auto, (max-width: 768px) 100vw, 768px\" \/><\/p>\n<p>Motiveringen f\u00f6r att f\u00e5 utm\u00e4rkelsen &#8221;\u00c5rets kommun&#8221; l\u00f6d:<\/p>\n<p><em>&#8221;Hylte kommun ser landsbygdsfr\u00e5gorna som en del av sitt DNA. Det inneb\u00e4r bland annat att kommunen satsar p\u00e5 sina lokala skolor, att ungdomar f\u00e5r gratis kollektivtrafik, att alla inv\u00e5nare som vill, kommer att ha fiber senast i slutet av \u00e5r 2021.&#8221;<\/em><\/p>\n<p><img loading=\"lazy\" decoding=\"async\" class=\"aligncenter wp-image-33612 size-large\" src=\"https:\/\/majipparesor.se\/wp-content\/uploads\/2023\/01\/20221105_121853-768x1024.jpg\" alt=\"\" width=\"768\" height=\"1024\" srcset=\"https:\/\/majipparesor.se\/wp-content\/uploads\/2023\/01\/20221105_121853-768x1024.jpg 768w, https:\/\/majipparesor.se\/wp-content\/uploads\/2023\/01\/20221105_121853-225x300.jpg 225w, https:\/\/majipparesor.se\/wp-content\/uploads\/2023\/01\/20221105_121853-1152x1536.jpg 1152w, https:\/\/majipparesor.se\/wp-content\/uploads\/2023\/01\/20221105_121853-1536x2048.jpg 1536w, https:\/\/majipparesor.se\/wp-content\/uploads\/2023\/01\/20221105_121853-scaled.jpg 1920w\" sizes=\"auto, (max-width: 768px) 100vw, 768px\" \/><\/p>\n<p><strong>V\u00e5rt bes\u00f6k i kommunen<\/strong><\/p>\n<p>Tyv\u00e4rr hinner vi inte l\u00e4gga n\u00e5gon l\u00e4ngre tid i Hyltebruk som \u00e4r en trevlig liten ort. Vi ser dock inte till n\u00e5gra av kommunens inv\u00e5nare. Det \u00e4r ett mycket stillsamt samh\u00e4lle, kanske \u00e4r man ute p\u00e5 n\u00e5gon av kommunens olika sev\u00e4rdheter.<\/p>\n<p><img loading=\"lazy\" decoding=\"async\" class=\"aligncenter wp-image-33611 size-large\" src=\"https:\/\/majipparesor.se\/wp-content\/uploads\/2023\/01\/20221105_121911-1024x918.jpg\" alt=\"\" width=\"800\" height=\"717\" srcset=\"https:\/\/majipparesor.se\/wp-content\/uploads\/2023\/01\/20221105_121911-1024x918.jpg 1024w, https:\/\/majipparesor.se\/wp-content\/uploads\/2023\/01\/20221105_121911-300x269.jpg 300w, https:\/\/majipparesor.se\/wp-content\/uploads\/2023\/01\/20221105_121911-768x688.jpg 768w, https:\/\/majipparesor.se\/wp-content\/uploads\/2023\/01\/20221105_121911-1536x1376.jpg 1536w, https:\/\/majipparesor.se\/wp-content\/uploads\/2023\/01\/20221105_121911-2048x1835.jpg 2048w\" sizes=\"auto, (max-width: 800px) 100vw, 800px\" \/><\/p>\n<p>Vi tittar in p\u00e5 kommunens hemsida f\u00f6r att f\u00e5 n\u00e5gra tips f\u00f6r vad bes\u00f6karen kan se och g\u00f6ra runt om i kommunen. Man tipsar bland annat om att cykla Hylteleden. En tur p\u00e5 182 kilometer d\u00e4r cyklisten kan njuta av den vackra Hyltebygden. Turen startar vid Halmstad slott och slingrar sig upp genom Nissans dalg\u00e5ng upp till Hyltebruk och vidare till J\u00e4lluntofta d\u00e4r den v\u00e4nder ned\u00e5t mot Unnaryd och f\u00f6ljer sedan Fylle\u00e5ns dalg\u00e5ng tillbaka till Halmstad via Siml\u00e5ngsdalen.<\/p>\n<p>I Hyltebygden \u00e4r det ocks\u00e5 n\u00e4ra till fina fiskevatten, med m\u00f6jlighet till kanotupplevelser eller ta sig ett dopp i n\u00e5gon av kommunens sj\u00f6ar. \u00c4r det inte badv\u00e4der finns \u00e4ven trevliga vandringsleder.<\/p>\n<p><img loading=\"lazy\" decoding=\"async\" class=\"aligncenter wp-image-33610 size-large\" src=\"https:\/\/majipparesor.se\/wp-content\/uploads\/2023\/01\/20221105_122329-825x1024.jpg\" alt=\"\" width=\"800\" height=\"993\" srcset=\"https:\/\/majipparesor.se\/wp-content\/uploads\/2023\/01\/20221105_122329-825x1024.jpg 825w, https:\/\/majipparesor.se\/wp-content\/uploads\/2023\/01\/20221105_122329-242x300.jpg 242w, https:\/\/majipparesor.se\/wp-content\/uploads\/2023\/01\/20221105_122329-768x953.jpg 768w, https:\/\/majipparesor.se\/wp-content\/uploads\/2023\/01\/20221105_122329-1238x1536.jpg 1238w, https:\/\/majipparesor.se\/wp-content\/uploads\/2023\/01\/20221105_122329-1650x2048.jpg 1650w\" sizes=\"auto, (max-width: 800px) 100vw, 800px\" \/><\/p>\n<p style=\"text-align: center;\"><em>Hyltebruks kyrka fr\u00e5n 1924<\/em><\/p>\n<p><img loading=\"lazy\" decoding=\"async\" class=\"aligncenter wp-image-33609 size-large\" src=\"https:\/\/majipparesor.se\/wp-content\/uploads\/2023\/01\/20221105_122603-1024x978.jpg\" alt=\"\" width=\"800\" height=\"764\" srcset=\"https:\/\/majipparesor.se\/wp-content\/uploads\/2023\/01\/20221105_122603-1024x978.jpg 1024w, https:\/\/majipparesor.se\/wp-content\/uploads\/2023\/01\/20221105_122603-300x287.jpg 300w, https:\/\/majipparesor.se\/wp-content\/uploads\/2023\/01\/20221105_122603-768x734.jpg 768w, https:\/\/majipparesor.se\/wp-content\/uploads\/2023\/01\/20221105_122603-1536x1467.jpg 1536w, https:\/\/majipparesor.se\/wp-content\/uploads\/2023\/01\/20221105_122603-2048x1957.jpg 2048w\" sizes=\"auto, (max-width: 800px) 100vw, 800px\" \/><\/p>\n<p><strong>L\u00e4s mer: <span style=\"color: #ff0000;\"><em><a style=\"color: #ff0000;\" href=\"https:\/\/majipparesor.se\/?page_id=25454\">\u201cBes\u00f6ka Sveriges 290 kommuner\u201d<\/a><\/em> <\/span>Antal kommuner: (125 &#8211; 127\/290)<\/strong><\/p>\n<p><img loading=\"lazy\" decoding=\"async\" class=\"aligncenter wp-image-33616 size-large\" src=\"https:\/\/majipparesor.se\/wp-content\/uploads\/2023\/01\/20221105_121436-1020x1024.jpg\" alt=\"\" width=\"800\" height=\"803\" srcset=\"https:\/\/majipparesor.se\/wp-content\/uploads\/2023\/01\/20221105_121436-1020x1024.jpg 1020w, https:\/\/majipparesor.se\/wp-content\/uploads\/2023\/01\/20221105_121436-300x300.jpg 300w, https:\/\/majipparesor.se\/wp-content\/uploads\/2023\/01\/20221105_121436-150x150.jpg 150w, https:\/\/majipparesor.se\/wp-content\/uploads\/2023\/01\/20221105_121436-768x771.jpg 768w, https:\/\/majipparesor.se\/wp-content\/uploads\/2023\/01\/20221105_121436-1529x1536.jpg 1529w, https:\/\/majipparesor.se\/wp-content\/uploads\/2023\/01\/20221105_121436-2039x2048.jpg 2039w\" sizes=\"auto, (max-width: 800px) 100vw, 800px\" \/><\/p>\n<p style=\"text-align: center;\"><em>Hylte Bruks AB<\/em><\/p>\n<ul class='related_post'><li><\/li><\/ul>","protected":false},"excerpt":{"rendered":"<p>Under v\u00e5ra kommunbes\u00f6k i Hallands l\u00e4n bes\u00f6ker vi Laholm, Halmstad och Hylte kommun \u2013 tre platser som tillsammans g\u00f6r att<\/p>\n","protected":false},"author":1,"featured_media":33647,"comment_status":"open","ping_status":"open","sticky":false,"template":"","format":"standard","meta":{"colormag_page_container_layout":"default_layout","colormag_page_sidebar_layout":"default_layout","om_disable_all_campaigns":false,"_monsterinsights_skip_tracking":false,"_monsterinsights_sitenote_active":false,"_monsterinsights_sitenote_note":"","_monsterinsights_sitenote_category":0,"_uf_show_specific_survey":0,"_uf_disable_surveys":false,"footnotes":""},"categories":[141,156],"tags":[],"class_list":["post-33607","post","type-post","status-publish","format-standard","has-post-thumbnail","hentry","category-halland","category-sveriges-290-kommuner"],"aioseo_notices":[],"_links":{"self":[{"href":"https:\/\/majipparesor.se\/index.php?rest_route=\/wp\/v2\/posts\/33607","targetHints":{"allow":["GET"]}}],"collection":[{"href":"https:\/\/majipparesor.se\/index.php?rest_route=\/wp\/v2\/posts"}],"about":[{"href":"https:\/\/majipparesor.se\/index.php?rest_route=\/wp\/v2\/types\/post"}],"author":[{"embeddable":true,"href":"https:\/\/majipparesor.se\/index.php?rest_route=\/wp\/v2\/users\/1"}],"replies":[{"embeddable":true,"href":"https:\/\/majipparesor.se\/index.php?rest_route=%2Fwp%2Fv2%2Fcomments&post=33607"}],"version-history":[{"count":36,"href":"https:\/\/majipparesor.se\/index.php?rest_route=\/wp\/v2\/posts\/33607\/revisions"}],"predecessor-version":[{"id":48915,"href":"https:\/\/majipparesor.se\/index.php?rest_route=\/wp\/v2\/posts\/33607\/revisions\/48915"}],"wp:featuredmedia":[{"embeddable":true,"href":"https:\/\/majipparesor.se\/index.php?rest_route=\/wp\/v2\/media\/33647"}],"wp:attachment":[{"href":"https:\/\/majipparesor.se\/index.php?rest_route=%2Fwp%2Fv2%2Fmedia&parent=33607"}],"wp:term":[{"taxonomy":"category","embeddable":true,"href":"https:\/\/majipparesor.se\/index.php?rest_route=%2Fwp%2Fv2%2Fcategories&post=33607"},{"taxonomy":"post_tag","embeddable":true,"href":"https:\/\/majipparesor.se\/index.php?rest_route=%2Fwp%2Fv2%2Ftags&post=33607"}],"curies":[{"name":"wp","href":"https:\/\/api.w.org\/{rel}","templated":true}]}}