{"id":33726,"date":"2023-02-08T05:02:25","date_gmt":"2023-02-08T05:02:25","guid":{"rendered":"https:\/\/majipparesor.se\/?p=33726"},"modified":"2026-04-22T17:18:17","modified_gmt":"2026-04-22T17:18:17","slug":"zell-am-see-ett-besok-i-de-osterrikiska-alperna-sommartid","status":"publish","type":"post","link":"https:\/\/majipparesor.se\/?p=33726","title":{"rendered":"Zell am See &#8211; Ett bes\u00f6k i de \u00f6sterrikiska alperna sommartid"},"content":{"rendered":"<p><strong>Under sommaren 2022 \u00e5rs bilresa k\u00f6r vi genom \u00d6sterrike och hinner se flera av de platser som jag tidigare endast sett genom mina skidbrillor, allts\u00e5 i vitt. Det var p\u00e5 den tiden n\u00e4r jag knappast l\u00e4mnade skidbacken mer \u00e4n n\u00f6dv\u00e4ndigt. Men sj\u00e4lvklart kan man bes\u00f6ka alperna \u00e4ven p\u00e5 sommaren. Det skulle jag sagt till mitt 20-\u00e5riga jag.\u00a0<\/strong><\/p>\n<p style=\"text-align: left;\">Jag har alltid f\u00f6rknippat de \u00f6sterrikiska alperna med skid\u00e5kning. I mina yngre dagar \u00e4lskade jag skid\u00e5kning med full fart och ett par g\u00e5nger bes\u00f6kte jag n\u00e5gra av de skidorterna som finns h\u00e4r i \u00d6sterrike. Det var en h\u00e4rlig tid, skid\u00e5kning under dagarna och fest p\u00e5 kv\u00e4llarna och givetvis \u00e4ven p\u00e5 n\u00e4tterna.<\/p>\n<p style=\"text-align: left;\">Nu tuffar vi p\u00e5 med bil under sommartid i ett gr\u00f6nskande alperna, n\u00e5got som jag knappast trott mig sj\u00e4lv om n\u00e4r jag var kring de tjugo. Men var sak har sin tid i livet och nu ser jag f\u00f6rst\u00e5s allt med andra \u00f6gon. Det \u00e4r s\u00e5 fantastiskt vackert h\u00e4r i \u00d6sterrike \u00e4ven om det f\u00f6r det mesta verkar regna i alperna sommartid, men kanske har vi bara haft lite otur med v\u00e4dret.<\/p>\n<p><img loading=\"lazy\" decoding=\"async\" class=\"aligncenter wp-image-33723 size-large\" src=\"https:\/\/majipparesor.se\/wp-content\/uploads\/2023\/01\/IMG_20220707_163121_019-1024x1024.jpg\" alt=\"\" width=\"800\" height=\"800\" srcset=\"https:\/\/majipparesor.se\/wp-content\/uploads\/2023\/01\/IMG_20220707_163121_019-1024x1024.jpg 1024w, https:\/\/majipparesor.se\/wp-content\/uploads\/2023\/01\/IMG_20220707_163121_019-300x300.jpg 300w, https:\/\/majipparesor.se\/wp-content\/uploads\/2023\/01\/IMG_20220707_163121_019-150x150.jpg 150w, https:\/\/majipparesor.se\/wp-content\/uploads\/2023\/01\/IMG_20220707_163121_019-768x768.jpg 768w, https:\/\/majipparesor.se\/wp-content\/uploads\/2023\/01\/IMG_20220707_163121_019.jpg 1440w\" sizes=\"auto, (max-width: 800px) 100vw, 800px\" \/><\/p>\n<p>Efter ett par veckor p\u00e5 resande fot i flera av Balkanl\u00e4nderna har vi nu tagit oss till \u00d6sterrike. Vi har k\u00f6rt \u00f6ver de slovenska alperna och betalt massor av v\u00e4gavgifter f\u00f6r att resa p\u00e5 de \u00f6sterrikiska v\u00e4garna. F\u00f6rvisso har vi k\u00f6rt i en del riktigt l\u00e5nga tunnlar som kostar en hel del. F\u00f6rutom v\u00e4gavgifter beh\u00f6ver man som bilist \u00e4ven k\u00f6pa en vinjett att klistra p\u00e5 bilens framruta. Den kostade cirka 100 svenska kronor, f\u00f6r en 10-dagars period.<\/p>\n<p><img loading=\"lazy\" decoding=\"async\" class=\"aligncenter wp-image-33928 size-large\" src=\"https:\/\/majipparesor.se\/wp-content\/uploads\/2023\/01\/20220707_194554-1-1024x695.jpg\" alt=\"\" width=\"800\" height=\"543\" srcset=\"https:\/\/majipparesor.se\/wp-content\/uploads\/2023\/01\/20220707_194554-1-1024x695.jpg 1024w, https:\/\/majipparesor.se\/wp-content\/uploads\/2023\/01\/20220707_194554-1-300x204.jpg 300w, https:\/\/majipparesor.se\/wp-content\/uploads\/2023\/01\/20220707_194554-1-768x522.jpg 768w, https:\/\/majipparesor.se\/wp-content\/uploads\/2023\/01\/20220707_194554-1-1536x1043.jpg 1536w, https:\/\/majipparesor.se\/wp-content\/uploads\/2023\/01\/20220707_194554-1-2048x1391.jpg 2048w\" sizes=\"auto, (max-width: 800px) 100vw, 800px\" \/><\/p>\n<p><strong>V\u00e4lja ort<\/strong><\/p>\n<p>N\u00e4r vi l\u00e4mnar Slovenien letar vi lite p\u00e5 m\u00e5f\u00e5 efter en trevlig ort i alperna f\u00f6r en \u00f6vernattning. Vi v\u00e4ljer mellan Saalbach &#8211; Hinterglemm, Kitzb\u00fchl och Zell am see och tar det sistn\u00e4mnda. Rent geografiskt \u00e4r Zell-dalen en korridor i Kitzb\u00fchelalperna som f\u00f6rbinder Saalfeldenbas\u00e4ngen med floden Saalach i norr och floden Salzach i s\u00f6der.<\/p>\n<p>Zell am See passar oss tidsm\u00e4ssigt bra och det k\u00e4nns som ett perfekt st\u00e4lle n\u00e4r vi anl\u00e4nder sent p\u00e5 eftermiddagen i \u00f6sregn. N\u00e5v\u00e4l vi \u00e4r ganska slutk\u00f6rda av ett par veckors mycket hett v\u00e4derl\u00e4ge men \u00f6sregn \u00e4r aldrig roligt.<\/p>\n<p><img loading=\"lazy\" decoding=\"async\" class=\"aligncenter wp-image-33720 size-large\" src=\"https:\/\/majipparesor.se\/wp-content\/uploads\/2023\/01\/20220707_194707-768x1024.jpg\" alt=\"\" width=\"768\" height=\"1024\" srcset=\"https:\/\/majipparesor.se\/wp-content\/uploads\/2023\/01\/20220707_194707-768x1024.jpg 768w, https:\/\/majipparesor.se\/wp-content\/uploads\/2023\/01\/20220707_194707-225x300.jpg 225w, https:\/\/majipparesor.se\/wp-content\/uploads\/2023\/01\/20220707_194707-1152x1536.jpg 1152w, https:\/\/majipparesor.se\/wp-content\/uploads\/2023\/01\/20220707_194707-1536x2048.jpg 1536w, https:\/\/majipparesor.se\/wp-content\/uploads\/2023\/01\/20220707_194707-scaled.jpg 1920w\" sizes=\"auto, (max-width: 768px) 100vw, 768px\" \/><\/p>\n<p><strong>Zell am See &#8211; trevligt \u00e4ven sommartid<\/strong><\/p>\n<p>Regnet fullkomligt vr\u00e4ker ner n\u00e4r vi kommer fram i en liten bilkaravan till Zell am See. Alla semesterfirare verkar vara ute med bilen idag. Trots regnet \u00e4r Zell am See en mycket sev\u00e4rd liten s\u00f6t stad och som ligger undersk\u00f6nt vid den alpina sj\u00f6n Zeller See inb\u00e4ddad bland berg och gr\u00f6nska.<\/p>\n<p>Zell am See har sedan 60-talet varit en alpin kurort vilket inte \u00e4r konstigt med tanke p\u00e5 den alpina luften och den sk\u00f6na atmosf\u00e4ren som vilar \u00f6ver orten. H\u00e4r m\u00e5ste vara ett perfekt st\u00e4lle f\u00f6r vila och h\u00e4mta kraft. \u00c4ven sj\u00f6n Zeller See \u00e4r k\u00e4nd f\u00f6r att vara h\u00e4lsosamt med drickbart vatten.<\/p>\n<p><img loading=\"lazy\" decoding=\"async\" class=\"aligncenter wp-image-33704 size-large\" src=\"https:\/\/majipparesor.se\/wp-content\/uploads\/2023\/01\/20220708_091541-768x1024.jpg\" alt=\"\" width=\"768\" height=\"1024\" srcset=\"https:\/\/majipparesor.se\/wp-content\/uploads\/2023\/01\/20220708_091541-768x1024.jpg 768w, https:\/\/majipparesor.se\/wp-content\/uploads\/2023\/01\/20220708_091541-225x300.jpg 225w, https:\/\/majipparesor.se\/wp-content\/uploads\/2023\/01\/20220708_091541-1152x1536.jpg 1152w, https:\/\/majipparesor.se\/wp-content\/uploads\/2023\/01\/20220708_091541-1536x2048.jpg 1536w, https:\/\/majipparesor.se\/wp-content\/uploads\/2023\/01\/20220708_091541-scaled.jpg 1920w\" sizes=\"auto, (max-width: 768px) 100vw, 768px\" \/><\/p>\n<p><img loading=\"lazy\" decoding=\"async\" class=\"aligncenter wp-image-33731 size-large\" src=\"https:\/\/majipparesor.se\/wp-content\/uploads\/2023\/01\/20220708_092211-1024x680.jpg\" alt=\"\" width=\"800\" height=\"531\" srcset=\"https:\/\/majipparesor.se\/wp-content\/uploads\/2023\/01\/20220708_092211-1024x680.jpg 1024w, https:\/\/majipparesor.se\/wp-content\/uploads\/2023\/01\/20220708_092211-300x199.jpg 300w, https:\/\/majipparesor.se\/wp-content\/uploads\/2023\/01\/20220708_092211-768x510.jpg 768w, https:\/\/majipparesor.se\/wp-content\/uploads\/2023\/01\/20220708_092211-1536x1020.jpg 1536w, https:\/\/majipparesor.se\/wp-content\/uploads\/2023\/01\/20220708_092211-2048x1359.jpg 2048w\" sizes=\"auto, (max-width: 800px) 100vw, 800px\" \/><\/p>\n<p><strong>Sj\u00f6n Zeller am See<\/strong><\/p>\n<p>Zell am See ligger invid sj\u00f6n Zeller See. Sj\u00f6n \u00e4r drygt fem kvadratkilometer stor och 68 meter djup och bel\u00e4gen 749 meter \u00f6ver havet. F\u00f6rutom Zell am See ligger \u00e4ven de mindre samh\u00e4llena Thumersbach och Bruck an der Grossglocknerstrasse vid sj\u00f6n<\/p>\n<p><img loading=\"lazy\" decoding=\"async\" class=\"aligncenter wp-image-33733 size-large\" src=\"https:\/\/majipparesor.se\/wp-content\/uploads\/2023\/01\/20220708_091551-1024x639.jpg\" alt=\"\" width=\"800\" height=\"499\" srcset=\"https:\/\/majipparesor.se\/wp-content\/uploads\/2023\/01\/20220708_091551-1024x639.jpg 1024w, https:\/\/majipparesor.se\/wp-content\/uploads\/2023\/01\/20220708_091551-300x187.jpg 300w, https:\/\/majipparesor.se\/wp-content\/uploads\/2023\/01\/20220708_091551-768x480.jpg 768w, https:\/\/majipparesor.se\/wp-content\/uploads\/2023\/01\/20220708_091551-1536x959.jpg 1536w, https:\/\/majipparesor.se\/wp-content\/uploads\/2023\/01\/20220708_091551-2048x1279.jpg 2048w\" sizes=\"auto, (max-width: 800px) 100vw, 800px\" \/><\/p>\n<p style=\"text-align: center;\"><em>Underbar plats vid sj\u00f6n Zeller am See.<\/em><\/p>\n<p><img loading=\"lazy\" decoding=\"async\" class=\"aligncenter wp-image-33734 size-large\" src=\"https:\/\/majipparesor.se\/wp-content\/uploads\/2023\/01\/20220708_091306-1024x768.jpg\" alt=\"\" width=\"800\" height=\"600\" srcset=\"https:\/\/majipparesor.se\/wp-content\/uploads\/2023\/01\/20220708_091306-1024x768.jpg 1024w, https:\/\/majipparesor.se\/wp-content\/uploads\/2023\/01\/20220708_091306-300x225.jpg 300w, https:\/\/majipparesor.se\/wp-content\/uploads\/2023\/01\/20220708_091306-768x576.jpg 768w, https:\/\/majipparesor.se\/wp-content\/uploads\/2023\/01\/20220708_091306-1536x1152.jpg 1536w, https:\/\/majipparesor.se\/wp-content\/uploads\/2023\/01\/20220708_091306-2048x1536.jpg 2048w\" sizes=\"auto, (max-width: 800px) 100vw, 800px\" \/><\/p>\n<p><img loading=\"lazy\" decoding=\"async\" class=\"aligncenter wp-image-33722 size-large\" src=\"https:\/\/majipparesor.se\/wp-content\/uploads\/2023\/01\/20220707_194439-932x1024.jpg\" alt=\"\" width=\"800\" height=\"879\" srcset=\"https:\/\/majipparesor.se\/wp-content\/uploads\/2023\/01\/20220707_194439-932x1024.jpg 932w, https:\/\/majipparesor.se\/wp-content\/uploads\/2023\/01\/20220707_194439-273x300.jpg 273w, https:\/\/majipparesor.se\/wp-content\/uploads\/2023\/01\/20220707_194439-768x843.jpg 768w, https:\/\/majipparesor.se\/wp-content\/uploads\/2023\/01\/20220707_194439-1399x1536.jpg 1399w, https:\/\/majipparesor.se\/wp-content\/uploads\/2023\/01\/20220707_194439-1865x2048.jpg 1865w\" sizes=\"auto, (max-width: 800px) 100vw, 800px\" \/><\/p>\n<p><strong>V\u00e5rt bes\u00f6k i Zell am See<\/strong><\/p>\n<p>Jag har inte f\u00f6rbokat n\u00e5gra\u00a0 boenden alls p\u00e5 hela resan och d\u00e5 f\u00e5r man ofta st\u00e5 lite med m\u00f6ssan i hand n\u00e4r man kommer en sen eftermiddag fram\u00e5t middagstid. Bara n\u00e5gon timme innan vi kommer fram till Zell am See har jag best\u00e4mt mig var vi kan t\u00e4nka oss att tillbringa en \u00f6vernattning. Det \u00e4r inte helt billigt och mycket \u00e4r givetvis fullbokat.<\/p>\n<p>Valet faller p\u00e5 ett hotell knappa 900 meter fr\u00e5n sj\u00e4lva stadsk\u00e4rnan. Inte s\u00e5 farligt t\u00e4nker jag, men d\u00e5 har jag tydligen gl\u00f6mt bort att det g\u00e5r brant uppf\u00f6r h\u00e4r i alperna. Allts\u00e5 med bil g\u00e5r det ju snabbt men att promenera k\u00e4nns lite tungt s\u00e4rskilt i \u00f6sregn. Vi har dock tur hotellet som jag bokar har en mycket trevlig restaurang d\u00e4r det \u00e4r ganska fullsatt, men det finns ett litet bord kvar till oss.<\/p>\n<p>Det serveras trer\u00e4tters-middag, kanske inte n\u00e5gon gastronomisk sensation precis, men helt okej efter l\u00e5ng dag i bilen.<\/p>\n<p><img loading=\"lazy\" decoding=\"async\" class=\"aligncenter wp-image-33717 size-large\" src=\"https:\/\/majipparesor.se\/wp-content\/uploads\/2023\/01\/20220707_184855-1024x778.jpg\" alt=\"\" width=\"800\" height=\"608\" srcset=\"https:\/\/majipparesor.se\/wp-content\/uploads\/2023\/01\/20220707_184855-1024x778.jpg 1024w, https:\/\/majipparesor.se\/wp-content\/uploads\/2023\/01\/20220707_184855-300x228.jpg 300w, https:\/\/majipparesor.se\/wp-content\/uploads\/2023\/01\/20220707_184855-768x584.jpg 768w, https:\/\/majipparesor.se\/wp-content\/uploads\/2023\/01\/20220707_184855-1536x1167.jpg 1536w, https:\/\/majipparesor.se\/wp-content\/uploads\/2023\/01\/20220707_184855-2048x1556.jpg 2048w\" sizes=\"auto, (max-width: 800px) 100vw, 800px\" \/><\/p>\n<p><strong>Centrala Zell am See<\/strong><\/p>\n<p>F\u00f6ljande morgon checkar vi ut oss f\u00f6r vidare f\u00e4rd mot Schweiz och Frankrike. Regnet h\u00e4nger i luften men vi kan ju inte l\u00e4mna Zell am See utan att titta lite n\u00e4rmare p\u00e5 den s\u00f6ta lilla staden och sj\u00f6n.<\/p>\n<p>Vi parkerar oss p\u00e5 huvudgatan. Det \u00e4r tidig f\u00f6rmiddag och staden b\u00f6rjar vakna upp. Vi baxar p\u00e5 oss regnkl\u00e4der f\u00f6r en promenad genom Zell am See.<\/p>\n<p><img loading=\"lazy\" decoding=\"async\" class=\"aligncenter wp-image-33716 size-large\" src=\"https:\/\/majipparesor.se\/wp-content\/uploads\/2023\/01\/20220708_090349-scaled-e1673694063187-1024x763.jpg\" alt=\"\" width=\"800\" height=\"596\" srcset=\"https:\/\/majipparesor.se\/wp-content\/uploads\/2023\/01\/20220708_090349-scaled-e1673694063187-1024x763.jpg 1024w, https:\/\/majipparesor.se\/wp-content\/uploads\/2023\/01\/20220708_090349-scaled-e1673694063187-300x223.jpg 300w, https:\/\/majipparesor.se\/wp-content\/uploads\/2023\/01\/20220708_090349-scaled-e1673694063187-768x572.jpg 768w, https:\/\/majipparesor.se\/wp-content\/uploads\/2023\/01\/20220708_090349-scaled-e1673694063187-1536x1144.jpg 1536w, https:\/\/majipparesor.se\/wp-content\/uploads\/2023\/01\/20220708_090349-scaled-e1673694063187-2048x1526.jpg 2048w\" sizes=\"auto, (max-width: 800px) 100vw, 800px\" \/><\/p>\n<p><img loading=\"lazy\" decoding=\"async\" class=\"aligncenter wp-image-33715 size-large\" src=\"https:\/\/majipparesor.se\/wp-content\/uploads\/2023\/01\/20220708_090422-901x1024.jpg\" alt=\"\" width=\"800\" height=\"909\" srcset=\"https:\/\/majipparesor.se\/wp-content\/uploads\/2023\/01\/20220708_090422-901x1024.jpg 901w, https:\/\/majipparesor.se\/wp-content\/uploads\/2023\/01\/20220708_090422-264x300.jpg 264w, https:\/\/majipparesor.se\/wp-content\/uploads\/2023\/01\/20220708_090422-768x873.jpg 768w, https:\/\/majipparesor.se\/wp-content\/uploads\/2023\/01\/20220708_090422-1352x1536.jpg 1352w, https:\/\/majipparesor.se\/wp-content\/uploads\/2023\/01\/20220708_090422-1802x2048.jpg 1802w\" sizes=\"auto, (max-width: 800px) 100vw, 800px\" \/><\/p>\n<p>Redan under romarrikets tid har platsen d\u00e4r Zell am See idag ligger varit bebodd. P\u00e5 700-talet slog sig kristna munkar ned h\u00e4r och grundade ett kloster och ordet Zell i namnet Zell am See ska syfta p\u00e5 den cell eller det enkla lilla rum som munkarna sov i.<\/p>\n<p>P\u00e5 1300-talet blev Zell k\u00f6ping och under 1800-talet b\u00f6rjade orten bli ett popul\u00e4rt turistm\u00e5l. Det blev m\u00f6jligt tack vare att man kring \u00e5r 1875 kunde \u00e5ka t\u00e5g fr\u00e5n Salzburg till Zell. Pl\u00f6tsligt blev det l\u00e4tt att n\u00e5 alperna fr\u00e5n hela Europa. F\u00f6r att g\u00e4sterna skulle kunna \u00f6vernatta byggdes flera hotell och ett av dem \u00e4r det anrika och mycket tjusiga Grand Hotel.<\/p>\n<p><img loading=\"lazy\" decoding=\"async\" class=\"aligncenter wp-image-33705 size-large\" src=\"https:\/\/majipparesor.se\/wp-content\/uploads\/2023\/01\/20220708_091045-1024x873.jpg\" alt=\"\" width=\"800\" height=\"682\" srcset=\"https:\/\/majipparesor.se\/wp-content\/uploads\/2023\/01\/20220708_091045-1024x873.jpg 1024w, https:\/\/majipparesor.se\/wp-content\/uploads\/2023\/01\/20220708_091045-300x256.jpg 300w, https:\/\/majipparesor.se\/wp-content\/uploads\/2023\/01\/20220708_091045-768x655.jpg 768w, https:\/\/majipparesor.se\/wp-content\/uploads\/2023\/01\/20220708_091045-1536x1309.jpg 1536w, https:\/\/majipparesor.se\/wp-content\/uploads\/2023\/01\/20220708_091045-2048x1746.jpg 2048w\" sizes=\"auto, (max-width: 800px) 100vw, 800px\" \/><\/p>\n<p><strong>Grand Hotel<\/strong><\/p>\n<p>\u00c5r 1876 \u00f6ppnade Josef Schwaiger &#8221;Hotel Krone&#8221; i det tidigare &#8221;Klampferhaus&#8221; p\u00e5 halv\u00f6n vid sj\u00f6n Zell. Efter flera \u00e4garbyten f\u00f6rv\u00e4rvade\u00a0 Carl B\u00f6hm och hans fru Therese hotellet i april 1887. De renoverade och byggde ut hotellet i flera etapper tills det slutligen uppn\u00e5dde sin nuvarande form och fasad. I maj 1896 var arbetet \u00e4ntligen klart. Carl B\u00f6hm gav d\u00e5 sitt verk ett nytt namn, Grandhotel am See. Bland m\u00e5nga av de celebra g\u00e4ster som turistade orten under 1800-talet fanns bland annat kejsarinnan Elisabeth och kejsarn Franz Josef.<\/p>\n<p>Under de n\u00e4ra 140 \u00e5ren hotellet funnits har det genomg\u00e5tt b\u00e5de glansdagar och f\u00f6rfall. Efter andra v\u00e4rldskriget var hotellet i d\u00e5ligt skick men rustades \u00e5ter upp och idag st\u00e5r hotellet i sin forna prakt.<\/p>\n<p><img loading=\"lazy\" decoding=\"async\" class=\"aligncenter wp-image-33703 size-large\" src=\"https:\/\/majipparesor.se\/wp-content\/uploads\/2023\/01\/20220708_092251-1024x689.jpg\" alt=\"\" width=\"800\" height=\"538\" srcset=\"https:\/\/majipparesor.se\/wp-content\/uploads\/2023\/01\/20220708_092251-1024x689.jpg 1024w, https:\/\/majipparesor.se\/wp-content\/uploads\/2023\/01\/20220708_092251-300x202.jpg 300w, https:\/\/majipparesor.se\/wp-content\/uploads\/2023\/01\/20220708_092251-768x517.jpg 768w, https:\/\/majipparesor.se\/wp-content\/uploads\/2023\/01\/20220708_092251-1536x1033.jpg 1536w, https:\/\/majipparesor.se\/wp-content\/uploads\/2023\/01\/20220708_092251-2048x1378.jpg 2048w\" sizes=\"auto, (max-width: 800px) 100vw, 800px\" \/><\/p>\n<p><img loading=\"lazy\" decoding=\"async\" class=\"aligncenter wp-image-33714 size-large\" src=\"https:\/\/majipparesor.se\/wp-content\/uploads\/2023\/01\/20220708_090358-662x1024.jpg\" alt=\"\" width=\"662\" height=\"1024\" srcset=\"https:\/\/majipparesor.se\/wp-content\/uploads\/2023\/01\/20220708_090358-662x1024.jpg 662w, https:\/\/majipparesor.se\/wp-content\/uploads\/2023\/01\/20220708_090358-194x300.jpg 194w, https:\/\/majipparesor.se\/wp-content\/uploads\/2023\/01\/20220708_090358-768x1188.jpg 768w, https:\/\/majipparesor.se\/wp-content\/uploads\/2023\/01\/20220708_090358-993x1536.jpg 993w, https:\/\/majipparesor.se\/wp-content\/uploads\/2023\/01\/20220708_090358-1324x2048.jpg 1324w, https:\/\/majipparesor.se\/wp-content\/uploads\/2023\/01\/20220708_090358-scaled.jpg 1655w\" sizes=\"auto, (max-width: 662px) 100vw, 662px\" \/><\/p>\n<p>\u00c4ven om Zell am See \u00e4r mysigt p\u00e5 alla s\u00e4tt \u00e4r det nog s\u00e5 att staden \u00e4nd\u00e5 g\u00f6r sig b\u00e4st som skidort. \u00c5r 1906 grundades en skidklubb i Zell och samma \u00e5r h\u00f6lls ortens f\u00f6rsta vintersportfestival. I slutet av 1920-talet fick orten stadsr\u00e4ttigheter och man p\u00e5b\u00f6rjade projektet att bygga Schmittenh\u00f6he-banan f\u00f6r att transportera turister upp p\u00e5 berget Schmittenh\u00f6he. Det anlades ocks\u00e5 tennisbanor, som vintertid gjordes om till isbanor f\u00f6r skridsko\u00e5kning och ishockey.<\/p>\n<p data-start=\"58\" data-end=\"308\">Att \u00e5ka till Zell am See vintertid \u00e4r en riktig klassiker. Under 80- och 90-talen var orten kanske mest k\u00e4nd f\u00f6r sitt livliga nattliv och h\u00f6ga festst\u00e4mning, men idag f\u00f6rknippas den framf\u00f6r allt med sn\u00f6s\u00e4kra f\u00f6rh\u00e5llanden och en h\u00e4rlig alpint atmosf\u00e4r.<\/p>\n<p data-start=\"310\" data-end=\"625\" data-is-last-node=\"\" data-is-only-node=\"\">H\u00e4r finns gott om backar som passar alla typer av skid\u00e5kare, oavsett niv\u00e5. \u00c4ven l\u00e4ngdskid\u00e5kning har fina f\u00f6ruts\u00e4ttningar, med omkring 40 kilometer preparerade sp\u00e5r i omr\u00e5det Zell am See\u2013Kaprun. En riktig klassiker \u00e4r turen som g\u00e5r runt Zeller See, d\u00e4r man f\u00e5r uppleva b\u00e5de sj\u00f6n och de omgivande bergen p\u00e5 n\u00e4ra h\u00e5ll.<\/p>\n<p><img loading=\"lazy\" decoding=\"async\" class=\"aligncenter wp-image-33713 size-large\" src=\"https:\/\/majipparesor.se\/wp-content\/uploads\/2023\/01\/20220708_090607-864x1024.jpg\" alt=\"\" width=\"800\" height=\"948\" srcset=\"https:\/\/majipparesor.se\/wp-content\/uploads\/2023\/01\/20220708_090607-864x1024.jpg 864w, https:\/\/majipparesor.se\/wp-content\/uploads\/2023\/01\/20220708_090607-253x300.jpg 253w, https:\/\/majipparesor.se\/wp-content\/uploads\/2023\/01\/20220708_090607-768x910.jpg 768w, https:\/\/majipparesor.se\/wp-content\/uploads\/2023\/01\/20220708_090607-1297x1536.jpg 1297w, https:\/\/majipparesor.se\/wp-content\/uploads\/2023\/01\/20220708_090607-1729x2048.jpg 1729w\" sizes=\"auto, (max-width: 800px) 100vw, 800px\" \/><\/p>\n<p><strong>Mysig promenad<\/strong><\/p>\n<p data-start=\"72\" data-end=\"369\">Att strosa runt i Zell am See \u00e4r en mysig upplevelse, det \u00e4r en liten, charmig och pittoresk stad. Trots att vi befinner oss mitt i juli f\u00e5r jag \u00e4nd\u00e5 en tydlig k\u00e4nsla av skidor, valla och vintermilj\u00f6, och k\u00e4nner mig faktiskt ganska hemma h\u00e4r. Det enda som saknas \u00e4r skidorna och f\u00f6rst\u00e5s lite sn\u00f6.<\/p>\n<p data-start=\"371\" data-end=\"562\">Vi g\u00e5r runt p\u00e5 de regnv\u00e5ta gatorna, tittar in i n\u00e5gra butiker och f\u00f6ljer morgonens lugna \u00f6ppningsritualer. N\u00e5gra barer h\u00e5ller precis p\u00e5 att \u00f6ppna, medan restaurangerna fortfarande har st\u00e4ngt.<\/p>\n<p data-start=\"564\" data-end=\"852\" data-is-last-node=\"\" data-is-only-node=\"\">Det \u00e4r \u00e4nnu en p\u00e5minnelse om att det aldrig \u00e4r f\u00f6r sent att ta till sig nya intryck och l\u00e4gga sina f\u00f6rutfattade meningar \u00e5t sidan. \u00d6sterrike p\u00e5 sommaren gav verkligen mersmak, och det \u00e4r inte om\u00f6jligt att vi \u00e5terv\u00e4nder f\u00f6r att utforska vad Alperna har att erbjuda n\u00e4r det g\u00e4ller vandring<\/p>\n<p><img loading=\"lazy\" decoding=\"async\" class=\"aligncenter wp-image-33712 size-large\" src=\"https:\/\/majipparesor.se\/wp-content\/uploads\/2023\/01\/20220708_090649-1024x768.jpg\" alt=\"\" width=\"800\" height=\"600\" srcset=\"https:\/\/majipparesor.se\/wp-content\/uploads\/2023\/01\/20220708_090649-1024x768.jpg 1024w, https:\/\/majipparesor.se\/wp-content\/uploads\/2023\/01\/20220708_090649-300x225.jpg 300w, https:\/\/majipparesor.se\/wp-content\/uploads\/2023\/01\/20220708_090649-768x576.jpg 768w, https:\/\/majipparesor.se\/wp-content\/uploads\/2023\/01\/20220708_090649-1536x1152.jpg 1536w, https:\/\/majipparesor.se\/wp-content\/uploads\/2023\/01\/20220708_090649-2048x1536.jpg 2048w\" sizes=\"auto, (max-width: 800px) 100vw, 800px\" \/><\/p>\n<p><img loading=\"lazy\" decoding=\"async\" class=\"aligncenter wp-image-33711 size-large\" src=\"https:\/\/majipparesor.se\/wp-content\/uploads\/2023\/01\/20220708_090710-736x1024.jpg\" alt=\"\" width=\"736\" height=\"1024\" srcset=\"https:\/\/majipparesor.se\/wp-content\/uploads\/2023\/01\/20220708_090710-736x1024.jpg 736w, https:\/\/majipparesor.se\/wp-content\/uploads\/2023\/01\/20220708_090710-216x300.jpg 216w, https:\/\/majipparesor.se\/wp-content\/uploads\/2023\/01\/20220708_090710-768x1069.jpg 768w, https:\/\/majipparesor.se\/wp-content\/uploads\/2023\/01\/20220708_090710-1104x1536.jpg 1104w, https:\/\/majipparesor.se\/wp-content\/uploads\/2023\/01\/20220708_090710-1472x2048.jpg 1472w, https:\/\/majipparesor.se\/wp-content\/uploads\/2023\/01\/20220708_090710-scaled.jpg 1840w\" sizes=\"auto, (max-width: 736px) 100vw, 736px\" \/><\/p>\n<p><img loading=\"lazy\" decoding=\"async\" class=\"aligncenter wp-image-33710 size-large\" src=\"https:\/\/majipparesor.se\/wp-content\/uploads\/2023\/01\/20220708_090656-954x1024.jpg\" alt=\"\" width=\"800\" height=\"859\" srcset=\"https:\/\/majipparesor.se\/wp-content\/uploads\/2023\/01\/20220708_090656-954x1024.jpg 954w, https:\/\/majipparesor.se\/wp-content\/uploads\/2023\/01\/20220708_090656-279x300.jpg 279w, https:\/\/majipparesor.se\/wp-content\/uploads\/2023\/01\/20220708_090656-768x825.jpg 768w, https:\/\/majipparesor.se\/wp-content\/uploads\/2023\/01\/20220708_090656-1431x1536.jpg 1431w, https:\/\/majipparesor.se\/wp-content\/uploads\/2023\/01\/20220708_090656-1907x2048.jpg 1907w\" sizes=\"auto, (max-width: 800px) 100vw, 800px\" \/><\/p>\n<p><img loading=\"lazy\" decoding=\"async\" class=\"aligncenter wp-image-33709 size-large\" src=\"https:\/\/majipparesor.se\/wp-content\/uploads\/2023\/01\/20220708_090716-884x1024.jpg\" alt=\"\" width=\"800\" height=\"927\" srcset=\"https:\/\/majipparesor.se\/wp-content\/uploads\/2023\/01\/20220708_090716-884x1024.jpg 884w, https:\/\/majipparesor.se\/wp-content\/uploads\/2023\/01\/20220708_090716-259x300.jpg 259w, https:\/\/majipparesor.se\/wp-content\/uploads\/2023\/01\/20220708_090716-768x890.jpg 768w, https:\/\/majipparesor.se\/wp-content\/uploads\/2023\/01\/20220708_090716-1325x1536.jpg 1325w, https:\/\/majipparesor.se\/wp-content\/uploads\/2023\/01\/20220708_090716-1767x2048.jpg 1767w\" sizes=\"auto, (max-width: 800px) 100vw, 800px\" \/><\/p>\n<section id=\"c1702\" class=\" \">\n<div class=\"tx-dce-pi1\">\n<div class=\"partItem part01\">\n<div class=\"col-xs-12 col-md-5 col-md-push-1 textPart\">\n<div class=\"text\">\n<p><img loading=\"lazy\" decoding=\"async\" class=\"aligncenter wp-image-33708 size-large\" src=\"https:\/\/majipparesor.se\/wp-content\/uploads\/2023\/01\/20220708_090838-924x1024.jpg\" alt=\"\" width=\"800\" height=\"887\" srcset=\"https:\/\/majipparesor.se\/wp-content\/uploads\/2023\/01\/20220708_090838-924x1024.jpg 924w, https:\/\/majipparesor.se\/wp-content\/uploads\/2023\/01\/20220708_090838-271x300.jpg 271w, https:\/\/majipparesor.se\/wp-content\/uploads\/2023\/01\/20220708_090838-768x851.jpg 768w, https:\/\/majipparesor.se\/wp-content\/uploads\/2023\/01\/20220708_090838-1386x1536.jpg 1386w, https:\/\/majipparesor.se\/wp-content\/uploads\/2023\/01\/20220708_090838-1848x2048.jpg 1848w\" sizes=\"auto, (max-width: 800px) 100vw, 800px\" \/><\/p>\n<p style=\"text-align: center;\"><em>Vi ser m\u00e5nga fina hus smyckade med f\u00e4rggranna m\u00e5lningar p\u00e5 sina fasader.<\/em><\/p>\n<p><img loading=\"lazy\" decoding=\"async\" class=\"aligncenter wp-image-33707 size-large\" src=\"https:\/\/majipparesor.se\/wp-content\/uploads\/2023\/01\/20220708_090938-768x1024.jpg\" alt=\"\" width=\"768\" height=\"1024\" srcset=\"https:\/\/majipparesor.se\/wp-content\/uploads\/2023\/01\/20220708_090938-768x1024.jpg 768w, https:\/\/majipparesor.se\/wp-content\/uploads\/2023\/01\/20220708_090938-225x300.jpg 225w, https:\/\/majipparesor.se\/wp-content\/uploads\/2023\/01\/20220708_090938-1152x1536.jpg 1152w, https:\/\/majipparesor.se\/wp-content\/uploads\/2023\/01\/20220708_090938-1536x2048.jpg 1536w, https:\/\/majipparesor.se\/wp-content\/uploads\/2023\/01\/20220708_090938-scaled.jpg 1920w\" sizes=\"auto, (max-width: 768px) 100vw, 768px\" \/><\/p>\n<p><img loading=\"lazy\" decoding=\"async\" class=\"aligncenter wp-image-33706 size-large\" src=\"https:\/\/majipparesor.se\/wp-content\/uploads\/2023\/01\/20220708_091021-768x1024.jpg\" alt=\"\" width=\"768\" height=\"1024\" srcset=\"https:\/\/majipparesor.se\/wp-content\/uploads\/2023\/01\/20220708_091021-768x1024.jpg 768w, https:\/\/majipparesor.se\/wp-content\/uploads\/2023\/01\/20220708_091021-225x300.jpg 225w, https:\/\/majipparesor.se\/wp-content\/uploads\/2023\/01\/20220708_091021-1152x1536.jpg 1152w, https:\/\/majipparesor.se\/wp-content\/uploads\/2023\/01\/20220708_091021-1536x2048.jpg 1536w, https:\/\/majipparesor.se\/wp-content\/uploads\/2023\/01\/20220708_091021-scaled.jpg 1920w\" sizes=\"auto, (max-width: 768px) 100vw, 768px\" \/><\/p>\n<p><img loading=\"lazy\" decoding=\"async\" class=\"aligncenter wp-image-33702 size-large\" src=\"https:\/\/majipparesor.se\/wp-content\/uploads\/2023\/01\/20220708_092547-1024x768.jpg\" alt=\"\" width=\"800\" height=\"600\" srcset=\"https:\/\/majipparesor.se\/wp-content\/uploads\/2023\/01\/20220708_092547-1024x768.jpg 1024w, https:\/\/majipparesor.se\/wp-content\/uploads\/2023\/01\/20220708_092547-300x225.jpg 300w, https:\/\/majipparesor.se\/wp-content\/uploads\/2023\/01\/20220708_092547-768x576.jpg 768w, https:\/\/majipparesor.se\/wp-content\/uploads\/2023\/01\/20220708_092547-1536x1152.jpg 1536w, https:\/\/majipparesor.se\/wp-content\/uploads\/2023\/01\/20220708_092547-2048x1536.jpg 2048w\" sizes=\"auto, (max-width: 800px) 100vw, 800px\" \/><\/p>\n<p><img loading=\"lazy\" decoding=\"async\" class=\"aligncenter wp-image-33701 size-large\" src=\"https:\/\/majipparesor.se\/wp-content\/uploads\/2023\/01\/20220708_092632-939x1024.jpg\" alt=\"\" width=\"800\" height=\"872\" srcset=\"https:\/\/majipparesor.se\/wp-content\/uploads\/2023\/01\/20220708_092632-939x1024.jpg 939w, https:\/\/majipparesor.se\/wp-content\/uploads\/2023\/01\/20220708_092632-275x300.jpg 275w, https:\/\/majipparesor.se\/wp-content\/uploads\/2023\/01\/20220708_092632-768x838.jpg 768w, https:\/\/majipparesor.se\/wp-content\/uploads\/2023\/01\/20220708_092632-1408x1536.jpg 1408w, https:\/\/majipparesor.se\/wp-content\/uploads\/2023\/01\/20220708_092632-1877x2048.jpg 1877w\" sizes=\"auto, (max-width: 800px) 100vw, 800px\" \/><\/p>\n<p><img loading=\"lazy\" decoding=\"async\" class=\"aligncenter wp-image-33700 size-large\" src=\"https:\/\/majipparesor.se\/wp-content\/uploads\/2023\/01\/20220708_092703-1024x768.jpg\" alt=\"\" width=\"800\" height=\"600\" srcset=\"https:\/\/majipparesor.se\/wp-content\/uploads\/2023\/01\/20220708_092703-1024x768.jpg 1024w, https:\/\/majipparesor.se\/wp-content\/uploads\/2023\/01\/20220708_092703-300x225.jpg 300w, https:\/\/majipparesor.se\/wp-content\/uploads\/2023\/01\/20220708_092703-768x576.jpg 768w, https:\/\/majipparesor.se\/wp-content\/uploads\/2023\/01\/20220708_092703-1536x1152.jpg 1536w, https:\/\/majipparesor.se\/wp-content\/uploads\/2023\/01\/20220708_092703-2048x1536.jpg 2048w\" sizes=\"auto, (max-width: 800px) 100vw, 800px\" \/><\/p>\n<p><img loading=\"lazy\" decoding=\"async\" class=\"aligncenter wp-image-33699 size-large\" src=\"https:\/\/majipparesor.se\/wp-content\/uploads\/2023\/01\/20220708_092925-768x1024.jpg\" alt=\"\" width=\"768\" height=\"1024\" srcset=\"https:\/\/majipparesor.se\/wp-content\/uploads\/2023\/01\/20220708_092925-768x1024.jpg 768w, https:\/\/majipparesor.se\/wp-content\/uploads\/2023\/01\/20220708_092925-225x300.jpg 225w, https:\/\/majipparesor.se\/wp-content\/uploads\/2023\/01\/20220708_092925-1152x1536.jpg 1152w, https:\/\/majipparesor.se\/wp-content\/uploads\/2023\/01\/20220708_092925-1536x2048.jpg 1536w, https:\/\/majipparesor.se\/wp-content\/uploads\/2023\/01\/20220708_092925-scaled.jpg 1920w\" sizes=\"auto, (max-width: 768px) 100vw, 768px\" \/><\/p>\n<p><img loading=\"lazy\" decoding=\"async\" class=\"aligncenter wp-image-33698 size-large\" src=\"https:\/\/majipparesor.se\/wp-content\/uploads\/2023\/01\/20220708_093025-493x1024.jpg\" alt=\"\" width=\"493\" height=\"1024\" srcset=\"https:\/\/majipparesor.se\/wp-content\/uploads\/2023\/01\/20220708_093025-493x1024.jpg 493w, https:\/\/majipparesor.se\/wp-content\/uploads\/2023\/01\/20220708_093025-145x300.jpg 145w, https:\/\/majipparesor.se\/wp-content\/uploads\/2023\/01\/20220708_093025-768x1594.jpg 768w, https:\/\/majipparesor.se\/wp-content\/uploads\/2023\/01\/20220708_093025-740x1536.jpg 740w, https:\/\/majipparesor.se\/wp-content\/uploads\/2023\/01\/20220708_093025-987x2048.jpg 987w, https:\/\/majipparesor.se\/wp-content\/uploads\/2023\/01\/20220708_093025-scaled.jpg 1233w\" sizes=\"auto, (max-width: 493px) 100vw, 493px\" \/><\/p>\n<p><img loading=\"lazy\" decoding=\"async\" class=\"aligncenter wp-image-33697 size-large\" src=\"https:\/\/majipparesor.se\/wp-content\/uploads\/2023\/01\/20220708_093114-1024x801.jpg\" alt=\"\" width=\"800\" height=\"626\" srcset=\"https:\/\/majipparesor.se\/wp-content\/uploads\/2023\/01\/20220708_093114-1024x801.jpg 1024w, https:\/\/majipparesor.se\/wp-content\/uploads\/2023\/01\/20220708_093114-300x235.jpg 300w, https:\/\/majipparesor.se\/wp-content\/uploads\/2023\/01\/20220708_093114-768x601.jpg 768w, https:\/\/majipparesor.se\/wp-content\/uploads\/2023\/01\/20220708_093114-1536x1201.jpg 1536w, https:\/\/majipparesor.se\/wp-content\/uploads\/2023\/01\/20220708_093114-2048x1602.jpg 2048w\" sizes=\"auto, (max-width: 800px) 100vw, 800px\" \/><\/p>\n<p><img loading=\"lazy\" decoding=\"async\" class=\"aligncenter wp-image-33696 size-large\" src=\"https:\/\/majipparesor.se\/wp-content\/uploads\/2023\/01\/20220708_093013-768x1024.jpg\" alt=\"\" width=\"768\" height=\"1024\" srcset=\"https:\/\/majipparesor.se\/wp-content\/uploads\/2023\/01\/20220708_093013-768x1024.jpg 768w, https:\/\/majipparesor.se\/wp-content\/uploads\/2023\/01\/20220708_093013-225x300.jpg 225w, https:\/\/majipparesor.se\/wp-content\/uploads\/2023\/01\/20220708_093013-1152x1536.jpg 1152w, https:\/\/majipparesor.se\/wp-content\/uploads\/2023\/01\/20220708_093013-1536x2048.jpg 1536w, https:\/\/majipparesor.se\/wp-content\/uploads\/2023\/01\/20220708_093013-scaled.jpg 1920w\" sizes=\"auto, (max-width: 768px) 100vw, 768px\" \/><\/p>\n<\/div>\n<\/div>\n<\/div>\n<\/div>\n<\/section>\n<section id=\"c1703\" class=\" \">\n<div class=\"tx-dce-pi1\">\n<div class=\"partItem part02\">\n<div class=\"row\">\n<div class=\"col-xs-6 col-xs-push-6 col-sm-6 col-sm-push-0 right\">\n<div class=\"col-xs-12\">\n<div class=\"image3\">\n<div class=\"ce-textpic\">\n<div class=\"ce-gallery\">\n<figure><a class=\"ajax cboxElement\" href=\"https:\/\/www.grandhotel-zellamsee.at\/fileadmin\/_processed_\/b\/5\/csm_Grand_Hotel_Bild_4__11_2015_1fec271ba1.png\" data-rel=\"1703\"><picture><source srcset=\"\/fileadmin\/_processed_\/b\/5\/csm_Grand_Hotel_Bild_4__11_2015_83e30e2169.png\" media=\"(max-width: 767px)\" \/><source srcset=\"\/fileadmin\/_processed_\/b\/5\/csm_Grand_Hotel_Bild_4__11_2015_4e1164a990.png\" media=\"(min-width: 768px) and (max-width: 991px)\" \/><source srcset=\"\/fileadmin\/_processed_\/b\/5\/csm_Grand_Hotel_Bild_4__11_2015_9daeeab503.png\" media=\"(min-width: 992px) and (max-width: 1301px)\" \/><source srcset=\"\/fileadmin\/_processed_\/b\/5\/csm_Grand_Hotel_Bild_4__11_2015_dc4b35a854.png\" media=\"(min-width: 1302px)\" \/><source srcset=\"\/fileadmin\/_processed_\/b\/5\/csm_Grand_Hotel_Bild_4__11_2015_9daeeab503.png\" \/><\/picture><\/a><\/figure>\n<\/div>\n<\/div>\n<\/div>\n<\/div>\n<\/div>\n<\/div>\n<\/div>\n<\/div>\n<\/section>\n<ul class='related_post'><li><\/li><\/ul>","protected":false},"excerpt":{"rendered":"<p>Under sommaren 2022 \u00e5rs bilresa k\u00f6r vi genom \u00d6sterrike och hinner se flera av de platser som jag tidigare endast<\/p>\n","protected":false},"author":1,"featured_media":33721,"comment_status":"open","ping_status":"open","sticky":false,"template":"","format":"standard","meta":{"colormag_page_container_layout":"default_layout","colormag_page_sidebar_layout":"default_layout","om_disable_all_campaigns":false,"_monsterinsights_skip_tracking":false,"_monsterinsights_sitenote_active":false,"_monsterinsights_sitenote_note":"","_monsterinsights_sitenote_category":0,"_uf_show_specific_survey":0,"_uf_disable_surveys":false,"footnotes":""},"categories":[69],"tags":[],"class_list":["post-33726","post","type-post","status-publish","format-standard","has-post-thumbnail","hentry","category-osterrike"],"aioseo_notices":[],"_links":{"self":[{"href":"https:\/\/majipparesor.se\/index.php?rest_route=\/wp\/v2\/posts\/33726","targetHints":{"allow":["GET"]}}],"collection":[{"href":"https:\/\/majipparesor.se\/index.php?rest_route=\/wp\/v2\/posts"}],"about":[{"href":"https:\/\/majipparesor.se\/index.php?rest_route=\/wp\/v2\/types\/post"}],"author":[{"embeddable":true,"href":"https:\/\/majipparesor.se\/index.php?rest_route=\/wp\/v2\/users\/1"}],"replies":[{"embeddable":true,"href":"https:\/\/majipparesor.se\/index.php?rest_route=%2Fwp%2Fv2%2Fcomments&post=33726"}],"version-history":[{"count":20,"href":"https:\/\/majipparesor.se\/index.php?rest_route=\/wp\/v2\/posts\/33726\/revisions"}],"predecessor-version":[{"id":48920,"href":"https:\/\/majipparesor.se\/index.php?rest_route=\/wp\/v2\/posts\/33726\/revisions\/48920"}],"wp:featuredmedia":[{"embeddable":true,"href":"https:\/\/majipparesor.se\/index.php?rest_route=\/wp\/v2\/media\/33721"}],"wp:attachment":[{"href":"https:\/\/majipparesor.se\/index.php?rest_route=%2Fwp%2Fv2%2Fmedia&parent=33726"}],"wp:term":[{"taxonomy":"category","embeddable":true,"href":"https:\/\/majipparesor.se\/index.php?rest_route=%2Fwp%2Fv2%2Fcategories&post=33726"},{"taxonomy":"post_tag","embeddable":true,"href":"https:\/\/majipparesor.se\/index.php?rest_route=%2Fwp%2Fv2%2Ftags&post=33726"}],"curies":[{"name":"wp","href":"https:\/\/api.w.org\/{rel}","templated":true}]}}