{"id":36099,"date":"2023-07-19T05:02:33","date_gmt":"2023-07-19T05:02:33","guid":{"rendered":"https:\/\/majipparesor.se\/?p=36099"},"modified":"2026-04-27T13:05:21","modified_gmt":"2026-04-27T13:05:21","slug":"san-sebastian-livlig-och-charmig-kuststad-i-spanien","status":"publish","type":"post","link":"https:\/\/majipparesor.se\/?p=36099","title":{"rendered":"San Sebastian &#8211; Livlig och charmig kuststad i Spanien"},"content":{"rendered":"<p style=\"text-align: left;\"><strong>Efter att tillbringat n\u00e5gra dagar i Portugal tar vi oss vidare genom Spanien och hamnar i den h\u00e4rliga spanska kuststaden San Sebastian. Stadens l\u00e4ge i norra Spanien vid Biscayabukten g\u00f6r den till en av landets absolut charmigaste st\u00e4der.<\/strong><\/p>\n<p>Vi \u00e4r ganska sena n\u00e4r vi till sist efter m\u00e5nga mils bilk\u00f6rning i ett \u00f6dsligt spanskt inland till sist n\u00e5r San Sebastian. Jag har letat hotell under eftermiddagen men det har varit lite sv\u00e5rt att hitta ett hotell med l\u00e4ge precis i stadsk\u00e4rnan. Jag hittar ett hotell med lite l\u00e4ngre avst\u00e5nd \u00e4n t\u00e4nkt, det \u00e4r knappa kilometern till stranden och den historiska delen av San Sebastian.<\/p>\n<p><img loading=\"lazy\" decoding=\"async\" class=\"aligncenter wp-image-36084 size-large\" src=\"https:\/\/majipparesor.se\/wp-content\/uploads\/2023\/07\/20230702_205424-768x1024.jpg\" alt=\"\" width=\"768\" height=\"1024\" srcset=\"https:\/\/majipparesor.se\/wp-content\/uploads\/2023\/07\/20230702_205424-768x1024.jpg 768w, https:\/\/majipparesor.se\/wp-content\/uploads\/2023\/07\/20230702_205424-225x300.jpg 225w, https:\/\/majipparesor.se\/wp-content\/uploads\/2023\/07\/20230702_205424-1152x1536.jpg 1152w, https:\/\/majipparesor.se\/wp-content\/uploads\/2023\/07\/20230702_205424-1536x2048.jpg 1536w, https:\/\/majipparesor.se\/wp-content\/uploads\/2023\/07\/20230702_205424-scaled.jpg 1920w\" sizes=\"auto, (max-width: 768px) 100vw, 768px\" \/><\/p>\n<p><strong>Tour de France<\/strong><\/p>\n<p>Det \u00e4r inte konstigt att det \u00e4r lite sv\u00e5rt att spontanboka d\u00e5 det visar sig att den v\u00e4rldsber\u00f6mda cykelt\u00e4vlingen Tour de France g\u00e5r av stapeln h\u00e4r under tv\u00e5 dagar. Just de tv\u00e5 dagar som vi kommer att vistas h\u00e4r, s\u00e5 typiskt. N\u00e4r Tour de France befinner sig i stan \u00e4r n\u00e4stan alla v\u00e4gar i centrum avst\u00e4ngda eller \u00e5tminstone blir de det senare under kv\u00e4llen. Dessutom \u00e4r staden fylld till bristningsgr\u00e4ns av b\u00e5de turister, arrang\u00f6rer, funktion\u00e4rer och p\u00e5hejare till cykelloppet.<\/p>\n<p><img loading=\"lazy\" decoding=\"async\" class=\"aligncenter wp-image-36096 size-large\" src=\"https:\/\/majipparesor.se\/wp-content\/uploads\/2023\/07\/20230702_184541-897x1024.jpg\" alt=\"\" width=\"800\" height=\"913\" srcset=\"https:\/\/majipparesor.se\/wp-content\/uploads\/2023\/07\/20230702_184541-897x1024.jpg 897w, https:\/\/majipparesor.se\/wp-content\/uploads\/2023\/07\/20230702_184541-263x300.jpg 263w, https:\/\/majipparesor.se\/wp-content\/uploads\/2023\/07\/20230702_184541-768x877.jpg 768w, https:\/\/majipparesor.se\/wp-content\/uploads\/2023\/07\/20230702_184541-1346x1536.jpg 1346w, https:\/\/majipparesor.se\/wp-content\/uploads\/2023\/07\/20230702_184541-1794x2048.jpg 1794w\" sizes=\"auto, (max-width: 800px) 100vw, 800px\" \/><\/p>\n<p>Kanske har vi \u00e4nd\u00e5 lite tur n\u00e4r vi lyckas hitta ett tv\u00e5stj\u00e4rnigt mycket trevligt hotell med parkeringsgarage precis intill till ett rimligt pris och n\u00e4r vi suttit i bilen i princip hela dagen \u00e4r det f\u00f6rst\u00e5s sk\u00f6nt att r\u00f6ra p\u00e5 sig. Det \u00e4r heller inte f\u00f6r varmt, det \u00e4r lagom temperatur f\u00f6r att g\u00f6ra liten sightseeing men framf\u00f6r allt \u00e4r vi hungriga.<\/p>\n<p>&nbsp;<\/p>\n<p><img loading=\"lazy\" decoding=\"async\" class=\"aligncenter wp-image-36094 size-large\" src=\"https:\/\/majipparesor.se\/wp-content\/uploads\/2023\/07\/20230702_185232-1024x1012.jpg\" alt=\"\" width=\"800\" height=\"791\" srcset=\"https:\/\/majipparesor.se\/wp-content\/uploads\/2023\/07\/20230702_185232-1024x1012.jpg 1024w, https:\/\/majipparesor.se\/wp-content\/uploads\/2023\/07\/20230702_185232-300x297.jpg 300w, https:\/\/majipparesor.se\/wp-content\/uploads\/2023\/07\/20230702_185232-768x759.jpg 768w, https:\/\/majipparesor.se\/wp-content\/uploads\/2023\/07\/20230702_185232-1536x1519.jpg 1536w, https:\/\/majipparesor.se\/wp-content\/uploads\/2023\/07\/20230702_185232-2048x2025.jpg 2048w\" sizes=\"auto, (max-width: 800px) 100vw, 800px\" \/><\/p>\n<p>Fr\u00e5n v\u00e5rt hotell \u00e4r det bara att g\u00e5 gatan fram s\u00e5 \u00e4r vi snart framme vid den st\u00f6rsta av de tre sandstr\u00e4nder som omger San Sebastian. H\u00e4r vid den st\u00f6rsta stranden La Concha vimlare det av folk och vi har faktiskt lite sv\u00e5rt att ta oss fram mot gamla stan, Parte Vieja, som ligger intill stranden.<\/p>\n<p>Att det \u00e4r folkfest r\u00e5der ingen tvivel om n\u00e4r vi strosar utmed den fina strandpromenaden. Man har g\u00e5tt man ur huse f\u00f6r att ta del av Tour de France. Jag har absolut ingen koll p\u00e5 dagens cyklister i dessa sammanhang men sporten f\u00f6ljs tydligen med stort intresse h\u00e4r i San Sebastian.<\/p>\n<p><img loading=\"lazy\" decoding=\"async\" class=\"aligncenter wp-image-36100 size-large\" src=\"https:\/\/majipparesor.se\/wp-content\/uploads\/2023\/07\/20230702_184521-784x1024.jpg\" alt=\"\" width=\"784\" height=\"1024\" srcset=\"https:\/\/majipparesor.se\/wp-content\/uploads\/2023\/07\/20230702_184521-784x1024.jpg 784w, https:\/\/majipparesor.se\/wp-content\/uploads\/2023\/07\/20230702_184521-230x300.jpg 230w, https:\/\/majipparesor.se\/wp-content\/uploads\/2023\/07\/20230702_184521-768x1003.jpg 768w, https:\/\/majipparesor.se\/wp-content\/uploads\/2023\/07\/20230702_184521-1176x1536.jpg 1176w, https:\/\/majipparesor.se\/wp-content\/uploads\/2023\/07\/20230702_184521-1567x2048.jpg 1567w, https:\/\/majipparesor.se\/wp-content\/uploads\/2023\/07\/20230702_184521-scaled.jpg 1959w\" sizes=\"auto, (max-width: 784px) 100vw, 784px\" \/><\/p>\n<p style=\"text-align: left;\">F\u00f6r 100 \u00e5r sedan var San Sebastian liksom idag en mycket popul\u00e4r semesterstad d\u00e4r kungligheter, k\u00e4ndisar och aristokrater roade sig. Ett g\u00e4ng nostalgiker har kl\u00e4tt upp sig i den tidsandan och flanerar med vackra l\u00e5ngkl\u00e4nningar och och tjusiga hattar.<\/p>\n<p><img loading=\"lazy\" decoding=\"async\" class=\"aligncenter wp-image-36092 size-large\" src=\"https:\/\/majipparesor.se\/wp-content\/uploads\/2023\/07\/20230702_190037-794x1024.jpg\" alt=\"\" width=\"794\" height=\"1024\" srcset=\"https:\/\/majipparesor.se\/wp-content\/uploads\/2023\/07\/20230702_190037-794x1024.jpg 794w, https:\/\/majipparesor.se\/wp-content\/uploads\/2023\/07\/20230702_190037-233x300.jpg 233w, https:\/\/majipparesor.se\/wp-content\/uploads\/2023\/07\/20230702_190037-768x990.jpg 768w, https:\/\/majipparesor.se\/wp-content\/uploads\/2023\/07\/20230702_190037-1192x1536.jpg 1192w, https:\/\/majipparesor.se\/wp-content\/uploads\/2023\/07\/20230702_190037-1589x2048.jpg 1589w, https:\/\/majipparesor.se\/wp-content\/uploads\/2023\/07\/20230702_190037-scaled.jpg 1986w\" sizes=\"auto, (max-width: 794px) 100vw, 794px\" \/><\/p>\n<p><img loading=\"lazy\" decoding=\"async\" class=\"aligncenter wp-image-36089 size-large\" src=\"https:\/\/majipparesor.se\/wp-content\/uploads\/2023\/07\/20230702_190255-768x1024.jpg\" alt=\"\" width=\"768\" height=\"1024\" srcset=\"https:\/\/majipparesor.se\/wp-content\/uploads\/2023\/07\/20230702_190255-768x1024.jpg 768w, https:\/\/majipparesor.se\/wp-content\/uploads\/2023\/07\/20230702_190255-225x300.jpg 225w, https:\/\/majipparesor.se\/wp-content\/uploads\/2023\/07\/20230702_190255-1152x1536.jpg 1152w, https:\/\/majipparesor.se\/wp-content\/uploads\/2023\/07\/20230702_190255-1536x2048.jpg 1536w, https:\/\/majipparesor.se\/wp-content\/uploads\/2023\/07\/20230702_190255-scaled.jpg 1920w\" sizes=\"auto, (max-width: 768px) 100vw, 768px\" \/><\/p>\n<p><strong>Mysig stadsk\u00e4rna<\/strong><\/p>\n<p>Gamla stan i San Sebastian \u00e4r b\u00e5de mysig och charmig. Vackra hus tr\u00e4ngs med flera st\u00e5tliga kyrkobyggnader. Det \u00e4r sv\u00e5rt att inte falla pladask f\u00f6r denna dynamiska stad \u00e4ven om de tr\u00e5nga gatorna och gr\u00e4nderna \u00e4r ett enda stort hav med m\u00e4nniskor. Och \u00e4ven om det inte vore f\u00f6r Tour de France skulle s\u00e4kert staden \u00e4nd\u00e5 vara ett folkhav s\u00e5 h\u00e4r p\u00e5 kv\u00e4llskvisten, utan att f\u00f6r den delen vara st\u00f6rande. Kanske \u00e4r det just folklivet, kvarteren med alla restauranger och tapasbarer tillsammans med vidstr\u00e4ckta str\u00e4nder som \u00e4r charmen med San Sebastian.<\/p>\n<p><img loading=\"lazy\" decoding=\"async\" class=\"aligncenter wp-image-36101 size-large\" src=\"https:\/\/majipparesor.se\/wp-content\/uploads\/2023\/07\/20230702_190828-1024x768.jpg\" alt=\"\" width=\"800\" height=\"600\" srcset=\"https:\/\/majipparesor.se\/wp-content\/uploads\/2023\/07\/20230702_190828-1024x768.jpg 1024w, https:\/\/majipparesor.se\/wp-content\/uploads\/2023\/07\/20230702_190828-300x225.jpg 300w, https:\/\/majipparesor.se\/wp-content\/uploads\/2023\/07\/20230702_190828-768x576.jpg 768w, https:\/\/majipparesor.se\/wp-content\/uploads\/2023\/07\/20230702_190828-1536x1152.jpg 1536w, https:\/\/majipparesor.se\/wp-content\/uploads\/2023\/07\/20230702_190828-2048x1536.jpg 2048w\" sizes=\"auto, (max-width: 800px) 100vw, 800px\" \/><\/p>\n<p><strong>Mat och dryck<\/strong><\/p>\n<p>Det \u00e4r sv\u00e5rt att hitta ett bord f\u00f6r tv\u00e5 n\u00e4r vi kommer precis i den stora rusningen inf\u00f6r kv\u00e4llens middag. San Sebastian \u00e4r ju k\u00e4nt att vara en av v\u00e4rldens b\u00e4sta matst\u00e4der, ett &#8221;gastronomiskt mecka&#8221; till och med. Jag vill g\u00e4rna ta en runda bland olika restauranger och se menyerna innan jag best\u00e4mmer mig f\u00f6r ett bord men h\u00e4r f\u00e5r vi vara lite snabba f\u00f6r att \u00f6verhuvudtaget f\u00e5 ett bord p\u00e5 n\u00e5gon av alla Tapasbarer och restauranger.<\/p>\n<p>N\u00e4r jag b\u00f6rjar misstr\u00f6sta g\u00e5r vi tillbaka till den kanske mest popul\u00e4ra restaurangen och f\u00e5r faktiskt ett bord i deras k\u00e4llare. Det \u00e4r tr\u00e5ngt men sj\u00e4lvklart \u00e4r vi glada f\u00f6r att \u00e4ntligen kunna best\u00e4lla en god m\u00e5ltid.<\/p>\n<p><img loading=\"lazy\" decoding=\"async\" class=\"aligncenter wp-image-36088 size-large\" src=\"https:\/\/majipparesor.se\/wp-content\/uploads\/2023\/07\/20230702_195201-652x1024.jpg\" alt=\"\" width=\"652\" height=\"1024\" srcset=\"https:\/\/majipparesor.se\/wp-content\/uploads\/2023\/07\/20230702_195201-652x1024.jpg 652w, https:\/\/majipparesor.se\/wp-content\/uploads\/2023\/07\/20230702_195201-191x300.jpg 191w, https:\/\/majipparesor.se\/wp-content\/uploads\/2023\/07\/20230702_195201-768x1206.jpg 768w, https:\/\/majipparesor.se\/wp-content\/uploads\/2023\/07\/20230702_195201-978x1536.jpg 978w, https:\/\/majipparesor.se\/wp-content\/uploads\/2023\/07\/20230702_195201-1304x2048.jpg 1304w, https:\/\/majipparesor.se\/wp-content\/uploads\/2023\/07\/20230702_195201-scaled.jpg 1630w\" sizes=\"auto, (max-width: 652px) 100vw, 652px\" \/><\/p>\n<p style=\"text-align: center;\"><em>F\u00f6r oss k\u00e4nns det sj\u00e4lvklart att best\u00e4lla in varsitt glas Sangria och en stor Paella att dela p\u00e5.\u00a0<\/em><\/p>\n<p><img loading=\"lazy\" decoding=\"async\" class=\"aligncenter wp-image-36091 size-large\" src=\"https:\/\/majipparesor.se\/wp-content\/uploads\/2023\/07\/20230702_195308-1024x994.jpg\" alt=\"\" width=\"800\" height=\"777\" srcset=\"https:\/\/majipparesor.se\/wp-content\/uploads\/2023\/07\/20230702_195308-1024x994.jpg 1024w, https:\/\/majipparesor.se\/wp-content\/uploads\/2023\/07\/20230702_195308-300x291.jpg 300w, https:\/\/majipparesor.se\/wp-content\/uploads\/2023\/07\/20230702_195308-768x745.jpg 768w, https:\/\/majipparesor.se\/wp-content\/uploads\/2023\/07\/20230702_195308-1536x1491.jpg 1536w, https:\/\/majipparesor.se\/wp-content\/uploads\/2023\/07\/20230702_195308-2048x1988.jpg 2048w\" sizes=\"auto, (max-width: 800px) 100vw, 800px\" \/><\/p>\n<p><img loading=\"lazy\" decoding=\"async\" class=\"aligncenter wp-image-36093 size-large\" src=\"https:\/\/majipparesor.se\/wp-content\/uploads\/2023\/07\/20230702_185836-768x1024.jpg\" alt=\"\" width=\"768\" height=\"1024\" srcset=\"https:\/\/majipparesor.se\/wp-content\/uploads\/2023\/07\/20230702_185836-768x1024.jpg 768w, https:\/\/majipparesor.se\/wp-content\/uploads\/2023\/07\/20230702_185836-225x300.jpg 225w, https:\/\/majipparesor.se\/wp-content\/uploads\/2023\/07\/20230702_185836-1152x1536.jpg 1152w, https:\/\/majipparesor.se\/wp-content\/uploads\/2023\/07\/20230702_185836-1536x2048.jpg 1536w, https:\/\/majipparesor.se\/wp-content\/uploads\/2023\/07\/20230702_185836-scaled.jpg 1920w\" sizes=\"auto, (max-width: 768px) 100vw, 768px\" \/><\/p>\n<p><strong>Havsn\u00e4ra<\/strong><\/p>\n<p>Efter middagen tar vi oss ut ur Parte Vieja och promenerar vidare till hamnen. H\u00e4r finns ett g\u00e4ng restauranger vilka vi ocks\u00e5 g\u00e4rna testat. Det serveras mycket fisk och skaldjur h\u00e4r och hade inte paellan suttit som en sm\u00e4ck, kunde s\u00e4kert ett g\u00e4ng r\u00e4kor slunkit ner som efterr\u00e4tt.<\/p>\n<p><img loading=\"lazy\" decoding=\"async\" class=\"aligncenter wp-image-36102 size-large\" src=\"https:\/\/majipparesor.se\/wp-content\/uploads\/2023\/07\/20230702_204114-1024x768.jpg\" alt=\"\" width=\"800\" height=\"600\" srcset=\"https:\/\/majipparesor.se\/wp-content\/uploads\/2023\/07\/20230702_204114-1024x768.jpg 1024w, https:\/\/majipparesor.se\/wp-content\/uploads\/2023\/07\/20230702_204114-300x225.jpg 300w, https:\/\/majipparesor.se\/wp-content\/uploads\/2023\/07\/20230702_204114-768x576.jpg 768w, https:\/\/majipparesor.se\/wp-content\/uploads\/2023\/07\/20230702_204114-1536x1152.jpg 1536w, https:\/\/majipparesor.se\/wp-content\/uploads\/2023\/07\/20230702_204114-2048x1536.jpg 2048w\" sizes=\"auto, (max-width: 800px) 100vw, 800px\" \/><\/p>\n<p><img loading=\"lazy\" decoding=\"async\" class=\"aligncenter wp-image-36087 size-large\" src=\"https:\/\/majipparesor.se\/wp-content\/uploads\/2023\/07\/20230702_204144-scaled-e1689260188279-1024x637.jpg\" alt=\"\" width=\"800\" height=\"498\" srcset=\"https:\/\/majipparesor.se\/wp-content\/uploads\/2023\/07\/20230702_204144-scaled-e1689260188279-1024x637.jpg 1024w, https:\/\/majipparesor.se\/wp-content\/uploads\/2023\/07\/20230702_204144-scaled-e1689260188279-300x187.jpg 300w, https:\/\/majipparesor.se\/wp-content\/uploads\/2023\/07\/20230702_204144-scaled-e1689260188279-768x478.jpg 768w, https:\/\/majipparesor.se\/wp-content\/uploads\/2023\/07\/20230702_204144-scaled-e1689260188279-1536x956.jpg 1536w, https:\/\/majipparesor.se\/wp-content\/uploads\/2023\/07\/20230702_204144-scaled-e1689260188279-2048x1275.jpg 2048w\" sizes=\"auto, (max-width: 800px) 100vw, 800px\" \/><\/p>\n<p><img loading=\"lazy\" decoding=\"async\" class=\"aligncenter wp-image-36086 size-large\" src=\"https:\/\/majipparesor.se\/wp-content\/uploads\/2023\/07\/20230702_204922-scaled-e1689258763794-1024x983.jpg\" alt=\"\" width=\"800\" height=\"768\" srcset=\"https:\/\/majipparesor.se\/wp-content\/uploads\/2023\/07\/20230702_204922-scaled-e1689258763794-1024x983.jpg 1024w, https:\/\/majipparesor.se\/wp-content\/uploads\/2023\/07\/20230702_204922-scaled-e1689258763794-300x288.jpg 300w, https:\/\/majipparesor.se\/wp-content\/uploads\/2023\/07\/20230702_204922-scaled-e1689258763794-768x737.jpg 768w, https:\/\/majipparesor.se\/wp-content\/uploads\/2023\/07\/20230702_204922-scaled-e1689258763794-1536x1474.jpg 1536w, https:\/\/majipparesor.se\/wp-content\/uploads\/2023\/07\/20230702_204922-scaled-e1689258763794-2048x1966.jpg 2048w\" sizes=\"auto, (max-width: 800px) 100vw, 800px\" \/><\/p>\n<p>San Sebastian har ett fint l\u00e4ge vid Atlantkusten. \u00c4ven om vi befinner oss mitt i sommaren \u00e4r det aningens kallt i vattnet men att se hur v\u00e5gorna sl\u00e5r in mot klipph\u00e4llen \u00e4r minst lika h\u00e4rligt som att ta sig ett dopp.<\/p>\n<p><img loading=\"lazy\" decoding=\"async\" class=\"aligncenter wp-image-36085 size-large\" src=\"https:\/\/majipparesor.se\/wp-content\/uploads\/2023\/07\/20230702_205104-819x1024.jpg\" alt=\"\" width=\"800\" height=\"1000\" srcset=\"https:\/\/majipparesor.se\/wp-content\/uploads\/2023\/07\/20230702_205104-819x1024.jpg 819w, https:\/\/majipparesor.se\/wp-content\/uploads\/2023\/07\/20230702_205104-240x300.jpg 240w, https:\/\/majipparesor.se\/wp-content\/uploads\/2023\/07\/20230702_205104-768x960.jpg 768w, https:\/\/majipparesor.se\/wp-content\/uploads\/2023\/07\/20230702_205104-1229x1536.jpg 1229w, https:\/\/majipparesor.se\/wp-content\/uploads\/2023\/07\/20230702_205104-1638x2048.jpg 1638w, https:\/\/majipparesor.se\/wp-content\/uploads\/2023\/07\/20230702_205104-scaled.jpg 2048w\" sizes=\"auto, (max-width: 800px) 100vw, 800px\" \/><\/p>\n<p><strong>Blandad arkitektur<\/strong><\/p>\n<p>F\u00f6r att ta oss tillbaka till v\u00e5rt hotell m\u00e5ste vi promenera genom centrum igen. Det \u00e4r f\u00f6rst\u00e5s inget besv\u00e4r, men en bit att g\u00e5. Vi tar oss tillbaka till stadsparken d\u00e4r det tidigare under kv\u00e4llen var sv\u00e5rt att ta sig fram i folkvimlet. Nu har det lugnat sig d\u00e5 de flesta verkar forts\u00e4tta sin kv\u00e4ll p\u00e5 n\u00e5gon av stadens alla barer f\u00f6r f\u00f6rfriskningar.<\/p>\n<p><img loading=\"lazy\" decoding=\"async\" class=\"aligncenter wp-image-36080 size-large\" src=\"https:\/\/majipparesor.se\/wp-content\/uploads\/2023\/07\/20230702_211327-768x1024.jpg\" alt=\"\" width=\"768\" height=\"1024\" srcset=\"https:\/\/majipparesor.se\/wp-content\/uploads\/2023\/07\/20230702_211327-768x1024.jpg 768w, https:\/\/majipparesor.se\/wp-content\/uploads\/2023\/07\/20230702_211327-225x300.jpg 225w, https:\/\/majipparesor.se\/wp-content\/uploads\/2023\/07\/20230702_211327-1152x1536.jpg 1152w, https:\/\/majipparesor.se\/wp-content\/uploads\/2023\/07\/20230702_211327-1536x2048.jpg 1536w, https:\/\/majipparesor.se\/wp-content\/uploads\/2023\/07\/20230702_211327-scaled.jpg 1920w\" sizes=\"auto, (max-width: 768px) 100vw, 768px\" \/><\/p>\n<p><img loading=\"lazy\" decoding=\"async\" class=\"aligncenter wp-image-36082 size-large\" src=\"https:\/\/majipparesor.se\/wp-content\/uploads\/2023\/07\/20230702_211206-768x1024.jpg\" alt=\"\" width=\"768\" height=\"1024\" srcset=\"https:\/\/majipparesor.se\/wp-content\/uploads\/2023\/07\/20230702_211206-768x1024.jpg 768w, https:\/\/majipparesor.se\/wp-content\/uploads\/2023\/07\/20230702_211206-225x300.jpg 225w, https:\/\/majipparesor.se\/wp-content\/uploads\/2023\/07\/20230702_211206-1152x1536.jpg 1152w, https:\/\/majipparesor.se\/wp-content\/uploads\/2023\/07\/20230702_211206-1536x2048.jpg 1536w, https:\/\/majipparesor.se\/wp-content\/uploads\/2023\/07\/20230702_211206-scaled.jpg 1920w\" sizes=\"auto, (max-width: 768px) 100vw, 768px\" \/><\/p>\n<p><img loading=\"lazy\" decoding=\"async\" class=\"aligncenter wp-image-36083 size-large\" src=\"https:\/\/majipparesor.se\/wp-content\/uploads\/2023\/07\/20230702_210835-886x1024.jpg\" alt=\"\" width=\"800\" height=\"925\" srcset=\"https:\/\/majipparesor.se\/wp-content\/uploads\/2023\/07\/20230702_210835-886x1024.jpg 886w, https:\/\/majipparesor.se\/wp-content\/uploads\/2023\/07\/20230702_210835-260x300.jpg 260w, https:\/\/majipparesor.se\/wp-content\/uploads\/2023\/07\/20230702_210835-768x888.jpg 768w, https:\/\/majipparesor.se\/wp-content\/uploads\/2023\/07\/20230702_210835-1329x1536.jpg 1329w, https:\/\/majipparesor.se\/wp-content\/uploads\/2023\/07\/20230702_210835-1772x2048.jpg 1772w\" sizes=\"auto, (max-width: 800px) 100vw, 800px\" \/><\/p>\n<p><img loading=\"lazy\" decoding=\"async\" class=\"aligncenter wp-image-36078 size-large\" src=\"https:\/\/majipparesor.se\/wp-content\/uploads\/2023\/07\/20230702_211358-768x1024.jpg\" alt=\"\" width=\"768\" height=\"1024\" srcset=\"https:\/\/majipparesor.se\/wp-content\/uploads\/2023\/07\/20230702_211358-768x1024.jpg 768w, https:\/\/majipparesor.se\/wp-content\/uploads\/2023\/07\/20230702_211358-225x300.jpg 225w, https:\/\/majipparesor.se\/wp-content\/uploads\/2023\/07\/20230702_211358-1152x1536.jpg 1152w, https:\/\/majipparesor.se\/wp-content\/uploads\/2023\/07\/20230702_211358-1536x2048.jpg 1536w, https:\/\/majipparesor.se\/wp-content\/uploads\/2023\/07\/20230702_211358-scaled.jpg 1920w\" sizes=\"auto, (max-width: 768px) 100vw, 768px\" \/><\/p>\n<p>I San Sebastian kan man ocks\u00e5 njuta av vacker arkitektur. De flesta byggnader i stadsk\u00e4rnan representerar olika tidsepoker och arkitektoniska stilar. Vi ser fler vackra byggnader v\u00e4rda att vila \u00f6gonen p\u00e5.<\/p>\n<p><img loading=\"lazy\" decoding=\"async\" class=\"aligncenter wp-image-36081 size-large\" src=\"https:\/\/majipparesor.se\/wp-content\/uploads\/2023\/07\/20230702_211239-768x1024.jpg\" alt=\"\" width=\"768\" height=\"1024\" srcset=\"https:\/\/majipparesor.se\/wp-content\/uploads\/2023\/07\/20230702_211239-768x1024.jpg 768w, https:\/\/majipparesor.se\/wp-content\/uploads\/2023\/07\/20230702_211239-225x300.jpg 225w, https:\/\/majipparesor.se\/wp-content\/uploads\/2023\/07\/20230702_211239-1152x1536.jpg 1152w, https:\/\/majipparesor.se\/wp-content\/uploads\/2023\/07\/20230702_211239-1536x2048.jpg 1536w, https:\/\/majipparesor.se\/wp-content\/uploads\/2023\/07\/20230702_211239-scaled.jpg 1920w\" sizes=\"auto, (max-width: 768px) 100vw, 768px\" \/><\/p>\n<p><strong>Vi \u00e5terkommer g\u00e4rna<\/strong><\/p>\n<p>San Sebastian vill vi g\u00e4rna \u00e5terkomma till, det \u00e4r minst sagt en av de allra b\u00e4sta st\u00e4derna vi bes\u00f6kt ute i Europa. Intressant p\u00e5 m\u00e5nga s\u00e4tt med mycket kultur och ett prisl\u00e4ge som kan passa pl\u00e5nboken mer \u00e4n en dag. Jag skulle g\u00e4rna vilja ta en tur med den gamla linbanan Funicular Monte Igueldo. P\u00e5 toppen ska v\u00e4rldens minsta \u00e4ventyrspark finnas med panoramautsikt \u00f6ver hela staden.<\/p>\n<p>Tyv\u00e4rr \u00e4r hela den delen av staden avsp\u00e4rrad p\u00e5 grund av Tour de France. Vi kan inte heller inv\u00e4nta till att cykelloppet \u00e4r klart, vi har s\u00e5 m\u00e5nga platser vi vill bes\u00f6ka under den h\u00e4r resan.<\/p>\n<p><img loading=\"lazy\" decoding=\"async\" class=\"aligncenter wp-image-36077 size-large\" src=\"https:\/\/majipparesor.se\/wp-content\/uploads\/2023\/07\/20230702_211519-1024x878.jpg\" alt=\"\" width=\"800\" height=\"686\" srcset=\"https:\/\/majipparesor.se\/wp-content\/uploads\/2023\/07\/20230702_211519-1024x878.jpg 1024w, https:\/\/majipparesor.se\/wp-content\/uploads\/2023\/07\/20230702_211519-300x257.jpg 300w, https:\/\/majipparesor.se\/wp-content\/uploads\/2023\/07\/20230702_211519-768x659.jpg 768w, https:\/\/majipparesor.se\/wp-content\/uploads\/2023\/07\/20230702_211519-1536x1317.jpg 1536w, https:\/\/majipparesor.se\/wp-content\/uploads\/2023\/07\/20230702_211519-2048x1756.jpg 2048w\" sizes=\"auto, (max-width: 800px) 100vw, 800px\" \/><\/p>\n<p>Vi f\u00e5r n\u00e4stan springa genom stan den sista biten till hotellet innan alla de stora gatorna sp\u00e4rras av. Alternativa v\u00e4gar \u00e4r ganska l\u00e5nga omv\u00e4gar f\u00f6r oss som g\u00e5r till fots.<\/p>\n<p><img loading=\"lazy\" decoding=\"async\" class=\"aligncenter wp-image-36075 size-large\" src=\"https:\/\/majipparesor.se\/wp-content\/uploads\/2023\/07\/20230702_211840-768x1024.jpg\" alt=\"\" width=\"768\" height=\"1024\" srcset=\"https:\/\/majipparesor.se\/wp-content\/uploads\/2023\/07\/20230702_211840-768x1024.jpg 768w, https:\/\/majipparesor.se\/wp-content\/uploads\/2023\/07\/20230702_211840-225x300.jpg 225w, https:\/\/majipparesor.se\/wp-content\/uploads\/2023\/07\/20230702_211840-1152x1536.jpg 1152w, https:\/\/majipparesor.se\/wp-content\/uploads\/2023\/07\/20230702_211840-1536x2048.jpg 1536w, https:\/\/majipparesor.se\/wp-content\/uploads\/2023\/07\/20230702_211840-scaled.jpg 1920w\" sizes=\"auto, (max-width: 768px) 100vw, 768px\" \/><\/p>\n<p><img loading=\"lazy\" decoding=\"async\" class=\"aligncenter wp-image-36076 size-large\" src=\"https:\/\/majipparesor.se\/wp-content\/uploads\/2023\/07\/20230702_212510-918x1024.jpg\" alt=\"\" width=\"800\" height=\"892\" srcset=\"https:\/\/majipparesor.se\/wp-content\/uploads\/2023\/07\/20230702_212510-918x1024.jpg 918w, https:\/\/majipparesor.se\/wp-content\/uploads\/2023\/07\/20230702_212510-269x300.jpg 269w, https:\/\/majipparesor.se\/wp-content\/uploads\/2023\/07\/20230702_212510-768x857.jpg 768w, https:\/\/majipparesor.se\/wp-content\/uploads\/2023\/07\/20230702_212510-1377x1536.jpg 1377w, https:\/\/majipparesor.se\/wp-content\/uploads\/2023\/07\/20230702_212510-1836x2048.jpg 1836w\" sizes=\"auto, (max-width: 800px) 100vw, 800px\" \/><\/p>\n<p>En av de st\u00f6rsta sev\u00e4rdheterna \u00e4r katedralen i San Sebastian. Vi ser kyrkan var vi \u00e4n befinner oss, och vi lyckas f\u00e5 en liten glimt av katedralen mellan huskropparna innan vi l\u00e4mnar San Sebastian f\u00f6r den h\u00e4r g\u00e5ngen.<\/p>\n<p><img loading=\"lazy\" decoding=\"async\" class=\"aligncenter wp-image-36074 size-large\" src=\"https:\/\/majipparesor.se\/wp-content\/uploads\/2023\/07\/20230702_212246-690x1024.jpg\" alt=\"\" width=\"690\" height=\"1024\" srcset=\"https:\/\/majipparesor.se\/wp-content\/uploads\/2023\/07\/20230702_212246-690x1024.jpg 690w, https:\/\/majipparesor.se\/wp-content\/uploads\/2023\/07\/20230702_212246-202x300.jpg 202w, https:\/\/majipparesor.se\/wp-content\/uploads\/2023\/07\/20230702_212246-768x1139.jpg 768w, https:\/\/majipparesor.se\/wp-content\/uploads\/2023\/07\/20230702_212246-1036x1536.jpg 1036w, https:\/\/majipparesor.se\/wp-content\/uploads\/2023\/07\/20230702_212246-1381x2048.jpg 1381w, https:\/\/majipparesor.se\/wp-content\/uploads\/2023\/07\/20230702_212246-scaled.jpg 1726w\" sizes=\"auto, (max-width: 690px) 100vw, 690px\" \/><\/p>\n<ul class='related_post'><li><\/li><\/ul>","protected":false},"excerpt":{"rendered":"<p>Efter att tillbringat n\u00e5gra dagar i Portugal tar vi oss vidare genom Spanien och hamnar i den h\u00e4rliga spanska kuststaden<\/p>\n","protected":false},"author":1,"featured_media":36087,"comment_status":"open","ping_status":"open","sticky":false,"template":"","format":"standard","meta":{"colormag_page_container_layout":"default_layout","colormag_page_sidebar_layout":"default_layout","om_disable_all_campaigns":false,"_monsterinsights_skip_tracking":false,"_monsterinsights_sitenote_active":false,"_monsterinsights_sitenote_note":"","_monsterinsights_sitenote_category":0,"_uf_show_specific_survey":0,"_uf_disable_surveys":false,"footnotes":""},"categories":[54],"tags":[],"class_list":["post-36099","post","type-post","status-publish","format-standard","has-post-thumbnail","hentry","category-spanien"],"aioseo_notices":[],"_links":{"self":[{"href":"https:\/\/majipparesor.se\/index.php?rest_route=\/wp\/v2\/posts\/36099","targetHints":{"allow":["GET"]}}],"collection":[{"href":"https:\/\/majipparesor.se\/index.php?rest_route=\/wp\/v2\/posts"}],"about":[{"href":"https:\/\/majipparesor.se\/index.php?rest_route=\/wp\/v2\/types\/post"}],"author":[{"embeddable":true,"href":"https:\/\/majipparesor.se\/index.php?rest_route=\/wp\/v2\/users\/1"}],"replies":[{"embeddable":true,"href":"https:\/\/majipparesor.se\/index.php?rest_route=%2Fwp%2Fv2%2Fcomments&post=36099"}],"version-history":[{"count":22,"href":"https:\/\/majipparesor.se\/index.php?rest_route=\/wp\/v2\/posts\/36099\/revisions"}],"predecessor-version":[{"id":49133,"href":"https:\/\/majipparesor.se\/index.php?rest_route=\/wp\/v2\/posts\/36099\/revisions\/49133"}],"wp:featuredmedia":[{"embeddable":true,"href":"https:\/\/majipparesor.se\/index.php?rest_route=\/wp\/v2\/media\/36087"}],"wp:attachment":[{"href":"https:\/\/majipparesor.se\/index.php?rest_route=%2Fwp%2Fv2%2Fmedia&parent=36099"}],"wp:term":[{"taxonomy":"category","embeddable":true,"href":"https:\/\/majipparesor.se\/index.php?rest_route=%2Fwp%2Fv2%2Fcategories&post=36099"},{"taxonomy":"post_tag","embeddable":true,"href":"https:\/\/majipparesor.se\/index.php?rest_route=%2Fwp%2Fv2%2Ftags&post=36099"}],"curies":[{"name":"wp","href":"https:\/\/api.w.org\/{rel}","templated":true}]}}