{"id":37510,"date":"2023-11-07T04:38:17","date_gmt":"2023-11-07T04:38:17","guid":{"rendered":"https:\/\/majipparesor.se\/?p=37510"},"modified":"2025-07-07T13:21:01","modified_gmt":"2025-07-07T13:21:01","slug":"aventyr-i-dalarna-vi-besoker-mora-orsa-alvdalen-och-salen-malung","status":"publish","type":"post","link":"https:\/\/majipparesor.se\/?p=37510","title":{"rendered":"\u00c4ventyr i Dalarna &#8211; Vi bes\u00f6ker Mora, Orsa, \u00c4lvdalen och Malung\/S\u00e4len"},"content":{"rendered":"<p style=\"text-align: left;\"><strong>Dalarna \u00e4r kanske ett av Sveriges vackrast landskap. I Dalarnas l\u00e4n finns 15 kommuner ganska v\u00e4l utspridda och f\u00f6r oss som bor i Stockholmstrakten \u00e4r det f\u00f6rst\u00e5s en bit dit. En helg i slutet av september beger vi oss till Dalarna och bekantar oss mer med de fyra kommunerna; Mora, Orsa, \u00c4lvdalen och S\u00e4len-Malung.<\/strong><\/p>\n<p>&nbsp;<\/p>\n<p><img loading=\"lazy\" decoding=\"async\" class=\"aligncenter wp-image-37502 size-large\" src=\"https:\/\/majipparesor.se\/wp-content\/uploads\/2023\/10\/20230923_111404-1024x692.jpg\" alt=\"\" width=\"800\" height=\"541\" srcset=\"https:\/\/majipparesor.se\/wp-content\/uploads\/2023\/10\/20230923_111404-1024x692.jpg 1024w, https:\/\/majipparesor.se\/wp-content\/uploads\/2023\/10\/20230923_111404-300x203.jpg 300w, https:\/\/majipparesor.se\/wp-content\/uploads\/2023\/10\/20230923_111404-768x519.jpg 768w, https:\/\/majipparesor.se\/wp-content\/uploads\/2023\/10\/20230923_111404-1536x1038.jpg 1536w, https:\/\/majipparesor.se\/wp-content\/uploads\/2023\/10\/20230923_111404-2048x1383.jpg 2048w\" sizes=\"auto, (max-width: 800px) 100vw, 800px\" \/><\/p>\n<p>Vi startade v\u00e5rt \u00e4ventyr i Dalarna redan p\u00e5 fredagskv\u00e4llen med en \u00f6vernattning i Falun \u00e4ven det en kommun i Dalarna. Efter en intressant f\u00f6rmiddag i Falun tar vi oss vidare via R\u00e4ttvik och hamnar s\u00e5 sm\u00e5ningom i Mora. Det \u00e4r inte riktigt lunchdags \u00e4nnu men i Mora r\u00e5der det full fart en l\u00f6rdagsf\u00f6rmiddag vilket inte \u00e4r s\u00e5 konstigt n\u00e4r Mora k\u00e4nns som en slags knutpunkt f\u00f6r vidare f\u00e4rd \u00e5t olika v\u00e4derstreck i landet.<\/p>\n<p><img loading=\"lazy\" decoding=\"async\" class=\"aligncenter wp-image-37497 size-large\" src=\"https:\/\/majipparesor.se\/wp-content\/uploads\/2023\/10\/20230923_112120-905x1024.jpg\" alt=\"\" width=\"800\" height=\"905\" srcset=\"https:\/\/majipparesor.se\/wp-content\/uploads\/2023\/10\/20230923_112120-905x1024.jpg 905w, https:\/\/majipparesor.se\/wp-content\/uploads\/2023\/10\/20230923_112120-265x300.jpg 265w, https:\/\/majipparesor.se\/wp-content\/uploads\/2023\/10\/20230923_112120-768x869.jpg 768w, https:\/\/majipparesor.se\/wp-content\/uploads\/2023\/10\/20230923_112120-1357x1536.jpg 1357w, https:\/\/majipparesor.se\/wp-content\/uploads\/2023\/10\/20230923_112120-1810x2048.jpg 1810w\" sizes=\"auto, (max-width: 800px) 100vw, 800px\" \/><\/p>\n<h5>Mora kommun<\/h5>\n<p>Vi startar v\u00e5rt bes\u00f6k vid kommunhuset, vilket vi alltid g\u00f6r n\u00e4r det dags att g\u00f6ra kommunbes\u00f6k. Vi konstaterar att Mora har ett ganska stort kommunhus f\u00f6r sina 20 679 inv\u00e5nare. Jag g\u00f6r ju en j\u00e4mf\u00f6relse med de kommuner vi bes\u00f6kt tidigare och har b\u00f6rjat reflekterat \u00f6ver kommunhusens storlek i f\u00f6rh\u00e5llande till inv\u00e5narantal. Ibland finns annan medborgarservice i samma lokaler och ofta \u00e4r det \u00e4ven ett bibliotek i anslutning till kommunhuset. Vilket \u00e4r bra d\u00e5 stora kommunhus kan anv\u00e4ndas till annat \u00e4n kontor. I Mora har man dock andra lokaler till kommunens fyra bibliotek.<\/p>\n<p><img loading=\"lazy\" decoding=\"async\" class=\"aligncenter wp-image-37503 size-large\" src=\"https:\/\/majipparesor.se\/wp-content\/uploads\/2023\/10\/20230923_111334-1024x768.jpg\" alt=\"\" width=\"800\" height=\"600\" srcset=\"https:\/\/majipparesor.se\/wp-content\/uploads\/2023\/10\/20230923_111334-1024x768.jpg 1024w, https:\/\/majipparesor.se\/wp-content\/uploads\/2023\/10\/20230923_111334-300x225.jpg 300w, https:\/\/majipparesor.se\/wp-content\/uploads\/2023\/10\/20230923_111334-768x576.jpg 768w, https:\/\/majipparesor.se\/wp-content\/uploads\/2023\/10\/20230923_111334-1536x1152.jpg 1536w, https:\/\/majipparesor.se\/wp-content\/uploads\/2023\/10\/20230923_111334-2048x1536.jpg 2048w\" sizes=\"auto, (max-width: 800px) 100vw, 800px\" \/><\/p>\n<h5>Lite historia<\/h5>\n<p>Mora best\u00e5r egentligen av flera byar. Det gamla namnet f\u00f6r centrala Mora \u00e4r &#8221;Morastrand&#8221;, i dagligt tal &#8221;Stranden&#8221;. Namnet Mora n\u00e4mns i handlingar fr\u00e5n 1325, men bofast befolkning har funnits sedan f\u00f6rhistorisk tid. \u00d6sterdals\u00e4lven bidrog till bos\u00e4ttning p\u00e5 n\u00e4set mellan Siljan och Orsasj\u00f6n redan s\u00e5 tidigt som 600 e. Kr. Man har gjort gravfynd fr\u00e5n vikingatiden som vittnar om en rik kultur omkring 1000 e.Kr som byggde p\u00e5 fiske, p\u00e4lsdjursjakt och myrj\u00e4rnhantering. Vid \u00e5r 1539 vet man att Mora storsocken inneh\u00f6ll 53 byar.<\/p>\n<p>Platsen vid Siljans norra strand var en god f\u00f6ruts\u00e4ttning f\u00f6r att bedriva tings- och handelsplats och \u00e4ven kyrka.<\/p>\n<p class=\"font-normal\">Men kanske var det Gustav Vasa som \u00e5r 1520 kom flyende till Mora f\u00f6r att slippa de danska knektarna som gjort Mora mest k\u00e4nt. Vid Mora kyrka ska Gustav Vasa bett morakarlarna att resa sig mot den danska kungen, men de tvekade dock att ge Gustav Vasa sitt fulla st\u00f6d och den blivande kungen fortsatte sin flykt mot Norge. I Mora \u00e5ngrade man sig och s\u00e4nde ut tv\u00e5 l\u00f6pare som hann i fatt Gustav Vasa i S\u00e4len. Han \u00e5terv\u00e4nde till Mora och kom till sist att st\u00f6rta Kristian II.<\/p>\n<p><img loading=\"lazy\" decoding=\"async\" class=\"aligncenter wp-image-37506 size-large\" src=\"https:\/\/majipparesor.se\/wp-content\/uploads\/2023\/10\/20230923_111251-1024x805.jpg\" alt=\"\" width=\"800\" height=\"629\" srcset=\"https:\/\/majipparesor.se\/wp-content\/uploads\/2023\/10\/20230923_111251-1024x805.jpg 1024w, https:\/\/majipparesor.se\/wp-content\/uploads\/2023\/10\/20230923_111251-300x236.jpg 300w, https:\/\/majipparesor.se\/wp-content\/uploads\/2023\/10\/20230923_111251-768x603.jpg 768w, https:\/\/majipparesor.se\/wp-content\/uploads\/2023\/10\/20230923_111251-1536x1207.jpg 1536w, https:\/\/majipparesor.se\/wp-content\/uploads\/2023\/10\/20230923_111251-2048x1609.jpg 2048w\" sizes=\"auto, (max-width: 800px) 100vw, 800px\" \/><\/p>\n<p>En m\u00f6rkt period i Moras historia \u00e4r de stora h\u00e4xjakterna som h\u00e4rjade i Mora under 1600 &#8211; talet. B\u00e5de kvinnor och m\u00e4n blev avr\u00e4ttade under denna tid, f\u00f6rst under den senare delen av 1700 &#8211; talet togs d\u00f6dstraffet f\u00f6r h\u00e4xeri bort fr\u00e5n svensk lag. Det blev \u00e4ven m\u00e5nga sv\u00e5ra missv\u00e4xt\u00e5r under 1700 &#8211; talet vilket gjorde att tusentals m\u00e4nniskor l\u00e4mnade sina hemtrakter f\u00f6r att s\u00f6ka arbete i bland annat Stockholm.<\/p>\n<p>M\u00e5nga kom tillbaka med b\u00e5de pengar och nya erfarenheter, jordbruket kunde till exempel effektiviseras och man hade \u00e4ven med sig ny kunskap om hantverk, bland annat hur man tillverkar klockor. I slutet av 1700 &#8211; talet startades produktion av de ber\u00f6mda moraklockorna. Produktionen blev lyckosam och under 1800 &#8211; talet tillverkades n\u00e4ra 50 000 moraklockor.<\/p>\n<p><img loading=\"lazy\" decoding=\"async\" class=\"aligncenter wp-image-37505 size-large\" src=\"https:\/\/majipparesor.se\/wp-content\/uploads\/2023\/10\/20230923_111258-1024x844.jpg\" alt=\"\" width=\"800\" height=\"659\" srcset=\"https:\/\/majipparesor.se\/wp-content\/uploads\/2023\/10\/20230923_111258-1024x844.jpg 1024w, https:\/\/majipparesor.se\/wp-content\/uploads\/2023\/10\/20230923_111258-300x247.jpg 300w, https:\/\/majipparesor.se\/wp-content\/uploads\/2023\/10\/20230923_111258-768x633.jpg 768w, https:\/\/majipparesor.se\/wp-content\/uploads\/2023\/10\/20230923_111258-1536x1266.jpg 1536w, https:\/\/majipparesor.se\/wp-content\/uploads\/2023\/10\/20230923_111258-2048x1688.jpg 2048w\" sizes=\"auto, (max-width: 800px) 100vw, 800px\" \/><\/p>\n<p>P\u00e5 1860 &#8211; talet minskade efterfr\u00e5gan p\u00e5 klockorna och man st\u00e4llde om produktionen till symaskiner. N\u00e4r andra l\u00e4nder b\u00f6rjade konkurrera ut Moras symaskiner mot billigare maskiner tog produktion av andra metallprodukter \u00f6ver, till exempel b\u00f6rjade man producera de k\u00e4nda moraknivarna i slutet av 1800 &#8211; talet. \u00c4ven j\u00e4rnv\u00e4gens tillkomst fick betydelse f\u00f6r Mora.<\/p>\n<p><img loading=\"lazy\" decoding=\"async\" class=\"aligncenter wp-image-37504 size-large\" src=\"https:\/\/majipparesor.se\/wp-content\/uploads\/2023\/10\/20230923_111311-1024x891.jpg\" alt=\"\" width=\"800\" height=\"696\" srcset=\"https:\/\/majipparesor.se\/wp-content\/uploads\/2023\/10\/20230923_111311-1024x891.jpg 1024w, https:\/\/majipparesor.se\/wp-content\/uploads\/2023\/10\/20230923_111311-300x261.jpg 300w, https:\/\/majipparesor.se\/wp-content\/uploads\/2023\/10\/20230923_111311-768x669.jpg 768w, https:\/\/majipparesor.se\/wp-content\/uploads\/2023\/10\/20230923_111311-1536x1337.jpg 1536w, https:\/\/majipparesor.se\/wp-content\/uploads\/2023\/10\/20230923_111311-2048x1783.jpg 2048w\" sizes=\"auto, (max-width: 800px) 100vw, 800px\" \/><\/p>\n<p><img loading=\"lazy\" decoding=\"async\" class=\"aligncenter wp-image-37501 size-large\" src=\"https:\/\/majipparesor.se\/wp-content\/uploads\/2023\/10\/20230923_111540-1024x702.jpg\" alt=\"\" width=\"800\" height=\"548\" srcset=\"https:\/\/majipparesor.se\/wp-content\/uploads\/2023\/10\/20230923_111540-1024x702.jpg 1024w, https:\/\/majipparesor.se\/wp-content\/uploads\/2023\/10\/20230923_111540-300x206.jpg 300w, https:\/\/majipparesor.se\/wp-content\/uploads\/2023\/10\/20230923_111540-768x526.jpg 768w, https:\/\/majipparesor.se\/wp-content\/uploads\/2023\/10\/20230923_111540-1536x1053.jpg 1536w, https:\/\/majipparesor.se\/wp-content\/uploads\/2023\/10\/20230923_111540-2048x1404.jpg 2048w, https:\/\/majipparesor.se\/wp-content\/uploads\/2023\/10\/20230923_111540-130x90.jpg 130w\" sizes=\"auto, (max-width: 800px) 100vw, 800px\" \/><\/p>\n<h5>Trevlig stadsk\u00e4rna<\/h5>\n<p>Stadsk\u00e4rnan i Mora \u00e4r inte s\u00e5 stor men har en g\u00e5gata med lite butiker. Det k\u00e4nns trevligt och ganska mysigt att strosa runt bland aff\u00e4rerna h\u00e4r i byn.<\/p>\n<p><img loading=\"lazy\" decoding=\"async\" class=\"aligncenter wp-image-37513 size-large\" src=\"https:\/\/majipparesor.se\/wp-content\/uploads\/2023\/10\/20200623_101712-874x1024.jpg\" alt=\"\" width=\"800\" height=\"937\" srcset=\"https:\/\/majipparesor.se\/wp-content\/uploads\/2023\/10\/20200623_101712-874x1024.jpg 874w, https:\/\/majipparesor.se\/wp-content\/uploads\/2023\/10\/20200623_101712-256x300.jpg 256w, https:\/\/majipparesor.se\/wp-content\/uploads\/2023\/10\/20200623_101712-768x900.jpg 768w, https:\/\/majipparesor.se\/wp-content\/uploads\/2023\/10\/20200623_101712-1311x1536.jpg 1311w, https:\/\/majipparesor.se\/wp-content\/uploads\/2023\/10\/20200623_101712-1748x2048.jpg 1748w\" sizes=\"auto, (max-width: 800px) 100vw, 800px\" \/><\/p>\n<p><img loading=\"lazy\" decoding=\"async\" class=\"aligncenter wp-image-37500 size-large\" src=\"https:\/\/majipparesor.se\/wp-content\/uploads\/2023\/10\/20230923_111652-887x1024.jpg\" alt=\"\" width=\"800\" height=\"924\" srcset=\"https:\/\/majipparesor.se\/wp-content\/uploads\/2023\/10\/20230923_111652-887x1024.jpg 887w, https:\/\/majipparesor.se\/wp-content\/uploads\/2023\/10\/20230923_111652-260x300.jpg 260w, https:\/\/majipparesor.se\/wp-content\/uploads\/2023\/10\/20230923_111652-768x887.jpg 768w, https:\/\/majipparesor.se\/wp-content\/uploads\/2023\/10\/20230923_111652-1330x1536.jpg 1330w, https:\/\/majipparesor.se\/wp-content\/uploads\/2023\/10\/20230923_111652-1773x2048.jpg 1773w\" sizes=\"auto, (max-width: 800px) 100vw, 800px\" \/><\/p>\n<h5>Vasaloppet<\/h5>\n<p>Ett av de st\u00f6rsta idrottsevenemang\u00a0 i Sverige \u00e4r Vasaloppet. Sedan starten 1922 har m\u00e5nga skid\u00e5kare \u00e5rligen skidat den legendariska str\u00e4ckan p\u00e5 90 kilometer, vilket \u00e4r v\u00e4rldens \u00e4ldsta och st\u00f6rsta skidlopp. Redan 1521 n\u00e4r Gustav Eriksson, allts\u00e5 Gustav Vasa flydde fr\u00e5n de danska soldaterna genomf\u00f6rdes det f\u00f6rsta Vasaloppet. Under sin flykt stannade han ju upp i S\u00e4len och f\u00f6ljde med tillbaka till Mora.<\/p>\n<p>\u00c4r man i Mora s\u00e5 \u00e4r det f\u00f6rst\u00e5s givet att bes\u00f6ka Vasaloppsm\u00e5let. Portalen med sin text &#8221;I f\u00e4ders sp\u00e5r f\u00f6r framtids segrar&#8221; finns p\u00e5 Vasagatan. Den komponerades av konstn\u00e4ren Gustaf Ankarcrona fr\u00e5n Leksand till 1923 \u00e5rs Vasalopp. 1986 permanentades portalen och har sedan dess st\u00e5tt kvar \u00e5ret om.<\/p>\n<p><img loading=\"lazy\" decoding=\"async\" class=\"aligncenter wp-image-37533 size-large\" src=\"https:\/\/majipparesor.se\/wp-content\/uploads\/2023\/10\/20230923_111821-1024x663.jpg\" alt=\"\" width=\"800\" height=\"518\" srcset=\"https:\/\/majipparesor.se\/wp-content\/uploads\/2023\/10\/20230923_111821-1024x663.jpg 1024w, https:\/\/majipparesor.se\/wp-content\/uploads\/2023\/10\/20230923_111821-300x194.jpg 300w, https:\/\/majipparesor.se\/wp-content\/uploads\/2023\/10\/20230923_111821-768x497.jpg 768w, https:\/\/majipparesor.se\/wp-content\/uploads\/2023\/10\/20230923_111821-1536x994.jpg 1536w, https:\/\/majipparesor.se\/wp-content\/uploads\/2023\/10\/20230923_111821-2048x1325.jpg 2048w\" sizes=\"auto, (max-width: 800px) 100vw, 800px\" \/><\/p>\n<p style=\"text-align: center;\"><em>Karta \u00f6ver Vasaloppet.<\/em><\/p>\n<p><img loading=\"lazy\" decoding=\"async\" class=\"aligncenter wp-image-37499 size-large\" src=\"https:\/\/majipparesor.se\/wp-content\/uploads\/2023\/10\/20230923_111741-600x1024.jpg\" alt=\"\" width=\"600\" height=\"1024\" srcset=\"https:\/\/majipparesor.se\/wp-content\/uploads\/2023\/10\/20230923_111741-600x1024.jpg 600w, https:\/\/majipparesor.se\/wp-content\/uploads\/2023\/10\/20230923_111741-176x300.jpg 176w, https:\/\/majipparesor.se\/wp-content\/uploads\/2023\/10\/20230923_111741-768x1312.jpg 768w, https:\/\/majipparesor.se\/wp-content\/uploads\/2023\/10\/20230923_111741-899x1536.jpg 899w, https:\/\/majipparesor.se\/wp-content\/uploads\/2023\/10\/20230923_111741-1199x2048.jpg 1199w, https:\/\/majipparesor.se\/wp-content\/uploads\/2023\/10\/20230923_111741-scaled.jpg 1499w\" sizes=\"auto, (max-width: 600px) 100vw, 600px\" \/><\/p>\n<h5>Flera sev\u00e4rdheter i Mora<\/h5>\n<p>Det finns f\u00f6rst\u00e5s ganska m\u00e5nga sev\u00e4rdheter \u00e4n de som vi hinner bes\u00f6ka n\u00e4r vi g\u00f6r kommunbes\u00f6k men n\u00e5got som jag g\u00e4rna skulle vilja bes\u00f6ka n\u00e4sta g\u00e5ng vi kommer till Mora \u00e4r Zorng\u00e5rden. G\u00e5rden var en g\u00e5ng i tiden makarna Anders och Emma Zorns hem i Mora. F\u00f6rutom att konstn\u00e4rsparet bodde p\u00e5 g\u00e5rden bes\u00f6ktes det flitigt att konstn\u00e4rer som bland annat Carl och Karin Larsson, Albert Engstr\u00f6m och \u00e4ven prins Eugene kom till g\u00e5rden.<\/p>\n<blockquote><p>Att stiga in i Zorng\u00e5rden \u00e4r som att f\u00e4rdas 100 \u00e5r tillbaka i tiden. H\u00e4r blandas konst och konsthantverk fr\u00e5n n\u00e4r och fj\u00e4rran.<\/p><\/blockquote>\n<p>Tyv\u00e4rr m\u00e5ste man f\u00f6rboka sitt bes\u00f6k och huset kan enbart bes\u00f6kas tillsammans med en guide.<\/p>\n<p><img loading=\"lazy\" decoding=\"async\" class=\"aligncenter wp-image-37498 size-large\" src=\"https:\/\/majipparesor.se\/wp-content\/uploads\/2023\/10\/20230923_111805-911x1024.jpg\" alt=\"\" width=\"800\" height=\"899\" srcset=\"https:\/\/majipparesor.se\/wp-content\/uploads\/2023\/10\/20230923_111805-911x1024.jpg 911w, https:\/\/majipparesor.se\/wp-content\/uploads\/2023\/10\/20230923_111805-267x300.jpg 267w, https:\/\/majipparesor.se\/wp-content\/uploads\/2023\/10\/20230923_111805-768x863.jpg 768w, https:\/\/majipparesor.se\/wp-content\/uploads\/2023\/10\/20230923_111805-1366x1536.jpg 1366w, https:\/\/majipparesor.se\/wp-content\/uploads\/2023\/10\/20230923_111805-1822x2048.jpg 1822w\" sizes=\"auto, (max-width: 800px) 100vw, 800px\" \/><\/p>\n<p><img loading=\"lazy\" decoding=\"async\" class=\"aligncenter wp-image-37532 size-large\" src=\"https:\/\/majipparesor.se\/wp-content\/uploads\/2023\/10\/20230923_111501-768x1024.jpg\" alt=\"\" width=\"768\" height=\"1024\" srcset=\"https:\/\/majipparesor.se\/wp-content\/uploads\/2023\/10\/20230923_111501-768x1024.jpg 768w, https:\/\/majipparesor.se\/wp-content\/uploads\/2023\/10\/20230923_111501-225x300.jpg 225w, https:\/\/majipparesor.se\/wp-content\/uploads\/2023\/10\/20230923_111501-1152x1536.jpg 1152w, https:\/\/majipparesor.se\/wp-content\/uploads\/2023\/10\/20230923_111501-1536x2048.jpg 1536w, https:\/\/majipparesor.se\/wp-content\/uploads\/2023\/10\/20230923_111501-scaled.jpg 1920w\" sizes=\"auto, (max-width: 768px) 100vw, 768px\" \/><\/p>\n<p style=\"text-align: center;\"><em>Mora kyrka<\/em><\/p>\n<p><img loading=\"lazy\" decoding=\"async\" class=\"aligncenter wp-image-37531 size-large\" src=\"https:\/\/majipparesor.se\/wp-content\/uploads\/2023\/10\/20230923_114046-768x1024.jpg\" alt=\"\" width=\"768\" height=\"1024\" srcset=\"https:\/\/majipparesor.se\/wp-content\/uploads\/2023\/10\/20230923_114046-768x1024.jpg 768w, https:\/\/majipparesor.se\/wp-content\/uploads\/2023\/10\/20230923_114046-225x300.jpg 225w, https:\/\/majipparesor.se\/wp-content\/uploads\/2023\/10\/20230923_114046-1152x1536.jpg 1152w, https:\/\/majipparesor.se\/wp-content\/uploads\/2023\/10\/20230923_114046-1536x2048.jpg 1536w, https:\/\/majipparesor.se\/wp-content\/uploads\/2023\/10\/20230923_114046-scaled.jpg 1920w\" sizes=\"auto, (max-width: 768px) 100vw, 768px\" \/><\/p>\n<h5>Orsa kommun<\/h5>\n<p>Vi f\u00f6rflyttar oss n\u00e5got nordost och kommer fram till Orsa kommun. F\u00f6rsta g\u00e5ngen som Orsa omn\u00e4mns i skrift var i ett brev till p\u00e5ven i Rom redan p\u00e5 1200 &#8211; talet. Brevet handlade om en f\u00f6rs\u00e4ljning av jaktfalkar som skulle till p\u00e5ved\u00f6met.<\/p>\n<p class=\"font-normal\">Centralort i Orsa kommun \u00e4r Orsa, vilket g\u00f6r kommunen till en av de 42 som har ett tidigare municipalsamh\u00e4lle som centralort. Idag bor det cirka 6 934 inv\u00e5nare i kommunen.<\/p>\n<p><img loading=\"lazy\" decoding=\"async\" class=\"aligncenter wp-image-37516 size-large\" src=\"https:\/\/majipparesor.se\/wp-content\/uploads\/2023\/10\/20230923_115352-950x1024.jpg\" alt=\"\" width=\"800\" height=\"862\" srcset=\"https:\/\/majipparesor.se\/wp-content\/uploads\/2023\/10\/20230923_115352-950x1024.jpg 950w, https:\/\/majipparesor.se\/wp-content\/uploads\/2023\/10\/20230923_115352-278x300.jpg 278w, https:\/\/majipparesor.se\/wp-content\/uploads\/2023\/10\/20230923_115352-768x828.jpg 768w, https:\/\/majipparesor.se\/wp-content\/uploads\/2023\/10\/20230923_115352-1424x1536.jpg 1424w, https:\/\/majipparesor.se\/wp-content\/uploads\/2023\/10\/20230923_115352-1899x2048.jpg 1899w\" sizes=\"auto, (max-width: 800px) 100vw, 800px\" \/><\/p>\n<h5>Lite historia<\/h5>\n<p>Till en b\u00f6rjan var Orsa en fattig socken vilket kan ha berott p\u00e5 att m\u00e5nga av socknens unga m\u00e4n befalldes ut i krig av de kungar som regerade. De lades ocks\u00e5 en hel del skatter p\u00e5 b\u00f6nderna f\u00f6r att h\u00e5lla Orsa skans, som var en bef\u00e4stning vid Ore \u00e4lv. Skansen byggdes 1657, f\u00f6r att hindra norska anfall fr\u00e5n H\u00e4rjedalen. D\u00e4refter stod skansen \u00f6vergiven men fick \u00e5ter tas i bruk i krig men 1686 lades skansen ned f\u00f6r alltid, men fortfarande kan man se den fullt synliga skansens vallar och skyttegravar.<\/p>\n<p><img loading=\"lazy\" decoding=\"async\" class=\"aligncenter wp-image-37519 size-large\" src=\"https:\/\/majipparesor.se\/wp-content\/uploads\/2023\/10\/20230923_115155-884x1024.jpg\" alt=\"\" width=\"800\" height=\"927\" srcset=\"https:\/\/majipparesor.se\/wp-content\/uploads\/2023\/10\/20230923_115155-884x1024.jpg 884w, https:\/\/majipparesor.se\/wp-content\/uploads\/2023\/10\/20230923_115155-259x300.jpg 259w, https:\/\/majipparesor.se\/wp-content\/uploads\/2023\/10\/20230923_115155-768x890.jpg 768w, https:\/\/majipparesor.se\/wp-content\/uploads\/2023\/10\/20230923_115155-1326x1536.jpg 1326w, https:\/\/majipparesor.se\/wp-content\/uploads\/2023\/10\/20230923_115155-1768x2048.jpg 1768w\" sizes=\"auto, (max-width: 800px) 100vw, 800px\" \/><\/p>\n<p>I bygden br\u00f6ts sten i slipstensgruvorna och f\u00f6r att dryga ut inkomsterna fraktade gruvlagen hem och formade till brynen och slipstenar som sedan s\u00e5ldes \u00f6ver hela landet. Slipstensbrytningen gav dock upphov till att arbetarna drog i sig stendamm och fick stendammslunga. N\u00e4r Carl von Linn\u00e9 bes\u00f6kte Orsa 1734 konstaterade han att de som f\u00e5tt i sig dammet inte levde mer \u00e4n till mellan 20 &#8211; 40 \u00e5r.<\/p>\n<p>Under 1800 &#8211; talet blev Orsa en rik ort n\u00e4r Orsa besparingsskog bildades 1879. Pl\u00f6tsligt blev de skogar som anv\u00e4nts till husbehov f\u00f6r ved och byggmaterial, oerh\u00f6rt v\u00e4rdefulla. Jord\u00e4garna i Orsa fick andelar i den gemensamma skogen efter hur mycket mark man brukade nere i Orsa. I slutet av 1800 &#8211; talet n\u00e4r skogen avverkades gick Orsa fr\u00e5n att vara en Dalarnas fattigaste orter till att bli en av nordliga Europas rikaste.<\/p>\n<p class=\"font-normal sv-text-align-left\"><img loading=\"lazy\" decoding=\"async\" class=\"aligncenter wp-image-37524 size-large\" src=\"https:\/\/majipparesor.se\/wp-content\/uploads\/2023\/10\/20230923_114558-1024x712.jpg\" alt=\"\" width=\"800\" height=\"556\" srcset=\"https:\/\/majipparesor.se\/wp-content\/uploads\/2023\/10\/20230923_114558-1024x712.jpg 1024w, https:\/\/majipparesor.se\/wp-content\/uploads\/2023\/10\/20230923_114558-300x208.jpg 300w, https:\/\/majipparesor.se\/wp-content\/uploads\/2023\/10\/20230923_114558-768x534.jpg 768w, https:\/\/majipparesor.se\/wp-content\/uploads\/2023\/10\/20230923_114558-1536x1067.jpg 1536w, https:\/\/majipparesor.se\/wp-content\/uploads\/2023\/10\/20230923_114558-2048x1423.jpg 2048w, https:\/\/majipparesor.se\/wp-content\/uploads\/2023\/10\/20230923_114558-392x272.jpg 392w, https:\/\/majipparesor.se\/wp-content\/uploads\/2023\/10\/20230923_114558-130x90.jpg 130w\" sizes=\"auto, (max-width: 800px) 100vw, 800px\" \/><\/p>\n<h5>Orsa brann ner<\/h5>\n<p>Trots att Orsa som hade skaffat tidens mest moderna brandspruta, men l\u00e5nat ut den till en utst\u00e4llning i G\u00e4vle n\u00e4r den stora branden sommaren 1901 slog till. Branden f\u00f6rst\u00f6rde n\u00e4stan hela den gamla dalabyn. Kyrkan var en av de f\u00e5 byggnader som klarade sig.<\/p>\n<p><img loading=\"lazy\" decoding=\"async\" class=\"aligncenter wp-image-37609 size-large\" src=\"https:\/\/majipparesor.se\/wp-content\/uploads\/2023\/10\/20230923_113839-1-962x1024.jpg\" alt=\"\" width=\"800\" height=\"852\" srcset=\"https:\/\/majipparesor.se\/wp-content\/uploads\/2023\/10\/20230923_113839-1-962x1024.jpg 962w, https:\/\/majipparesor.se\/wp-content\/uploads\/2023\/10\/20230923_113839-1-282x300.jpg 282w, https:\/\/majipparesor.se\/wp-content\/uploads\/2023\/10\/20230923_113839-1-768x817.jpg 768w, https:\/\/majipparesor.se\/wp-content\/uploads\/2023\/10\/20230923_113839-1.jpg 1376w\" sizes=\"auto, (max-width: 800px) 100vw, 800px\" \/><\/p>\n<p>Orsa byggdes f\u00f6rst\u00e5s upp igen och det nya Orsa flyttades till j\u00e4rnv\u00e4gen som kommit till orten 1894. Den nya Centralgatan, J\u00e4rnv\u00e4gsgatan, blev ortens nya huvudgata och byggdes efter j\u00e4rnv\u00e4gen, d\u00e4r hamnade ocks\u00e5 de flesta butikerna. Orsa kyrkby \u00e4r d\u00e4rf\u00f6r inte n\u00e5gon klassisk dalaby till strukturen utan har mer gemensamt med andra j\u00e4rnv\u00e4gsknutar i landet.<\/p>\n<p><img loading=\"lazy\" decoding=\"async\" class=\"aligncenter wp-image-37523 size-large\" src=\"https:\/\/majipparesor.se\/wp-content\/uploads\/2023\/10\/20230923_114718-789x1024.jpg\" alt=\"\" width=\"789\" height=\"1024\" srcset=\"https:\/\/majipparesor.se\/wp-content\/uploads\/2023\/10\/20230923_114718-789x1024.jpg 789w, https:\/\/majipparesor.se\/wp-content\/uploads\/2023\/10\/20230923_114718-231x300.jpg 231w, https:\/\/majipparesor.se\/wp-content\/uploads\/2023\/10\/20230923_114718-768x997.jpg 768w, https:\/\/majipparesor.se\/wp-content\/uploads\/2023\/10\/20230923_114718-1183x1536.jpg 1183w, https:\/\/majipparesor.se\/wp-content\/uploads\/2023\/10\/20230923_114718-1577x2048.jpg 1577w, https:\/\/majipparesor.se\/wp-content\/uploads\/2023\/10\/20230923_114718-scaled.jpg 1971w\" sizes=\"auto, (max-width: 789px) 100vw, 789px\" \/><\/p>\n<h5>V\u00e5rt bes\u00f6k i Orsa<\/h5>\n<p>Vi kommer till Orsa f\u00f6r att g\u00f6ra kommunbes\u00f6k och tar oss till centrum f\u00f6r att leta upp kommunhuset. Vi ser att det finns ett par intressanta byggnader i de centrala delarna av stan. H\u00e4r ligger bland annat August Larsson-huset, kanske Orsas mest ikoniska byggnad.<\/p>\n<p>Det byggdes 1902 av Carl Strandell, som hade gjort sig en ansenlig f\u00f6rm\u00f6genhet p\u00e5 skogs- och egendomsaff\u00e4rer, men huset kom att kallas f\u00f6r August Larsson &#8211; huset i folkmun. Anledningen till det var Sj\u00f6\u00f6ns August Larsson som 1910 startade en manufakturaff\u00e4r i huset. Aff\u00e4ren blev en av de mest l\u00e5nglivade i Orsa, och drevs av familjen \u00e4nda in p\u00e5 1990 &#8211; talet.<\/p>\n<p><img loading=\"lazy\" decoding=\"async\" class=\"aligncenter wp-image-37529 size-large\" src=\"https:\/\/majipparesor.se\/wp-content\/uploads\/2023\/10\/20230923_114318-1024x768.jpg\" alt=\"\" width=\"800\" height=\"600\" srcset=\"https:\/\/majipparesor.se\/wp-content\/uploads\/2023\/10\/20230923_114318-1024x768.jpg 1024w, https:\/\/majipparesor.se\/wp-content\/uploads\/2023\/10\/20230923_114318-300x225.jpg 300w, https:\/\/majipparesor.se\/wp-content\/uploads\/2023\/10\/20230923_114318-768x576.jpg 768w, https:\/\/majipparesor.se\/wp-content\/uploads\/2023\/10\/20230923_114318-1536x1152.jpg 1536w, https:\/\/majipparesor.se\/wp-content\/uploads\/2023\/10\/20230923_114318-2048x1536.jpg 2048w\" sizes=\"auto, (max-width: 800px) 100vw, 800px\" \/><\/p>\n<h5>Orsa kaffestuga<\/h5>\n<p>V\u00e5r vana trogen har vi n\u00e4stan alltid medhavt kaffe, men lite gott fika br\u00f6d brukar vi g\u00e4rna unna oss p\u00e5 v\u00e5ra utflykter runt om i Sverige. Strax utanf\u00f6r sj\u00e4lva centrum hittar vi Orsa Kaffestuga som f\u00f6rutom kaffebr\u00f6d \u00e4ven s\u00e4ljer sm\u00f6rg\u00e5sar och andra godsaker. Det g\u00e5r fint att sitta b\u00e5de inne och utomhus.<\/p>\n<p><img loading=\"lazy\" decoding=\"async\" class=\"aligncenter wp-image-37528 size-large\" src=\"https:\/\/majipparesor.se\/wp-content\/uploads\/2023\/10\/20230923_114332-812x1024.jpg\" alt=\"\" width=\"800\" height=\"1009\" srcset=\"https:\/\/majipparesor.se\/wp-content\/uploads\/2023\/10\/20230923_114332-812x1024.jpg 812w, https:\/\/majipparesor.se\/wp-content\/uploads\/2023\/10\/20230923_114332-238x300.jpg 238w, https:\/\/majipparesor.se\/wp-content\/uploads\/2023\/10\/20230923_114332-768x969.jpg 768w, https:\/\/majipparesor.se\/wp-content\/uploads\/2023\/10\/20230923_114332-1218x1536.jpg 1218w, https:\/\/majipparesor.se\/wp-content\/uploads\/2023\/10\/20230923_114332-1624x2048.jpg 1624w, https:\/\/majipparesor.se\/wp-content\/uploads\/2023\/10\/20230923_114332-scaled.jpg 2030w\" sizes=\"auto, (max-width: 800px) 100vw, 800px\" \/><\/p>\n<p><img loading=\"lazy\" decoding=\"async\" class=\"aligncenter wp-image-37526 size-large\" src=\"https:\/\/majipparesor.se\/wp-content\/uploads\/2023\/10\/20230923_114511-1024x797.jpg\" alt=\"\" width=\"800\" height=\"623\" srcset=\"https:\/\/majipparesor.se\/wp-content\/uploads\/2023\/10\/20230923_114511-1024x797.jpg 1024w, https:\/\/majipparesor.se\/wp-content\/uploads\/2023\/10\/20230923_114511-300x233.jpg 300w, https:\/\/majipparesor.se\/wp-content\/uploads\/2023\/10\/20230923_114511-768x598.jpg 768w, https:\/\/majipparesor.se\/wp-content\/uploads\/2023\/10\/20230923_114511-1536x1195.jpg 1536w, https:\/\/majipparesor.se\/wp-content\/uploads\/2023\/10\/20230923_114511-2048x1594.jpg 2048w\" sizes=\"auto, (max-width: 800px) 100vw, 800px\" \/><\/p>\n<p style=\"text-align: center;\"><em>Sj\u00e4lvklart finns en pizzeria \u00e4ven i Orsa. Vill man k\u00f6pa andra godsaker hittar vi Saluhallen mitt emot\u00a0<\/em><\/p>\n<p><img loading=\"lazy\" decoding=\"async\" class=\"aligncenter wp-image-37530 size-large\" src=\"https:\/\/majipparesor.se\/wp-content\/uploads\/2023\/10\/20230923_114310-974x1024.jpg\" alt=\"\" width=\"800\" height=\"841\" srcset=\"https:\/\/majipparesor.se\/wp-content\/uploads\/2023\/10\/20230923_114310-974x1024.jpg 974w, https:\/\/majipparesor.se\/wp-content\/uploads\/2023\/10\/20230923_114310-285x300.jpg 285w, https:\/\/majipparesor.se\/wp-content\/uploads\/2023\/10\/20230923_114310-768x807.jpg 768w, https:\/\/majipparesor.se\/wp-content\/uploads\/2023\/10\/20230923_114310-1461x1536.jpg 1461w, https:\/\/majipparesor.se\/wp-content\/uploads\/2023\/10\/20230923_114310-1949x2048.jpg 1949w\" sizes=\"auto, (max-width: 800px) 100vw, 800px\" \/><\/p>\n<p><img loading=\"lazy\" decoding=\"async\" class=\"aligncenter wp-image-37495 size-large\" src=\"https:\/\/majipparesor.se\/wp-content\/uploads\/2023\/10\/20230923_114006-886x1024.jpg\" alt=\"\" width=\"800\" height=\"925\" srcset=\"https:\/\/majipparesor.se\/wp-content\/uploads\/2023\/10\/20230923_114006-886x1024.jpg 886w, https:\/\/majipparesor.se\/wp-content\/uploads\/2023\/10\/20230923_114006-260x300.jpg 260w, https:\/\/majipparesor.se\/wp-content\/uploads\/2023\/10\/20230923_114006-768x887.jpg 768w, https:\/\/majipparesor.se\/wp-content\/uploads\/2023\/10\/20230923_114006-1329x1536.jpg 1329w, https:\/\/majipparesor.se\/wp-content\/uploads\/2023\/10\/20230923_114006-1773x2048.jpg 1773w\" sizes=\"auto, (max-width: 800px) 100vw, 800px\" \/><\/p>\n<h5>Orsa tings- och kommunhus<\/h5>\n<p>Efter lite fika passar det bra att ta oss till Orsas kommunhus. Det pampiga Orsa tings- och kommunhus \u00e4r byggt i tegel och sandsten. Huset ritades av Rudolf Arborelius, han var son till Orsas kyrkoherde Olof Ulrik Arborelius och hade som barn sprungit bland de g\u00e5rdar som liksom det gamla tingshuset f\u00f6rsvann i branden 1901.<\/p>\n<p>Rudolf Arborelius hade gjort sig ett namn genom att formge flera stora parkvillor i Djursholm utanf\u00f6r Stockholm. Han hade \u00e4ven jobbat med ombyggnaden av Djursholms slott och \u00c4lvdalens kyrka. 1904 stod Orsa tings- och kommunhus klart, husets fasad har flera symboler f\u00f6r Orsas n\u00e4ringar som skogen och slipstenstillverkningen. Det sista ordinarie tinget h\u00f6lls i huset 1973, idag har den kommunala verksamheten tagit \u00f6ver huset.<\/p>\n<p><img loading=\"lazy\" decoding=\"async\" class=\"aligncenter wp-image-37518 size-large\" src=\"https:\/\/majipparesor.se\/wp-content\/uploads\/2023\/10\/20230923_115234-926x1024.jpg\" alt=\"\" width=\"800\" height=\"885\" srcset=\"https:\/\/majipparesor.se\/wp-content\/uploads\/2023\/10\/20230923_115234-926x1024.jpg 926w, https:\/\/majipparesor.se\/wp-content\/uploads\/2023\/10\/20230923_115234-271x300.jpg 271w, https:\/\/majipparesor.se\/wp-content\/uploads\/2023\/10\/20230923_115234-768x849.jpg 768w, https:\/\/majipparesor.se\/wp-content\/uploads\/2023\/10\/20230923_115234-1389x1536.jpg 1389w, https:\/\/majipparesor.se\/wp-content\/uploads\/2023\/10\/20230923_115234-1852x2048.jpg 1852w\" sizes=\"auto, (max-width: 800px) 100vw, 800px\" \/><\/p>\n<h5>Sev\u00e4rdheter i Orsa<\/h5>\n<p>Orsa kommun \u00e4r en v\u00e4lk\u00e4nd och omtyckt turistkommun med ett brett utbud av natur- och kulturupplevelser, sp\u00e4nnande aktiviteter, storslagen natur och ett rikt friluftsliv.<\/p>\n<p>Sj\u00e4lva fastnade vi f\u00f6r Orsas fina och varierande natur. Det finns hela 16 naturreservat i kommunen och vi begav oss till Orsas hembygdsg\u00e5rd h\u00f6gt \u00f6ver Orsa och Siljan. H\u00e4rifr\u00e5n utg\u00e5r bland annat En\u00e5ns vandringsled, den g\u00e5r l\u00e4ngs b\u00e5da sidorna av En\u00e5ns dalg\u00e5ng. En rundtur p\u00e5 cirka 4 kilometer.<\/p>\n<h5>Siljansleden<\/h5>\n<p>En av STF:s signaturleder Siljansleden g\u00e5r runt Siljan och Orsasj\u00f6n. En del av den 34 mil l\u00e5nga leden g\u00e5r genom Orsa kommun, leden passerar bland annat Storstupet och Helvetesfallet.<\/p>\n<p><img loading=\"lazy\" decoding=\"async\" class=\"aligncenter wp-image-37522 size-large\" src=\"https:\/\/majipparesor.se\/wp-content\/uploads\/2023\/10\/20230923_115109-1024x768.jpg\" alt=\"\" width=\"800\" height=\"600\" srcset=\"https:\/\/majipparesor.se\/wp-content\/uploads\/2023\/10\/20230923_115109-1024x768.jpg 1024w, https:\/\/majipparesor.se\/wp-content\/uploads\/2023\/10\/20230923_115109-300x225.jpg 300w, https:\/\/majipparesor.se\/wp-content\/uploads\/2023\/10\/20230923_115109-768x576.jpg 768w, https:\/\/majipparesor.se\/wp-content\/uploads\/2023\/10\/20230923_115109-1536x1152.jpg 1536w, https:\/\/majipparesor.se\/wp-content\/uploads\/2023\/10\/20230923_115109-2048x1536.jpg 2048w\" sizes=\"auto, (max-width: 800px) 100vw, 800px\" \/><\/p>\n<p><img loading=\"lazy\" decoding=\"async\" class=\"aligncenter wp-image-37520 size-large\" src=\"https:\/\/majipparesor.se\/wp-content\/uploads\/2023\/10\/20230923_115152-1024x721.jpg\" alt=\"\" width=\"800\" height=\"563\" srcset=\"https:\/\/majipparesor.se\/wp-content\/uploads\/2023\/10\/20230923_115152-1024x721.jpg 1024w, https:\/\/majipparesor.se\/wp-content\/uploads\/2023\/10\/20230923_115152-300x211.jpg 300w, https:\/\/majipparesor.se\/wp-content\/uploads\/2023\/10\/20230923_115152-768x540.jpg 768w, https:\/\/majipparesor.se\/wp-content\/uploads\/2023\/10\/20230923_115152-1536x1081.jpg 1536w, https:\/\/majipparesor.se\/wp-content\/uploads\/2023\/10\/20230923_115152-2048x1441.jpg 2048w, https:\/\/majipparesor.se\/wp-content\/uploads\/2023\/10\/20230923_115152-130x90.jpg 130w\" sizes=\"auto, (max-width: 800px) 100vw, 800px\" \/><\/p>\n<p><img loading=\"lazy\" decoding=\"async\" class=\"aligncenter wp-image-37515 size-large\" src=\"https:\/\/majipparesor.se\/wp-content\/uploads\/2023\/10\/20230923_123515-768x1024.jpg\" alt=\"\" width=\"768\" height=\"1024\" srcset=\"https:\/\/majipparesor.se\/wp-content\/uploads\/2023\/10\/20230923_123515-768x1024.jpg 768w, https:\/\/majipparesor.se\/wp-content\/uploads\/2023\/10\/20230923_123515-225x300.jpg 225w, https:\/\/majipparesor.se\/wp-content\/uploads\/2023\/10\/20230923_123515.jpg 1072w\" sizes=\"auto, (max-width: 768px) 100vw, 768px\" \/><\/p>\n<h5>\u00c4lvdalens kommun<\/h5>\n<p>Vi forts\u00e4tter nordv\u00e4st i Dalarna och kommer fram till \u00c4lvdalens kommun. H\u00e4r \u00e4r det \u00c4lvdalen som \u00e4r centralort. N\u00e4r vi anl\u00e4nder en l\u00f6rdag mitt p\u00e5 dagen ser vi knappt en enda person. Huvudgatan som leder oss fram till kommunhuset ligger \u00f6de och tom.<\/p>\n<p>\u00c4lvdalen bildades p\u00e5 medeltiden genom en utbrytning ur Mora socken som kapellf\u00f6rsamling f\u00f6r att 1586 bli ett eget pastorat och frist\u00e5ende socken. Mellan \u00e5ren 1645 och 1651 var S\u00e4rna och Idre socknar en del av denna socken. Namnet \u00c4lvdalen kommer av namnet Elffuedalen vilket syftar p\u00e5 bygden vid \u00d6sterdal\u00e4lven.<sup id=\"cite_ref-9\" class=\"reference\"><\/sup>\u00a0Namnet skrevs f\u00f6re 1902\u00a0Elfdalens socken.<\/p>\n<p>Vid\u00a0kommunreformen 1862\u00a0\u00f6vergick socknens ansvar f\u00f6r de kyrkliga fr\u00e5gorna till\u00a0\u00c4lvdalens f\u00f6rsamling\u00a0och f\u00f6r de borgerliga fr\u00e5gorna till\u00a0\u00c4lvdalens landskommun. Landskommunen ombildades 1971 till \u00c4lvdalens kommun.<sup id=\"cite_ref-Harlen_3-0\" class=\"reference\"><\/sup><\/p>\n<p>Idag bor det cirka 7000 inv\u00e5nare i kommunen.<\/p>\n<p><img loading=\"lazy\" decoding=\"async\" class=\"aligncenter wp-image-37624 size-large\" src=\"https:\/\/majipparesor.se\/wp-content\/uploads\/2023\/10\/20230923_124950-1024x888.jpg\" alt=\"\" width=\"800\" height=\"694\" srcset=\"https:\/\/majipparesor.se\/wp-content\/uploads\/2023\/10\/20230923_124950-1024x888.jpg 1024w, https:\/\/majipparesor.se\/wp-content\/uploads\/2023\/10\/20230923_124950-300x260.jpg 300w, https:\/\/majipparesor.se\/wp-content\/uploads\/2023\/10\/20230923_124950-768x666.jpg 768w, https:\/\/majipparesor.se\/wp-content\/uploads\/2023\/10\/20230923_124950-1536x1332.jpg 1536w, https:\/\/majipparesor.se\/wp-content\/uploads\/2023\/10\/20230923_124950-2048x1775.jpg 2048w\" sizes=\"auto, (max-width: 800px) 100vw, 800px\" \/><\/p>\n<h5>Glesbygd<\/h5>\n<p>\u00c4lvdalen \u00e4r en glesbygdskommun och omfattar stora delar av norra Dalarnas vildmark och fj\u00e4llv\u00e4rld men ocks\u00e5 tv\u00e5 mindre delar i H\u00e4rjedalen. Cirka tv\u00e5 tredjedelar av kommunens inv\u00e5nare bor i t\u00e4torter, fr\u00e4mst \u00c4lvdalen, S\u00e4rna och Idre.<\/p>\n<p>Kommunens n\u00e4ringsliv har traditionellt dominerats av jord- och skogsbruk. Under senare \u00e5r har turismen blivit alltmer betydelsefull, s\u00e4rskilt d\u00e5 i kommunens norra del, d\u00e4r Idre fj\u00e4ll med goda m\u00f6jligheter till skid\u00e5kning.<\/p>\n<p>Industrin dominerar syssels\u00e4ttningen i kommunens s\u00f6dra del med verktyg och tr\u00e4varor.<\/p>\n<p><img loading=\"lazy\" decoding=\"async\" class=\"aligncenter wp-image-37625 size-large\" src=\"https:\/\/majipparesor.se\/wp-content\/uploads\/2023\/10\/20230923_123524-983x1024.jpg\" alt=\"\" width=\"800\" height=\"833\" srcset=\"https:\/\/majipparesor.se\/wp-content\/uploads\/2023\/10\/20230923_123524-983x1024.jpg 983w, https:\/\/majipparesor.se\/wp-content\/uploads\/2023\/10\/20230923_123524-288x300.jpg 288w, https:\/\/majipparesor.se\/wp-content\/uploads\/2023\/10\/20230923_123524-768x800.jpg 768w, https:\/\/majipparesor.se\/wp-content\/uploads\/2023\/10\/20230923_123524-1475x1536.jpg 1475w, https:\/\/majipparesor.se\/wp-content\/uploads\/2023\/10\/20230923_123524.jpg 1608w\" sizes=\"auto, (max-width: 800px) 100vw, 800px\" \/><\/p>\n<h5>Spr\u00e5k<\/h5>\n<p>\u00c4lvdalens kommun uppvisar en stor spr\u00e5klig variation. I kommunen talas\u00a0rikssvenska,\u00a0\u00e4lvdalska,\u00a0sydsamiska\u00a0samt\u00a0idre- och s\u00e4rnam\u00e5l.\u00a0\u00c4lvdalskan h\u00f6r till de\u00a0egentliga dalm\u00e5len\u00a0och talas i s\u00f6dra delen av kommunen i\u00a0\u00c4lvdalens socken.<sup id=\"cite_ref-28\" class=\"reference\"><\/sup>\u00a0Ibland r\u00e4knas den som ett eget spr\u00e5k p\u00e5 grund av sin mycket s\u00e4rpr\u00e4glade karakt\u00e4r och att \u00e4lvdalskan generellt \u00e4r of\u00f6rst\u00e5eligt f\u00f6r en talare av rikssvenska. Den har inte status som minoritetsspr\u00e5k i Sverige, men talas av ungef\u00e4r tre tusen personer.<sup id=\"cite_ref-29\" class=\"reference\"><\/sup><\/p>\n<p><img loading=\"lazy\" decoding=\"async\" class=\"aligncenter wp-image-37617 size-large\" src=\"https:\/\/majipparesor.se\/wp-content\/uploads\/2023\/10\/20230923_125518-1024x731.jpg\" alt=\"\" width=\"800\" height=\"571\" srcset=\"https:\/\/majipparesor.se\/wp-content\/uploads\/2023\/10\/20230923_125518-1024x731.jpg 1024w, https:\/\/majipparesor.se\/wp-content\/uploads\/2023\/10\/20230923_125518-300x214.jpg 300w, https:\/\/majipparesor.se\/wp-content\/uploads\/2023\/10\/20230923_125518-768x549.jpg 768w, https:\/\/majipparesor.se\/wp-content\/uploads\/2023\/10\/20230923_125518-1536x1097.jpg 1536w, https:\/\/majipparesor.se\/wp-content\/uploads\/2023\/10\/20230923_125518-2048x1463.jpg 2048w\" sizes=\"auto, (max-width: 800px) 100vw, 800px\" \/><\/p>\n<p><img loading=\"lazy\" decoding=\"async\" class=\"aligncenter wp-image-37616 size-large\" src=\"https:\/\/majipparesor.se\/wp-content\/uploads\/2023\/10\/20230923_125530-1024x777.jpg\" alt=\"\" width=\"800\" height=\"607\" srcset=\"https:\/\/majipparesor.se\/wp-content\/uploads\/2023\/10\/20230923_125530-1024x777.jpg 1024w, https:\/\/majipparesor.se\/wp-content\/uploads\/2023\/10\/20230923_125530-300x228.jpg 300w, https:\/\/majipparesor.se\/wp-content\/uploads\/2023\/10\/20230923_125530-768x583.jpg 768w, https:\/\/majipparesor.se\/wp-content\/uploads\/2023\/10\/20230923_125530-1536x1165.jpg 1536w, https:\/\/majipparesor.se\/wp-content\/uploads\/2023\/10\/20230923_125530-2048x1554.jpg 2048w\" sizes=\"auto, (max-width: 800px) 100vw, 800px\" \/><\/p>\n<h5>V\u00e5rt bes\u00f6k i \u00c4lvdalen<\/h5>\n<p>Lite f\u00f6rv\u00e5nade \u00f6ver att det \u00e4r s\u00e5 \u00f6dsligt i centralorten mitt p\u00e5 dagen tar vi oss fram till kommunhuset som ligger mitt i centrala \u00c4lvdalen. Vi ser att kommuninv\u00e5narna har ett rej\u00e4lt kommunhus d\u00e4r kommunvapnet lyser upp i fina f\u00e4rger.<\/p>\n<p>\u00c4lvdalens kommunvapen, &#8221;Lien&#8221; skapades 1946.\u00a0 Symbolen \u00e4r h\u00e4mtad ur ett sockensigill fr\u00e5n 1600 &#8211; talet och syftar p\u00e5 j\u00e4rnhantering och smide. Armborstet syftar p\u00e5 f\u00f6rsvarsberedskap och jakt.<\/p>\n<p><img loading=\"lazy\" decoding=\"async\" class=\"aligncenter wp-image-37623 size-large\" src=\"https:\/\/majipparesor.se\/wp-content\/uploads\/2023\/10\/20230923_125124-1024x768.jpg\" alt=\"\" width=\"800\" height=\"600\" srcset=\"https:\/\/majipparesor.se\/wp-content\/uploads\/2023\/10\/20230923_125124-1024x768.jpg 1024w, https:\/\/majipparesor.se\/wp-content\/uploads\/2023\/10\/20230923_125124-300x225.jpg 300w, https:\/\/majipparesor.se\/wp-content\/uploads\/2023\/10\/20230923_125124-768x576.jpg 768w, https:\/\/majipparesor.se\/wp-content\/uploads\/2023\/10\/20230923_125124-1536x1152.jpg 1536w, https:\/\/majipparesor.se\/wp-content\/uploads\/2023\/10\/20230923_125124-2048x1536.jpg 2048w\" sizes=\"auto, (max-width: 800px) 100vw, 800px\" \/><\/p>\n<p><img loading=\"lazy\" decoding=\"async\" class=\"aligncenter wp-image-37622 size-large\" src=\"https:\/\/majipparesor.se\/wp-content\/uploads\/2023\/10\/20230923_125144-1024x954.jpg\" alt=\"\" width=\"800\" height=\"745\" srcset=\"https:\/\/majipparesor.se\/wp-content\/uploads\/2023\/10\/20230923_125144-1024x954.jpg 1024w, https:\/\/majipparesor.se\/wp-content\/uploads\/2023\/10\/20230923_125144-300x280.jpg 300w, https:\/\/majipparesor.se\/wp-content\/uploads\/2023\/10\/20230923_125144-768x716.jpg 768w, https:\/\/majipparesor.se\/wp-content\/uploads\/2023\/10\/20230923_125144-1536x1432.jpg 1536w, https:\/\/majipparesor.se\/wp-content\/uploads\/2023\/10\/20230923_125144-2048x1909.jpg 2048w\" sizes=\"auto, (max-width: 800px) 100vw, 800px\" \/><\/p>\n<p><img loading=\"lazy\" decoding=\"async\" class=\"aligncenter wp-image-37626 size-large\" src=\"https:\/\/majipparesor.se\/wp-content\/uploads\/2023\/10\/20230923_124830-846x1024.jpg\" alt=\"\" width=\"800\" height=\"968\" srcset=\"https:\/\/majipparesor.se\/wp-content\/uploads\/2023\/10\/20230923_124830-846x1024.jpg 846w, https:\/\/majipparesor.se\/wp-content\/uploads\/2023\/10\/20230923_124830-248x300.jpg 248w, https:\/\/majipparesor.se\/wp-content\/uploads\/2023\/10\/20230923_124830-768x930.jpg 768w, https:\/\/majipparesor.se\/wp-content\/uploads\/2023\/10\/20230923_124830-1269x1536.jpg 1269w, https:\/\/majipparesor.se\/wp-content\/uploads\/2023\/10\/20230923_124830.jpg 1561w\" sizes=\"auto, (max-width: 800px) 100vw, 800px\" \/><\/p>\n<h5>Armborst<\/h5>\n<p>Aprop\u00e5 armborst, ser vi den ber\u00f6mda armborsten vid ortens infart. Det \u00e4r v\u00e4rldens st\u00f6rsta armborst med sina 12 meter och en vikt p\u00e5 5 ton.<\/p>\n<p><img loading=\"lazy\" decoding=\"async\" class=\"aligncenter wp-image-37620 size-large\" src=\"https:\/\/majipparesor.se\/wp-content\/uploads\/2023\/10\/20230923_125311-768x1024.jpg\" alt=\"\" width=\"768\" height=\"1024\" srcset=\"https:\/\/majipparesor.se\/wp-content\/uploads\/2023\/10\/20230923_125311-768x1024.jpg 768w, https:\/\/majipparesor.se\/wp-content\/uploads\/2023\/10\/20230923_125311-225x300.jpg 225w, https:\/\/majipparesor.se\/wp-content\/uploads\/2023\/10\/20230923_125311-1152x1536.jpg 1152w, https:\/\/majipparesor.se\/wp-content\/uploads\/2023\/10\/20230923_125311-1536x2048.jpg 1536w, https:\/\/majipparesor.se\/wp-content\/uploads\/2023\/10\/20230923_125311-scaled.jpg 1920w\" sizes=\"auto, (max-width: 768px) 100vw, 768px\" \/><\/p>\n<h5>\u00c4lvdalens kyrka<\/h5>\n<p>En av \u00c4lvdalens fr\u00e4msta byggnader och kanske den vackraste tycker vi att \u00c4lvdalens vackra kyrka \u00e4r. P\u00e5 platsen d\u00e4r dagens kyrka st\u00e5r l\u00e4r det \u00e4ven ha funnits en medeltida kyrka. \u00c5r 1585 f\u00e4rdigst\u00e4lldes \u00c4lvdalens f\u00f6rsta stenkyrka som delvis ing\u00e5r i dagens kyrkobyggnad. Under \u00e5ren har kyrkan byggts till och nuvarande kyrktorn uppf\u00f6rdes 1816-17. \u00d6vriga delar byggdes om mellan \u00e5ren 1824-26 och vid en stor ombyggnad 1905 fick tornet sin nuvarande spira med lanternin.<\/p>\n<p><img loading=\"lazy\" decoding=\"async\" class=\"aligncenter wp-image-37619 size-large\" src=\"https:\/\/majipparesor.se\/wp-content\/uploads\/2023\/10\/20230923_125324-1024x768.jpg\" alt=\"\" width=\"800\" height=\"600\" srcset=\"https:\/\/majipparesor.se\/wp-content\/uploads\/2023\/10\/20230923_125324-1024x768.jpg 1024w, https:\/\/majipparesor.se\/wp-content\/uploads\/2023\/10\/20230923_125324-300x225.jpg 300w, https:\/\/majipparesor.se\/wp-content\/uploads\/2023\/10\/20230923_125324-768x576.jpg 768w, https:\/\/majipparesor.se\/wp-content\/uploads\/2023\/10\/20230923_125324-1536x1152.jpg 1536w, https:\/\/majipparesor.se\/wp-content\/uploads\/2023\/10\/20230923_125324-2048x1536.jpg 2048w\" sizes=\"auto, (max-width: 800px) 100vw, 800px\" \/><\/p>\n<h5>\u00c4lvdalens tingshus<\/h5>\n<p>Strax bredvid \u00c4lvdalens kommunhus ligger en annan mycket tjusig byggnad som f\u00e5ngar v\u00e5rt intresse. Det \u00e4r \u00c4lvdalens tingshus. Det b\u00f6rjade byggas 1912 b\u00f6rjade och invigdes 1913, arkitekten till det vackra huset var Edward Dahlb\u00e4ck fr\u00e5n Falun och entrepren\u00f6r byggm\u00e4stare J. Eriksson fr\u00e5n Stora Tuna. Kostnaden gick p\u00e5 75.000 kr inklusive m\u00f6blering. \u00d6ver huvudentr\u00e9n st\u00e5r texten <i>&#8221;Land skall med lag byggas.&#8221;<\/i>\u00a0ingraverad.<\/p>\n<p>\u00c5r 1974 flyttade\u00a0tinget\u00a0till\u00a0Mora och i mars 1977 h\u00f6lls invigningen av biblioteket i det gamla tingshuset.\u00a0<sup id=\"cite_ref-1\" class=\"reference\"><\/sup>\u00c5r 2018 flyttades biblioteket fr\u00e5n tingshuset till den nybyggda\u00a0\u00c4lvdalsskolan\u00a0och ist\u00e4llet flyttades \u00c4lvdalens musikskola in i tingshuset.<\/p>\n<p><img loading=\"lazy\" decoding=\"async\" class=\"aligncenter wp-image-37618 size-large\" src=\"https:\/\/majipparesor.se\/wp-content\/uploads\/2023\/10\/20230923_125308-768x1024.jpg\" alt=\"\" width=\"768\" height=\"1024\" srcset=\"https:\/\/majipparesor.se\/wp-content\/uploads\/2023\/10\/20230923_125308-768x1024.jpg 768w, https:\/\/majipparesor.se\/wp-content\/uploads\/2023\/10\/20230923_125308-225x300.jpg 225w, https:\/\/majipparesor.se\/wp-content\/uploads\/2023\/10\/20230923_125308-1152x1536.jpg 1152w, https:\/\/majipparesor.se\/wp-content\/uploads\/2023\/10\/20230923_125308-1536x2048.jpg 1536w, https:\/\/majipparesor.se\/wp-content\/uploads\/2023\/10\/20230923_125308-scaled.jpg 1920w\" sizes=\"auto, (max-width: 768px) 100vw, 768px\" \/><\/p>\n<p><img loading=\"lazy\" decoding=\"async\" class=\"aligncenter wp-image-37615 size-large\" src=\"https:\/\/majipparesor.se\/wp-content\/uploads\/2023\/10\/20230923_125934-873x1024.jpg\" alt=\"\" width=\"800\" height=\"938\" srcset=\"https:\/\/majipparesor.se\/wp-content\/uploads\/2023\/10\/20230923_125934-873x1024.jpg 873w, https:\/\/majipparesor.se\/wp-content\/uploads\/2023\/10\/20230923_125934-256x300.jpg 256w, https:\/\/majipparesor.se\/wp-content\/uploads\/2023\/10\/20230923_125934-768x901.jpg 768w, https:\/\/majipparesor.se\/wp-content\/uploads\/2023\/10\/20230923_125934-1310x1536.jpg 1310w, https:\/\/majipparesor.se\/wp-content\/uploads\/2023\/10\/20230923_125934-1746x2048.jpg 1746w\" sizes=\"auto, (max-width: 800px) 100vw, 800px\" \/><\/p>\n<p style=\"text-align: center;\"><em>\u00c4lvdalens stationshus<\/em><\/p>\n<p><img loading=\"lazy\" decoding=\"async\" class=\"aligncenter wp-image-37613 size-large\" src=\"https:\/\/majipparesor.se\/wp-content\/uploads\/2023\/10\/20230923_130131-849x1024.jpg\" alt=\"\" width=\"800\" height=\"965\" srcset=\"https:\/\/majipparesor.se\/wp-content\/uploads\/2023\/10\/20230923_130131-849x1024.jpg 849w, https:\/\/majipparesor.se\/wp-content\/uploads\/2023\/10\/20230923_130131-249x300.jpg 249w, https:\/\/majipparesor.se\/wp-content\/uploads\/2023\/10\/20230923_130131-768x926.jpg 768w, https:\/\/majipparesor.se\/wp-content\/uploads\/2023\/10\/20230923_130131-1273x1536.jpg 1273w, https:\/\/majipparesor.se\/wp-content\/uploads\/2023\/10\/20230923_130131-1698x2048.jpg 1698w\" sizes=\"auto, (max-width: 800px) 100vw, 800px\" \/><\/p>\n<h5>Se och g\u00f6ra i \u00c4lvdalen<\/h5>\n<p>\u00c4lvdalen ligger lite ensligt mitt i de djupa skogarna och ganska l\u00e5ngt bort fr\u00e5n andra st\u00e4der. Kanske \u00e4r det inte inomhusaktiviteter man t\u00e4nker p\u00e5 vid ett bes\u00f6k h\u00e4r i \u00c4lvdalen. Men f\u00f6r den som \u00e4r intresserad av museer, gallerier och konst finns till exempel ett f\u00f6rsvarsmuseum med sommarservering. Museet har ett flertal historiska byggnader med redskap som har anknytning till skogsbruket i S\u00e4rnabygden.<\/p>\n<p>Ett annat museum \u00e4r Porfyr- och Hagstr\u00f6mmuseet, det ligger centralt bel\u00e4get i \u00c4lvdalen. H\u00e4r finns bland annat en omfattande samling bruks- och prydnadsf\u00f6rem\u00e5l i porfyr, en utst\u00e4llning om framst\u00e4llningen av j\u00e4rnmalm samt en stor utst\u00e4llning av instrument tillverkade av AB Albin Hagstr\u00f6m i \u00c4lvdalen \u00e5ren 1925\u20131983.<\/p>\n<p>Annars handlar mycket om \u00e4ventyr och utomhus\u00adaktiviteter i \u00c4lvdalens kommun. Vandring, cykling, fiske, skid\u00ad\u00e5kning och skoter\u00e5kning g\u00f6r \u00c4lvdalen till den perfekta destina\u00adtionen f\u00f6r den som s\u00f6ker ett friluftsliv &#8211; \u00e5ret runt.<\/p>\n<p><img loading=\"lazy\" decoding=\"async\" class=\"aligncenter wp-image-37612 size-large\" src=\"https:\/\/majipparesor.se\/wp-content\/uploads\/2023\/10\/20230923_130201-953x1024.jpg\" alt=\"\" width=\"800\" height=\"860\" srcset=\"https:\/\/majipparesor.se\/wp-content\/uploads\/2023\/10\/20230923_130201-953x1024.jpg 953w, https:\/\/majipparesor.se\/wp-content\/uploads\/2023\/10\/20230923_130201-279x300.jpg 279w, https:\/\/majipparesor.se\/wp-content\/uploads\/2023\/10\/20230923_130201-768x825.jpg 768w, https:\/\/majipparesor.se\/wp-content\/uploads\/2023\/10\/20230923_130201-1429x1536.jpg 1429w, https:\/\/majipparesor.se\/wp-content\/uploads\/2023\/10\/20230923_130201-1906x2048.jpg 1906w\" sizes=\"auto, (max-width: 800px) 100vw, 800px\" \/><\/p>\n<p style=\"text-align: center;\"><em>Skog, dalar, vatten\u00addrag och maffiga vyer st\u00e5r alltid redo i \u00c4lvdalens kommun.<\/em><\/p>\n<p><img loading=\"lazy\" decoding=\"async\" class=\"aligncenter wp-image-37621 size-large\" src=\"https:\/\/majipparesor.se\/wp-content\/uploads\/2023\/10\/20230923_125201-768x1024.jpg\" alt=\"\" width=\"768\" height=\"1024\" srcset=\"https:\/\/majipparesor.se\/wp-content\/uploads\/2023\/10\/20230923_125201-768x1024.jpg 768w, https:\/\/majipparesor.se\/wp-content\/uploads\/2023\/10\/20230923_125201-225x300.jpg 225w, https:\/\/majipparesor.se\/wp-content\/uploads\/2023\/10\/20230923_125201-1152x1536.jpg 1152w, https:\/\/majipparesor.se\/wp-content\/uploads\/2023\/10\/20230923_125201-1536x2048.jpg 1536w, https:\/\/majipparesor.se\/wp-content\/uploads\/2023\/10\/20230923_125201-scaled.jpg 1920w\" sizes=\"auto, (max-width: 768px) 100vw, 768px\" \/><\/p>\n<p><img loading=\"lazy\" decoding=\"async\" class=\"aligncenter wp-image-37642 size-large\" src=\"https:\/\/majipparesor.se\/wp-content\/uploads\/2023\/10\/20230923_134144-1024x831.jpg\" alt=\"\" width=\"800\" height=\"649\" srcset=\"https:\/\/majipparesor.se\/wp-content\/uploads\/2023\/10\/20230923_134144-1024x831.jpg 1024w, https:\/\/majipparesor.se\/wp-content\/uploads\/2023\/10\/20230923_134144-300x243.jpg 300w, https:\/\/majipparesor.se\/wp-content\/uploads\/2023\/10\/20230923_134144-768x623.jpg 768w, https:\/\/majipparesor.se\/wp-content\/uploads\/2023\/10\/20230923_134144-1536x1247.jpg 1536w, https:\/\/majipparesor.se\/wp-content\/uploads\/2023\/10\/20230923_134144-2048x1662.jpg 2048w\" sizes=\"auto, (max-width: 800px) 100vw, 800px\" \/><\/p>\n<h5>P\u00e5 v\u00e4garna i dalaskogarna<\/h5>\n<p>Vi l\u00e4mnar \u00c4lvdalen och k\u00f6r vidare n\u00e5got sydv\u00e4st med en liten ostlig krok mot n\u00e4sta kommun, S\u00e4len \/ Malung, d\u00e4r centralorten och kommunhuset ligger i Malung. V\u00e4garna h\u00e4r i de norra delarna av Dalarna k\u00e4nns ensliga och vi blir varnade f\u00f6r \u00e4lg n\u00e4r jaktlaget h\u00e5ller till utmed Vasaloppsv\u00e4gen. Och vips st\u00e5r en \u00e4lg p\u00e5 v\u00e4gen, men den hinner f\u00f6rsvinna innan kameran kommer upp.<\/p>\n<p><img loading=\"lazy\" decoding=\"async\" class=\"aligncenter wp-image-37646 size-large\" src=\"https:\/\/majipparesor.se\/wp-content\/uploads\/2023\/10\/20230923_131023-1024x1007.jpg\" alt=\"\" width=\"800\" height=\"787\" srcset=\"https:\/\/majipparesor.se\/wp-content\/uploads\/2023\/10\/20230923_131023-1024x1007.jpg 1024w, https:\/\/majipparesor.se\/wp-content\/uploads\/2023\/10\/20230923_131023-300x295.jpg 300w, https:\/\/majipparesor.se\/wp-content\/uploads\/2023\/10\/20230923_131023-768x755.jpg 768w, https:\/\/majipparesor.se\/wp-content\/uploads\/2023\/10\/20230923_131023-1536x1511.jpg 1536w, https:\/\/majipparesor.se\/wp-content\/uploads\/2023\/10\/20230923_131023-2048x2014.jpg 2048w\" sizes=\"auto, (max-width: 800px) 100vw, 800px\" \/><\/p>\n<p>Vi passerar Evertsberg och associerar f\u00f6rst\u00e5s till Vasaloppet, h\u00e4rifr\u00e5n brukar en del av tv &#8211; s\u00e4ndningen p\u00e5g\u00e5 men \u00e4r \u00e4ven en officiell kontroll av Vasaloppet. Evertsberg var tillsammans med M\u00e5ngsbodarna och Oxberg en officiell kontroll redan vid den f\u00f6rsta upplagan av Vasaloppet 1922. F\u00f6rr var det vanligt att man vallade om \u00f6ver \u00f6ppet eld, vilket man ordnade vid kontrollerna.<\/p>\n<p>Vi passerar \u00e4ven M\u00e5ngsbodarna och flera andra k\u00e4nda orter fr\u00e5n Vasaloppssp\u00e5ret. Ist\u00e4llet f\u00f6r att k\u00f6ra mot S\u00e4len, startplatsen f\u00f6r Vasaloppet tar vi s\u00f6derut och hamnar i v\u00e5r sista kommun Malung \/S\u00e4len.<\/p>\n<p><img loading=\"lazy\" decoding=\"async\" class=\"aligncenter wp-image-37645 size-large\" src=\"https:\/\/majipparesor.se\/wp-content\/uploads\/2023\/10\/20230923_131031-1024x768.jpg\" alt=\"\" width=\"800\" height=\"600\" srcset=\"https:\/\/majipparesor.se\/wp-content\/uploads\/2023\/10\/20230923_131031-1024x768.jpg 1024w, https:\/\/majipparesor.se\/wp-content\/uploads\/2023\/10\/20230923_131031-300x225.jpg 300w, https:\/\/majipparesor.se\/wp-content\/uploads\/2023\/10\/20230923_131031-768x576.jpg 768w, https:\/\/majipparesor.se\/wp-content\/uploads\/2023\/10\/20230923_131031-1536x1152.jpg 1536w, https:\/\/majipparesor.se\/wp-content\/uploads\/2023\/10\/20230923_131031-2048x1536.jpg 2048w\" sizes=\"auto, (max-width: 800px) 100vw, 800px\" \/><\/p>\n<p><img loading=\"lazy\" decoding=\"async\" class=\"aligncenter wp-image-37644 size-large\" src=\"https:\/\/majipparesor.se\/wp-content\/uploads\/2023\/10\/20230923_131043-1024x1021.jpg\" alt=\"\" width=\"800\" height=\"798\" srcset=\"https:\/\/majipparesor.se\/wp-content\/uploads\/2023\/10\/20230923_131043-1024x1021.jpg 1024w, https:\/\/majipparesor.se\/wp-content\/uploads\/2023\/10\/20230923_131043-300x300.jpg 300w, https:\/\/majipparesor.se\/wp-content\/uploads\/2023\/10\/20230923_131043-150x150.jpg 150w, https:\/\/majipparesor.se\/wp-content\/uploads\/2023\/10\/20230923_131043-768x766.jpg 768w, https:\/\/majipparesor.se\/wp-content\/uploads\/2023\/10\/20230923_131043-1536x1531.jpg 1536w, https:\/\/majipparesor.se\/wp-content\/uploads\/2023\/10\/20230923_131043-2048x2042.jpg 2048w\" sizes=\"auto, (max-width: 800px) 100vw, 800px\" \/><\/p>\n<p><img loading=\"lazy\" decoding=\"async\" class=\"aligncenter wp-image-37643 size-large\" src=\"https:\/\/majipparesor.se\/wp-content\/uploads\/2023\/10\/20230923_133109-1024x890.jpg\" alt=\"\" width=\"800\" height=\"695\" srcset=\"https:\/\/majipparesor.se\/wp-content\/uploads\/2023\/10\/20230923_133109-1024x890.jpg 1024w, https:\/\/majipparesor.se\/wp-content\/uploads\/2023\/10\/20230923_133109-300x261.jpg 300w, https:\/\/majipparesor.se\/wp-content\/uploads\/2023\/10\/20230923_133109-768x667.jpg 768w, https:\/\/majipparesor.se\/wp-content\/uploads\/2023\/10\/20230923_133109-1536x1335.jpg 1536w, https:\/\/majipparesor.se\/wp-content\/uploads\/2023\/10\/20230923_133109-2048x1780.jpg 2048w\" sizes=\"auto, (max-width: 800px) 100vw, 800px\" \/><\/p>\n<h5>Malung &#8211; S\u00e4lens kommun<\/h5>\n<p>Att vi befinner oss lite i vildmarken f\u00e5r vi nog \u00e4nd\u00e5 p\u00e5st\u00e5. Det \u00e4r glest mellan bilarna och vi ser v\u00e4ldigt mycket skog fr\u00e5n bilf\u00f6nstret. Annat \u00e4r det s\u00e4kert vintertid n\u00e4r skids\u00e4songen \u00e4r i full g\u00e5ng. Omr\u00e5det \u00e4r popul\u00e4rt f\u00f6r fj\u00e4llturister.<\/p>\n<p>Vid v\u00e5r f\u00e4rd mot Malung ser vi bland annat Kl\u00e4ppen och dess liftsystem och f\u00f6rmodligen kommer det inte dr\u00f6ja l\u00e4nge f\u00f6rr\u00e4n sn\u00f6n \u00e4r h\u00e4r och orten \u00f6ppnar upp.<\/p>\n<p><img loading=\"lazy\" decoding=\"async\" class=\"aligncenter wp-image-37641 size-large\" src=\"https:\/\/majipparesor.se\/wp-content\/uploads\/2023\/10\/20230923_134557-913x1024.jpg\" alt=\"\" width=\"800\" height=\"897\" srcset=\"https:\/\/majipparesor.se\/wp-content\/uploads\/2023\/10\/20230923_134557-913x1024.jpg 913w, https:\/\/majipparesor.se\/wp-content\/uploads\/2023\/10\/20230923_134557-267x300.jpg 267w, https:\/\/majipparesor.se\/wp-content\/uploads\/2023\/10\/20230923_134557-768x862.jpg 768w, https:\/\/majipparesor.se\/wp-content\/uploads\/2023\/10\/20230923_134557-1369x1536.jpg 1369w, https:\/\/majipparesor.se\/wp-content\/uploads\/2023\/10\/20230923_134557-1825x2048.jpg 1825w\" sizes=\"auto, (max-width: 800px) 100vw, 800px\" \/><\/p>\n<p><img loading=\"lazy\" decoding=\"async\" class=\"aligncenter wp-image-37639 size-large\" src=\"https:\/\/majipparesor.se\/wp-content\/uploads\/2023\/10\/20230923_135024-1024x992.jpg\" alt=\"\" width=\"800\" height=\"775\" srcset=\"https:\/\/majipparesor.se\/wp-content\/uploads\/2023\/10\/20230923_135024-1024x992.jpg 1024w, https:\/\/majipparesor.se\/wp-content\/uploads\/2023\/10\/20230923_135024-300x291.jpg 300w, https:\/\/majipparesor.se\/wp-content\/uploads\/2023\/10\/20230923_135024-768x744.jpg 768w, https:\/\/majipparesor.se\/wp-content\/uploads\/2023\/10\/20230923_135024-1536x1489.jpg 1536w, https:\/\/majipparesor.se\/wp-content\/uploads\/2023\/10\/20230923_135024.jpg 1623w\" sizes=\"auto, (max-width: 800px) 100vw, 800px\" \/><\/p>\n<p><img loading=\"lazy\" decoding=\"async\" class=\"aligncenter wp-image-37636 size-large\" src=\"https:\/\/majipparesor.se\/wp-content\/uploads\/2023\/10\/20230923_135741-1024x1010.jpg\" alt=\"\" width=\"800\" height=\"789\" srcset=\"https:\/\/majipparesor.se\/wp-content\/uploads\/2023\/10\/20230923_135741-1024x1010.jpg 1024w, https:\/\/majipparesor.se\/wp-content\/uploads\/2023\/10\/20230923_135741-300x296.jpg 300w, https:\/\/majipparesor.se\/wp-content\/uploads\/2023\/10\/20230923_135741-768x758.jpg 768w, https:\/\/majipparesor.se\/wp-content\/uploads\/2023\/10\/20230923_135741.jpg 1495w\" sizes=\"auto, (max-width: 800px) 100vw, 800px\" \/><\/p>\n<p>Vid Limedsforsen stannar vi till p\u00e5 en vacker rastplats. H\u00f6sten \u00e4r betydligt tidigare h\u00e4r \u00e4n nere i Stockholm och \u00e4ven om det \u00e4r sk\u00f6nt att slippa en alltf\u00f6r tidig h\u00f6st \u00e4r h\u00f6stf\u00e4rgen n\u00e5got av det vackraste som finns.<\/p>\n<p><img loading=\"lazy\" decoding=\"async\" class=\"aligncenter wp-image-37638 size-large\" src=\"https:\/\/majipparesor.se\/wp-content\/uploads\/2023\/10\/20230923_135659-1024x1020.jpg\" alt=\"\" width=\"800\" height=\"797\" srcset=\"https:\/\/majipparesor.se\/wp-content\/uploads\/2023\/10\/20230923_135659-1024x1020.jpg 1024w, https:\/\/majipparesor.se\/wp-content\/uploads\/2023\/10\/20230923_135659-300x300.jpg 300w, https:\/\/majipparesor.se\/wp-content\/uploads\/2023\/10\/20230923_135659-150x150.jpg 150w, https:\/\/majipparesor.se\/wp-content\/uploads\/2023\/10\/20230923_135659-768x765.jpg 768w, https:\/\/majipparesor.se\/wp-content\/uploads\/2023\/10\/20230923_135659-1536x1531.jpg 1536w, https:\/\/majipparesor.se\/wp-content\/uploads\/2023\/10\/20230923_135659-2048x2041.jpg 2048w\" sizes=\"auto, (max-width: 800px) 100vw, 800px\" \/><\/p>\n<p style=\"text-align: center;\"><em>Sixten Jernberg (1929 &#8211; 2012), k\u00e4nd l\u00e4ngdskid\u00e5kare. Han f\u00f6ddes i Lima i Kopparbergs l\u00e4n. Han tog sammanlagt 9 medaljer, varav 4 guld, vid olympiska vinterspel.<\/em><\/p>\n<p><img loading=\"lazy\" decoding=\"async\" class=\"aligncenter wp-image-37637 size-large\" src=\"https:\/\/majipparesor.se\/wp-content\/uploads\/2023\/10\/20230923_135728-768x1024.jpg\" alt=\"\" width=\"768\" height=\"1024\" srcset=\"https:\/\/majipparesor.se\/wp-content\/uploads\/2023\/10\/20230923_135728-768x1024.jpg 768w, https:\/\/majipparesor.se\/wp-content\/uploads\/2023\/10\/20230923_135728-225x300.jpg 225w, https:\/\/majipparesor.se\/wp-content\/uploads\/2023\/10\/20230923_135728-1152x1536.jpg 1152w, https:\/\/majipparesor.se\/wp-content\/uploads\/2023\/10\/20230923_135728-1536x2048.jpg 1536w, https:\/\/majipparesor.se\/wp-content\/uploads\/2023\/10\/20230923_135728-scaled.jpg 1920w\" sizes=\"auto, (max-width: 768px) 100vw, 768px\" \/><\/p>\n<p><img loading=\"lazy\" decoding=\"async\" class=\"aligncenter wp-image-37630 size-large\" src=\"https:\/\/majipparesor.se\/wp-content\/uploads\/2023\/10\/20230923_143009-1024x768.jpg\" alt=\"\" width=\"800\" height=\"600\" srcset=\"https:\/\/majipparesor.se\/wp-content\/uploads\/2023\/10\/20230923_143009-1024x768.jpg 1024w, https:\/\/majipparesor.se\/wp-content\/uploads\/2023\/10\/20230923_143009-300x225.jpg 300w, https:\/\/majipparesor.se\/wp-content\/uploads\/2023\/10\/20230923_143009-768x576.jpg 768w, https:\/\/majipparesor.se\/wp-content\/uploads\/2023\/10\/20230923_143009-1536x1152.jpg 1536w, https:\/\/majipparesor.se\/wp-content\/uploads\/2023\/10\/20230923_143009-2048x1536.jpg 2048w\" sizes=\"auto, (max-width: 800px) 100vw, 800px\" \/><\/p>\n<h5>Lite historia<\/h5>\n<p>Bebyggelsen l\u00e5g i \u00e4ldre tid intill \u00e4lvstranden i den l\u00e5gl\u00e4nta \u00e4lvdalen. Under 1700- och 1800-talen kom bebyggelsen genom \u00e5terkommande \u00f6versv\u00e4mningar, utvidgning av den odlade arealen, skiften och v\u00e4gdragningar att flyttas upp mot dalg\u00e5ngens skogskanter. Man fick s\u00e5 sm\u00e5ningom en mer spridd bebyggelse i landskapet.<\/p>\n<p><img loading=\"lazy\" decoding=\"async\" class=\"aligncenter wp-image-37635 size-large\" src=\"https:\/\/majipparesor.se\/wp-content\/uploads\/2023\/10\/20230923_141824-1024x918.jpg\" alt=\"\" width=\"800\" height=\"717\" srcset=\"https:\/\/majipparesor.se\/wp-content\/uploads\/2023\/10\/20230923_141824-1024x918.jpg 1024w, https:\/\/majipparesor.se\/wp-content\/uploads\/2023\/10\/20230923_141824-300x269.jpg 300w, https:\/\/majipparesor.se\/wp-content\/uploads\/2023\/10\/20230923_141824-768x688.jpg 768w, https:\/\/majipparesor.se\/wp-content\/uploads\/2023\/10\/20230923_141824-1536x1377.jpg 1536w, https:\/\/majipparesor.se\/wp-content\/uploads\/2023\/10\/20230923_141824-2048x1836.jpg 2048w\" sizes=\"auto, (max-width: 800px) 100vw, 800px\" \/><\/p>\n<p>\u00c4ven turismen som n\u00e4ring har en l\u00e5ng historia i Dalarnas fj\u00e4llomr\u00e5den. Turismen\u00a0 i fj\u00e4llbygden hade en betydande roll f\u00f6r och tog sin b\u00f6rjan i slutet av 1800-talet d\u00e5 turister s\u00f6kte naturen, den rena luften och fj\u00e4llvidderna b\u00e5de sommar och vinter. 1922 arrangerades det f\u00f6rsta Vasaloppet med start i S\u00e4len. S\u00e4len blev d\u00e5 en k\u00e4nd skidort b\u00e5de i Sverige och ute i v\u00e4rlden.<\/p>\n<p class=\"normal\">N\u00e4r j\u00e4rnv\u00e4gen kom till S\u00e4lens by 1928 s\u00e5 \u00f6ppnades m\u00f6jligheterna f\u00f6r en expansiv turistn\u00e4ring i S\u00e4lenomr\u00e5det. H\u00e4st och sl\u00e4de transporterade fj\u00e4llg\u00e4sterna fr\u00e5n j\u00e4rnv\u00e4gsstationen och vidare till pensionat och fj\u00e4llb\u00f6nder som tog emot f\u00f6r mat och logi.<\/p>\n<p><img loading=\"lazy\" decoding=\"async\" class=\"aligncenter wp-image-37631 size-large\" src=\"https:\/\/majipparesor.se\/wp-content\/uploads\/2023\/10\/20230923_142434-1024x944.jpg\" alt=\"\" width=\"800\" height=\"738\" srcset=\"https:\/\/majipparesor.se\/wp-content\/uploads\/2023\/10\/20230923_142434-1024x944.jpg 1024w, https:\/\/majipparesor.se\/wp-content\/uploads\/2023\/10\/20230923_142434-300x277.jpg 300w, https:\/\/majipparesor.se\/wp-content\/uploads\/2023\/10\/20230923_142434-768x708.jpg 768w, https:\/\/majipparesor.se\/wp-content\/uploads\/2023\/10\/20230923_142434-1536x1417.jpg 1536w, https:\/\/majipparesor.se\/wp-content\/uploads\/2023\/10\/20230923_142434-2048x1889.jpg 2048w\" sizes=\"auto, (max-width: 800px) 100vw, 800px\" \/><\/p>\n<p class=\"normal\">Mellan \u00e5ren 1935-36 byggdes de f\u00f6rsta delarna av S\u00e4lenstugan ut och 1937 var H\u00f6gfj\u00e4llshotellet uppf\u00f6rt och kunde ta emot sina f\u00f6rsta g\u00e4ster. Vid S\u00e4lenstugan byggdes den f\u00f6rsta slalombacken i S\u00e4len och 1946 h\u00f6lls den f\u00f6rsta slalomt\u00e4vlingen. Den f\u00f6rsta liften invigdes 1949 vid S\u00e4lenstugan, och i slutet av 50-talet byggdes v\u00e4gen \u00f6ver fj\u00e4llet.<\/p>\n<p class=\"normal\">Det \u00f6ppnade m\u00f6jligheter f\u00f6r Tand\u00e5dalen och Hundfj\u00e4llets liftanl\u00e4ggningar. Lindvallen invigdes 1967, St\u00f6ten 1976 och Kl\u00e4ppen 1982. Under 1970- och 80-talet skedde en explosiv utveckling som \u00e4ven fortsatt i h\u00f6g takt under efterf\u00f6ljande \u00e5r.<\/p>\n<p><img loading=\"lazy\" decoding=\"async\" class=\"aligncenter wp-image-37634 size-large\" src=\"https:\/\/majipparesor.se\/wp-content\/uploads\/2023\/10\/20230923_141910-789x1024.jpg\" alt=\"\" width=\"789\" height=\"1024\" srcset=\"https:\/\/majipparesor.se\/wp-content\/uploads\/2023\/10\/20230923_141910-789x1024.jpg 789w, https:\/\/majipparesor.se\/wp-content\/uploads\/2023\/10\/20230923_141910-231x300.jpg 231w, https:\/\/majipparesor.se\/wp-content\/uploads\/2023\/10\/20230923_141910-768x997.jpg 768w, https:\/\/majipparesor.se\/wp-content\/uploads\/2023\/10\/20230923_141910-1184x1536.jpg 1184w, https:\/\/majipparesor.se\/wp-content\/uploads\/2023\/10\/20230923_141910-1578x2048.jpg 1578w, https:\/\/majipparesor.se\/wp-content\/uploads\/2023\/10\/20230923_141910.jpg 1851w\" sizes=\"auto, (max-width: 789px) 100vw, 789px\" \/><\/p>\n<h5>V\u00e5rt bes\u00f6k i Malung &#8211; S\u00e4len<\/h5>\n<p>Kanske hade det varit roligt att bes\u00f6ka \u00e4ven S\u00e4len men eftersom vi alltid lider av tidsbrist tar vi den snabbaste v\u00e4gen, allts\u00e5 ett bes\u00f6k vid kommunhuset. Det ligger i Malung som \u00e4r en trevlig liten ort med den n\u00f6dv\u00e4ndigaste servicen. Man har n\u00e5gra mataff\u00e4rer, caf\u00e9, pizzeria, systembolaget och till och med ett hotell.<\/p>\n<p><img loading=\"lazy\" decoding=\"async\" class=\"aligncenter wp-image-37633 size-large\" src=\"https:\/\/majipparesor.se\/wp-content\/uploads\/2023\/10\/20230923_142123-768x1024.jpg\" alt=\"\" width=\"768\" height=\"1024\" srcset=\"https:\/\/majipparesor.se\/wp-content\/uploads\/2023\/10\/20230923_142123-768x1024.jpg 768w, https:\/\/majipparesor.se\/wp-content\/uploads\/2023\/10\/20230923_142123-225x300.jpg 225w, https:\/\/majipparesor.se\/wp-content\/uploads\/2023\/10\/20230923_142123-1152x1536.jpg 1152w, https:\/\/majipparesor.se\/wp-content\/uploads\/2023\/10\/20230923_142123-1536x2048.jpg 1536w, https:\/\/majipparesor.se\/wp-content\/uploads\/2023\/10\/20230923_142123-scaled.jpg 1920w\" sizes=\"auto, (max-width: 768px) 100vw, 768px\" \/><\/p>\n<p>Kommunhuset ligger inhyst i ett flerbostadshus och \u00e4r inte s\u00e4rskilt pampigt kan tyckas. Kanske kommunen spar in lite p\u00e5 lokaler f\u00f6r att satsa p\u00e5 viktigare saker.<\/p>\n<p><img loading=\"lazy\" decoding=\"async\" class=\"aligncenter wp-image-37632 size-large\" src=\"https:\/\/majipparesor.se\/wp-content\/uploads\/2023\/10\/20230923_142212-839x1024.jpg\" alt=\"\" width=\"800\" height=\"976\" srcset=\"https:\/\/majipparesor.se\/wp-content\/uploads\/2023\/10\/20230923_142212-839x1024.jpg 839w, https:\/\/majipparesor.se\/wp-content\/uploads\/2023\/10\/20230923_142212-246x300.jpg 246w, https:\/\/majipparesor.se\/wp-content\/uploads\/2023\/10\/20230923_142212-768x937.jpg 768w, https:\/\/majipparesor.se\/wp-content\/uploads\/2023\/10\/20230923_142212-1259x1536.jpg 1259w, https:\/\/majipparesor.se\/wp-content\/uploads\/2023\/10\/20230923_142212.jpg 1603w\" sizes=\"auto, (max-width: 800px) 100vw, 800px\" \/><\/p>\n<h5>Sev\u00e4rdheter i kommunen<\/h5>\n<p>T\u00e4torten Malung k\u00e4nns som en viktig knutpunkt med v\u00e4gar som b\u00e4r till olika destinationer runt om i b\u00e5de Dalarna och V\u00e4rmland. F\u00f6rutom en fantastisk fj\u00e4llv\u00e4rld med m\u00f6jlighet till alpina aktiviteter finns flera naturreservat och en hel del kultur med hembygdsg\u00e5rd och kyrka.<\/p>\n<p>Sj\u00e4lv blir jag intresserad av att ta mig till Lybergsgnupen med ett brant stup p\u00e5 200 meter. Det ligger n\u00e5gra mil norr om Malung och h\u00e4r ska man ha en storslagen utsikt mot vildmarken i b\u00e5de Malung och Mora.<\/p>\n<p>Mycket n\u00f6jda med v\u00e5rt bes\u00f6k i Dalarna k\u00f6r vi vidare mot V\u00e4rmland f\u00f6r nya \u00e4ventyr.<\/p>\n<p>F\u00f6lj oss p\u00e5:\u00a0 <span style=\"color: #ff0000;\"><a style=\"color: #ff0000;\" href=\"https:\/\/majipparesor.se\/?page_id=25454\"><em><strong>\u201cVi bes\u00f6ker Sveriges 290 kommuner\u201d<\/strong><\/em><\/a><\/span><\/p>\n<p>Antal kommuner: 184 &#8211; 187 \/ 290<\/p>\n<p><img loading=\"lazy\" decoding=\"async\" class=\"aligncenter wp-image-37629 size-large\" src=\"https:\/\/majipparesor.se\/wp-content\/uploads\/2023\/10\/20230923_143101-768x1024.jpg\" alt=\"\" width=\"768\" height=\"1024\" srcset=\"https:\/\/majipparesor.se\/wp-content\/uploads\/2023\/10\/20230923_143101-768x1024.jpg 768w, https:\/\/majipparesor.se\/wp-content\/uploads\/2023\/10\/20230923_143101-225x300.jpg 225w, https:\/\/majipparesor.se\/wp-content\/uploads\/2023\/10\/20230923_143101-1152x1536.jpg 1152w, https:\/\/majipparesor.se\/wp-content\/uploads\/2023\/10\/20230923_143101-1536x2048.jpg 1536w, https:\/\/majipparesor.se\/wp-content\/uploads\/2023\/10\/20230923_143101-scaled.jpg 1920w\" sizes=\"auto, (max-width: 768px) 100vw, 768px\" \/><\/p>\n<p>&nbsp;<\/p>\n<ul class='related_post'><li><\/li><\/ul>","protected":false},"excerpt":{"rendered":"<p>Dalarna \u00e4r kanske ett av Sveriges vackrast landskap. I Dalarnas l\u00e4n finns 15 kommuner ganska v\u00e4l utspridda och f\u00f6r oss<\/p>\n","protected":false},"author":1,"featured_media":37611,"comment_status":"open","ping_status":"open","sticky":false,"template":"","format":"standard","meta":{"colormag_page_container_layout":"default_layout","colormag_page_sidebar_layout":"default_layout","om_disable_all_campaigns":false,"_monsterinsights_skip_tracking":false,"_monsterinsights_sitenote_active":false,"_monsterinsights_sitenote_note":"","_monsterinsights_sitenote_category":0,"_uf_show_specific_survey":0,"_uf_disable_surveys":false,"footnotes":""},"categories":[92,156],"tags":[],"class_list":["post-37510","post","type-post","status-publish","format-standard","has-post-thumbnail","hentry","category-dalarna","category-sveriges-290-kommuner"],"aioseo_notices":[],"_links":{"self":[{"href":"https:\/\/majipparesor.se\/index.php?rest_route=\/wp\/v2\/posts\/37510","targetHints":{"allow":["GET"]}}],"collection":[{"href":"https:\/\/majipparesor.se\/index.php?rest_route=\/wp\/v2\/posts"}],"about":[{"href":"https:\/\/majipparesor.se\/index.php?rest_route=\/wp\/v2\/types\/post"}],"author":[{"embeddable":true,"href":"https:\/\/majipparesor.se\/index.php?rest_route=\/wp\/v2\/users\/1"}],"replies":[{"embeddable":true,"href":"https:\/\/majipparesor.se\/index.php?rest_route=%2Fwp%2Fv2%2Fcomments&post=37510"}],"version-history":[{"count":28,"href":"https:\/\/majipparesor.se\/index.php?rest_route=\/wp\/v2\/posts\/37510\/revisions"}],"predecessor-version":[{"id":43747,"href":"https:\/\/majipparesor.se\/index.php?rest_route=\/wp\/v2\/posts\/37510\/revisions\/43747"}],"wp:featuredmedia":[{"embeddable":true,"href":"https:\/\/majipparesor.se\/index.php?rest_route=\/wp\/v2\/media\/37611"}],"wp:attachment":[{"href":"https:\/\/majipparesor.se\/index.php?rest_route=%2Fwp%2Fv2%2Fmedia&parent=37510"}],"wp:term":[{"taxonomy":"category","embeddable":true,"href":"https:\/\/majipparesor.se\/index.php?rest_route=%2Fwp%2Fv2%2Fcategories&post=37510"},{"taxonomy":"post_tag","embeddable":true,"href":"https:\/\/majipparesor.se\/index.php?rest_route=%2Fwp%2Fv2%2Ftags&post=37510"}],"curies":[{"name":"wp","href":"https:\/\/api.w.org\/{rel}","templated":true}]}}