{"id":40787,"date":"2024-08-18T05:06:48","date_gmt":"2024-08-18T05:06:48","guid":{"rendered":"https:\/\/majipparesor.se\/?p=40787"},"modified":"2026-04-30T14:38:28","modified_gmt":"2026-04-30T14:38:28","slug":"grossglockners-alpvag-bilresa-bland-alptoppar-och-hisnande-vyer","status":"publish","type":"post","link":"https:\/\/majipparesor.se\/?p=40787","title":{"rendered":"Grossglockners alpv\u00e4g &#8211; Bilresa bland alptoppar och hisnande vyer"},"content":{"rendered":"<p><strong>En av Europas i s\u00e4rklass h\u00e4ftigaste v\u00e4gar \u00e4r alpv\u00e4gen Grossglockner-Hochalpenstrasse. H\u00e4r f\u00e4rdas man i en sagov\u00e4rld med vackra landskap och alptoppar p\u00e5 \u00f6ver 3000 meter. Vi k\u00f6rde v\u00e4gen under en genomresa med \u00f6vernattning i \u00d6sterrike och blev m\u00e4kta imponerade.<\/strong><\/p>\n<p><img loading=\"lazy\" decoding=\"async\" class=\"aligncenter wp-image-40809 size-large\" src=\"https:\/\/majipparesor.se\/wp-content\/uploads\/2024\/08\/20240619_084606-1024x756.jpg\" alt=\"\" width=\"800\" height=\"591\" srcset=\"https:\/\/majipparesor.se\/wp-content\/uploads\/2024\/08\/20240619_084606-1024x756.jpg 1024w, https:\/\/majipparesor.se\/wp-content\/uploads\/2024\/08\/20240619_084606-300x222.jpg 300w, https:\/\/majipparesor.se\/wp-content\/uploads\/2024\/08\/20240619_084606-768x567.jpg 768w, https:\/\/majipparesor.se\/wp-content\/uploads\/2024\/08\/20240619_084606-1536x1134.jpg 1536w, https:\/\/majipparesor.se\/wp-content\/uploads\/2024\/08\/20240619_084606-2048x1512.jpg 2048w\" sizes=\"auto, (max-width: 800px) 100vw, 800px\" \/><\/p>\n<p><strong>\u00a0<\/strong>En av Europas h\u00f6gst bel\u00e4gna v\u00e4gar \u00e4r den h\u00f6galpina passv\u00e4gen som startar mellan orterna Bruck an der Glocknerstrasse\u00a0 och Heiligenblut. V\u00e4gen \u00e4r 47,8 km l\u00e5ng och g\u00e5r i 25 kilometer p\u00e5 \u00f6ver 2000 meters h\u00f6jd. Till exempel ligger passet Hochtor p\u00e5 2504 meters h\u00f6jd. Utmed v\u00e4gen finns ett flertal v\u00e4lordnade utsiktsplatser d\u00e4r magiska vyer utspelar sig som i en fantasiv\u00e4rld.<\/p>\n<p>F\u00e4rden tar oss genom ett landskap av sn\u00f6t\u00e4ckta toppar, glaci\u00e4rer och serpentinv\u00e4gar. Det \u00e4r en storslagen v\u00e4g och som anses vara en av de allra vackraste panoramav\u00e4garna i v\u00e4rlden. Hur det \u00e4n \u00e4r med den saken \u00e4r det en fantastisk v\u00e4g att f\u00e4rdas med bil.<\/p>\n<p><img loading=\"lazy\" decoding=\"async\" class=\"aligncenter wp-image-40813 size-large\" src=\"https:\/\/majipparesor.se\/wp-content\/uploads\/2024\/08\/20240619_082650-1024x759.jpg\" alt=\"\" width=\"800\" height=\"593\" srcset=\"https:\/\/majipparesor.se\/wp-content\/uploads\/2024\/08\/20240619_082650-1024x759.jpg 1024w, https:\/\/majipparesor.se\/wp-content\/uploads\/2024\/08\/20240619_082650-300x222.jpg 300w, https:\/\/majipparesor.se\/wp-content\/uploads\/2024\/08\/20240619_082650-768x569.jpg 768w, https:\/\/majipparesor.se\/wp-content\/uploads\/2024\/08\/20240619_082650-1536x1139.jpg 1536w, https:\/\/majipparesor.se\/wp-content\/uploads\/2024\/08\/20240619_082650-2048x1519.jpg 2048w\" sizes=\"auto, (max-width: 800px) 100vw, 800px\" \/><\/p>\n<p><strong>Entr\u00e9 och avgift<\/strong><\/p>\n<p>Vi startar efter en \u00f6vernattning i Fusch strax innan entr\u00e9n i Ferleiten. Vi \u00e4r tidigt ute, klockan \u00e4r inte mer \u00e4n nio p\u00e5 morgonen och v\u00e4dret ser lovande ut, solen skiner med aningens dis. N\u00e5gra bilar st\u00e5r redo att bege sig ut i biljettluckan n\u00e4r vi anl\u00e4nder, men det g\u00e5r snabbt i den lilla k\u00f6 som bildats.<\/p>\n<p>Avgiften \u00e4r 43 euro f\u00f6r att k\u00f6ra alpv\u00e4gen sommaren 2024.<\/p>\n<p><img loading=\"lazy\" decoding=\"async\" class=\"aligncenter wp-image-40810 size-large\" src=\"https:\/\/majipparesor.se\/wp-content\/uploads\/2024\/08\/20240619_083338-898x1024.jpg\" alt=\"\" width=\"800\" height=\"912\" srcset=\"https:\/\/majipparesor.se\/wp-content\/uploads\/2024\/08\/20240619_083338-898x1024.jpg 898w, https:\/\/majipparesor.se\/wp-content\/uploads\/2024\/08\/20240619_083338-263x300.jpg 263w, https:\/\/majipparesor.se\/wp-content\/uploads\/2024\/08\/20240619_083338-768x876.jpg 768w, https:\/\/majipparesor.se\/wp-content\/uploads\/2024\/08\/20240619_083338-1347x1536.jpg 1347w, https:\/\/majipparesor.se\/wp-content\/uploads\/2024\/08\/20240619_083338-1796x2048.jpg 1796w\" sizes=\"auto, (max-width: 800px) 100vw, 800px\" \/><\/p>\n<p><strong>F\u00f6rsta delen<\/strong><\/p>\n<p>Den f\u00f6rsta delen av v\u00e4gen g\u00e5r genom ett gr\u00f6nt och skogigt alplandskap. Ganska snart tar vi oss upp p\u00e5 h\u00f6gre h\u00f6jder och vi ser hur husen nedanf\u00f6r blir allt mindre. R\u00e4dda f\u00f6r att inte missa n\u00e5gon vy stannar vi till redan vid n\u00e5gon av de allra f\u00f6rsta utsiktsplatserna. H\u00e4r f\u00e5r det plats med endast ett par bilar men s\u00e5 h\u00e4r tidigt p\u00e5 f\u00f6rmiddagen \u00e4r vi inte s\u00e5 m\u00e5nga bilister \u00e4nnu.<\/p>\n<p>Vi kl\u00e4ttrar snabbt uppf\u00f6r i sn\u00e4va serpentinkurvor men \u00e4ven om jag brukar hicka till i s\u00e5dana k\u00e4nns dessa kurvor \u00e4nd\u00e5 relativt s\u00e4kra. Det \u00e4r inte de allra v\u00e4rsta kurvorna heller inte den smalaste v\u00e4gen. H\u00e4r m\u00f6ts gott och v\u00e4l tv\u00e5 bilar.<\/p>\n<p><img loading=\"lazy\" decoding=\"async\" class=\"aligncenter wp-image-40807 size-large\" src=\"https:\/\/majipparesor.se\/wp-content\/uploads\/2024\/08\/20240619_085110-1024x768.jpg\" alt=\"\" width=\"800\" height=\"600\" srcset=\"https:\/\/majipparesor.se\/wp-content\/uploads\/2024\/08\/20240619_085110-1024x768.jpg 1024w, https:\/\/majipparesor.se\/wp-content\/uploads\/2024\/08\/20240619_085110-300x225.jpg 300w, https:\/\/majipparesor.se\/wp-content\/uploads\/2024\/08\/20240619_085110-768x576.jpg 768w, https:\/\/majipparesor.se\/wp-content\/uploads\/2024\/08\/20240619_085110-1536x1152.jpg 1536w, https:\/\/majipparesor.se\/wp-content\/uploads\/2024\/08\/20240619_085110-2048x1536.jpg 2048w\" sizes=\"auto, (max-width: 800px) 100vw, 800px\" \/><\/p>\n<p><strong>V\u00e4gen \u00f6ver Hochtor<\/strong><\/p>\n<p>V\u00e4gen vi k\u00f6r var en f\u00f6rhistorisk f\u00f6rbindelse som anv\u00e4ndes redan under Hallstattiden, under \u00f6verg\u00e5ngen av den europeiska brons- och j\u00e4rn\u00e5ldern. Den byggdes ut under romersk tid och fram till 1600-talet var v\u00e4gen med en delvis annan str\u00e4ckning en mycket viktigt \u00f6verg\u00e5ng \u00f6ver \u00f6stalperna.<\/p>\n<p>Redan 1924 fick ingenj\u00f6ren Franz Wallack i uppdrag att projektera en tre meter bred v\u00e4g \u00f6ver Hochtor mellan Heliigenblur och Ferleiten. Det dr\u00f6jde dock till h\u00f6sten 1929 innan man best\u00e4mde att projektet skulle genomf\u00f6ras. Sommaren 1930 startade v\u00e4gbygget och den 3 augusti 1935 invigdes Grossglockners alpv\u00e4g. D\u00e5 hade \u00f6ver 3200 arbetare varit sysselsatta med att bygga v\u00e4gen under fem \u00e5r.<\/p>\n<p><img loading=\"lazy\" decoding=\"async\" class=\"aligncenter wp-image-40806 size-large\" src=\"https:\/\/majipparesor.se\/wp-content\/uploads\/2024\/08\/20240619_085220-1024x768.jpg\" alt=\"\" width=\"800\" height=\"600\" srcset=\"https:\/\/majipparesor.se\/wp-content\/uploads\/2024\/08\/20240619_085220-1024x768.jpg 1024w, https:\/\/majipparesor.se\/wp-content\/uploads\/2024\/08\/20240619_085220-300x225.jpg 300w, https:\/\/majipparesor.se\/wp-content\/uploads\/2024\/08\/20240619_085220-768x576.jpg 768w, https:\/\/majipparesor.se\/wp-content\/uploads\/2024\/08\/20240619_085220-1536x1152.jpg 1536w, https:\/\/majipparesor.se\/wp-content\/uploads\/2024\/08\/20240619_085220-2048x1536.jpg 2048w\" sizes=\"auto, (max-width: 800px) 100vw, 800px\" \/><\/p>\n<p><img loading=\"lazy\" decoding=\"async\" class=\"aligncenter wp-image-40805 size-large\" src=\"https:\/\/majipparesor.se\/wp-content\/uploads\/2024\/08\/20240619_085445-853x1024.jpg\" alt=\"\" width=\"800\" height=\"960\" srcset=\"https:\/\/majipparesor.se\/wp-content\/uploads\/2024\/08\/20240619_085445-853x1024.jpg 853w, https:\/\/majipparesor.se\/wp-content\/uploads\/2024\/08\/20240619_085445-250x300.jpg 250w, https:\/\/majipparesor.se\/wp-content\/uploads\/2024\/08\/20240619_085445-768x922.jpg 768w, https:\/\/majipparesor.se\/wp-content\/uploads\/2024\/08\/20240619_085445-1280x1536.jpg 1280w, https:\/\/majipparesor.se\/wp-content\/uploads\/2024\/08\/20240619_085445-1707x2048.jpg 1707w\" sizes=\"auto, (max-width: 800px) 100vw, 800px\" \/><\/p>\n<p>Vi tar oss sakta men s\u00e4kert upp\u00e5t och under f\u00e4rden varierar landskapet. Fr\u00e5n t\u00e4t granskog upp mot ett alplandskap med sn\u00f6kl\u00e4dda toppar. Det ligger fortfarande kvar en hel del sn\u00f6 som h\u00e4r och var t\u00f6ar till vatten och rinner ut p\u00e5 v\u00e4gen.<\/p>\n<p><img loading=\"lazy\" decoding=\"async\" class=\"aligncenter wp-image-40804 size-large\" src=\"https:\/\/majipparesor.se\/wp-content\/uploads\/2024\/08\/20240619_085453-768x1024.jpg\" alt=\"\" width=\"768\" height=\"1024\" srcset=\"https:\/\/majipparesor.se\/wp-content\/uploads\/2024\/08\/20240619_085453-768x1024.jpg 768w, https:\/\/majipparesor.se\/wp-content\/uploads\/2024\/08\/20240619_085453-225x300.jpg 225w, https:\/\/majipparesor.se\/wp-content\/uploads\/2024\/08\/20240619_085453-1152x1536.jpg 1152w, https:\/\/majipparesor.se\/wp-content\/uploads\/2024\/08\/20240619_085453-1536x2048.jpg 1536w, https:\/\/majipparesor.se\/wp-content\/uploads\/2024\/08\/20240619_085453-scaled.jpg 1920w\" sizes=\"auto, (max-width: 768px) 100vw, 768px\" \/><\/p>\n<p><img loading=\"lazy\" decoding=\"async\" class=\"aligncenter wp-image-40803 size-large\" src=\"https:\/\/majipparesor.se\/wp-content\/uploads\/2024\/08\/20240619_085526-1024x768.jpg\" alt=\"\" width=\"800\" height=\"600\" srcset=\"https:\/\/majipparesor.se\/wp-content\/uploads\/2024\/08\/20240619_085526-1024x768.jpg 1024w, https:\/\/majipparesor.se\/wp-content\/uploads\/2024\/08\/20240619_085526-300x225.jpg 300w, https:\/\/majipparesor.se\/wp-content\/uploads\/2024\/08\/20240619_085526-768x576.jpg 768w, https:\/\/majipparesor.se\/wp-content\/uploads\/2024\/08\/20240619_085526-1536x1152.jpg 1536w, https:\/\/majipparesor.se\/wp-content\/uploads\/2024\/08\/20240619_085526-2048x1536.jpg 2048w\" sizes=\"auto, (max-width: 800px) 100vw, 800px\" \/><\/p>\n<p><img loading=\"lazy\" decoding=\"async\" class=\"aligncenter wp-image-40800 size-large\" src=\"https:\/\/majipparesor.se\/wp-content\/uploads\/2024\/08\/20240619_085600-768x1024.jpg\" alt=\"\" width=\"768\" height=\"1024\" srcset=\"https:\/\/majipparesor.se\/wp-content\/uploads\/2024\/08\/20240619_085600-768x1024.jpg 768w, https:\/\/majipparesor.se\/wp-content\/uploads\/2024\/08\/20240619_085600-225x300.jpg 225w, https:\/\/majipparesor.se\/wp-content\/uploads\/2024\/08\/20240619_085600-1152x1536.jpg 1152w, https:\/\/majipparesor.se\/wp-content\/uploads\/2024\/08\/20240619_085600-1536x2048.jpg 1536w, https:\/\/majipparesor.se\/wp-content\/uploads\/2024\/08\/20240619_085600.jpg 1580w\" sizes=\"auto, (max-width: 768px) 100vw, 768px\" \/><\/p>\n<p><img loading=\"lazy\" decoding=\"async\" class=\"aligncenter wp-image-40799 size-large\" src=\"https:\/\/majipparesor.se\/wp-content\/uploads\/2024\/08\/20240619_085807-1024x995.jpg\" alt=\"\" width=\"800\" height=\"777\" srcset=\"https:\/\/majipparesor.se\/wp-content\/uploads\/2024\/08\/20240619_085807-1024x995.jpg 1024w, https:\/\/majipparesor.se\/wp-content\/uploads\/2024\/08\/20240619_085807-300x291.jpg 300w, https:\/\/majipparesor.se\/wp-content\/uploads\/2024\/08\/20240619_085807-768x746.jpg 768w, https:\/\/majipparesor.se\/wp-content\/uploads\/2024\/08\/20240619_085807-1536x1492.jpg 1536w, https:\/\/majipparesor.se\/wp-content\/uploads\/2024\/08\/20240619_085807-2048x1990.jpg 2048w\" sizes=\"auto, (max-width: 800px) 100vw, 800px\" \/><\/p>\n<p><strong>Grossglockner<\/strong><\/p>\n<p>Den m\u00e4ktigaste av alla alptoppar \u00e4r sj\u00e4lvaste Grossglockner med sina 3798 meter. Vi kan ana den spetsiga toppen men den d\u00f6ljer sig n\u00e5got bakom de andra alptopparna. Vi spanar och spanar tills vi tror oss se den i diset, men att f\u00e5 till den med kameran \u00e4r lite sv\u00e5rare. Men l\u00e5ng bortom alptoppen &#8221;Sonnenwelleck&#8221; p\u00e5 3261 meter, tror vi att vi till sist f\u00e5ngat den p\u00e5 bild.<\/p>\n<p><img loading=\"lazy\" decoding=\"async\" class=\"aligncenter wp-image-40797 size-large\" src=\"https:\/\/majipparesor.se\/wp-content\/uploads\/2024\/08\/20240619_090128-768x1024.jpg\" alt=\"\" width=\"768\" height=\"1024\" srcset=\"https:\/\/majipparesor.se\/wp-content\/uploads\/2024\/08\/20240619_090128-768x1024.jpg 768w, https:\/\/majipparesor.se\/wp-content\/uploads\/2024\/08\/20240619_090128-225x300.jpg 225w, https:\/\/majipparesor.se\/wp-content\/uploads\/2024\/08\/20240619_090128-1152x1536.jpg 1152w, https:\/\/majipparesor.se\/wp-content\/uploads\/2024\/08\/20240619_090128-1536x2048.jpg 1536w, https:\/\/majipparesor.se\/wp-content\/uploads\/2024\/08\/20240619_090128-scaled.jpg 1920w\" sizes=\"auto, (max-width: 768px) 100vw, 768px\" \/><\/p>\n<p><img loading=\"lazy\" decoding=\"async\" class=\"aligncenter wp-image-40796 size-large\" src=\"https:\/\/majipparesor.se\/wp-content\/uploads\/2024\/08\/20240619_090416-1024x669.jpg\" alt=\"\" width=\"800\" height=\"523\" srcset=\"https:\/\/majipparesor.se\/wp-content\/uploads\/2024\/08\/20240619_090416-1024x669.jpg 1024w, https:\/\/majipparesor.se\/wp-content\/uploads\/2024\/08\/20240619_090416-300x196.jpg 300w, https:\/\/majipparesor.se\/wp-content\/uploads\/2024\/08\/20240619_090416-768x502.jpg 768w, https:\/\/majipparesor.se\/wp-content\/uploads\/2024\/08\/20240619_090416-1536x1003.jpg 1536w, https:\/\/majipparesor.se\/wp-content\/uploads\/2024\/08\/20240619_090416-2048x1337.jpg 2048w\" sizes=\"auto, (max-width: 800px) 100vw, 800px\" \/><\/p>\n<p><img loading=\"lazy\" decoding=\"async\" class=\"aligncenter wp-image-40798 size-large\" src=\"https:\/\/majipparesor.se\/wp-content\/uploads\/2024\/08\/20240619_085819-1024x943.jpg\" alt=\"\" width=\"800\" height=\"737\" srcset=\"https:\/\/majipparesor.se\/wp-content\/uploads\/2024\/08\/20240619_085819-1024x943.jpg 1024w, https:\/\/majipparesor.se\/wp-content\/uploads\/2024\/08\/20240619_085819-300x276.jpg 300w, https:\/\/majipparesor.se\/wp-content\/uploads\/2024\/08\/20240619_085819-768x707.jpg 768w, https:\/\/majipparesor.se\/wp-content\/uploads\/2024\/08\/20240619_085819-1536x1415.jpg 1536w, https:\/\/majipparesor.se\/wp-content\/uploads\/2024\/08\/20240619_085819-2048x1886.jpg 2048w\" sizes=\"auto, (max-width: 800px) 100vw, 800px\" \/><\/p>\n<p><img loading=\"lazy\" decoding=\"async\" class=\"aligncenter wp-image-40795 size-large\" src=\"https:\/\/majipparesor.se\/wp-content\/uploads\/2024\/08\/20240619_091330-1024x768.jpg\" alt=\"\" width=\"800\" height=\"600\" srcset=\"https:\/\/majipparesor.se\/wp-content\/uploads\/2024\/08\/20240619_091330-1024x768.jpg 1024w, https:\/\/majipparesor.se\/wp-content\/uploads\/2024\/08\/20240619_091330-300x225.jpg 300w, https:\/\/majipparesor.se\/wp-content\/uploads\/2024\/08\/20240619_091330-768x576.jpg 768w, https:\/\/majipparesor.se\/wp-content\/uploads\/2024\/08\/20240619_091330-1536x1152.jpg 1536w, https:\/\/majipparesor.se\/wp-content\/uploads\/2024\/08\/20240619_091330-2048x1536.jpg 2048w\" sizes=\"auto, (max-width: 800px) 100vw, 800px\" \/><\/p>\n<p><strong>Edelweiss &#8211; Spitze<\/strong><\/p>\n<p>P\u00e5 h\u00e5ll ser vi en mycket smal avtagsv\u00e4g f\u00f6r att n\u00e5 \u00e4nnu en utsiktsplats. Sj\u00e4lvklart m\u00e5ste vi ta oss dit. H\u00e4r \u00e4r jag \u00e4nd\u00e5 lite glad att vi inte f\u00e5r m\u00f6te. V\u00e4gen upp \u00e4r mycket smal, s\u00e4rskilt i kurvorna d\u00e4r bilarna f\u00e5r v\u00e4nta in varandra f\u00f6r att ist\u00e4llet m\u00f6tas p\u00e5 den n\u00e5got bredare rakstr\u00e4ckan. Men det \u00e4r klart v\u00e4rt n\u00e5gra minuter av skr\u00e4ck, f\u00f6r h\u00e4r uppe har vi magiska vyer \u00f6ver alperna.<\/p>\n<p>Det \u00e4r ganska kallt ocks\u00e5, h\u00e4r uppe beh\u00f6vs b\u00e5de byxor och jacka. Jag byter snabbt om fr\u00e5n shorts till l\u00e5ngbrallor och min l\u00e4tt dunjacka kommer v\u00e4l till pass.<\/p>\n<p><img loading=\"lazy\" decoding=\"async\" class=\"aligncenter wp-image-40794 size-large\" src=\"https:\/\/majipparesor.se\/wp-content\/uploads\/2024\/08\/20240619_091526-1024x768.jpg\" alt=\"\" width=\"800\" height=\"600\" srcset=\"https:\/\/majipparesor.se\/wp-content\/uploads\/2024\/08\/20240619_091526-1024x768.jpg 1024w, https:\/\/majipparesor.se\/wp-content\/uploads\/2024\/08\/20240619_091526-300x225.jpg 300w, https:\/\/majipparesor.se\/wp-content\/uploads\/2024\/08\/20240619_091526-768x576.jpg 768w, https:\/\/majipparesor.se\/wp-content\/uploads\/2024\/08\/20240619_091526-1536x1152.jpg 1536w, https:\/\/majipparesor.se\/wp-content\/uploads\/2024\/08\/20240619_091526-2048x1536.jpg 2048w\" sizes=\"auto, (max-width: 800px) 100vw, 800px\" \/><\/p>\n<p><img loading=\"lazy\" decoding=\"async\" class=\"aligncenter wp-image-40792 size-large\" src=\"https:\/\/majipparesor.se\/wp-content\/uploads\/2024\/08\/20240619_091904-768x1024.jpg\" alt=\"\" width=\"768\" height=\"1024\" srcset=\"https:\/\/majipparesor.se\/wp-content\/uploads\/2024\/08\/20240619_091904-768x1025.jpg 768w, https:\/\/majipparesor.se\/wp-content\/uploads\/2024\/08\/20240619_091904-225x300.jpg 225w, https:\/\/majipparesor.se\/wp-content\/uploads\/2024\/08\/20240619_091904-1151x1536.jpg 1151w, https:\/\/majipparesor.se\/wp-content\/uploads\/2024\/08\/20240619_091904.jpg 1359w\" sizes=\"auto, (max-width: 768px) 100vw, 768px\" \/><\/p>\n<p><img loading=\"lazy\" decoding=\"async\" class=\"aligncenter wp-image-40791 size-large\" src=\"https:\/\/majipparesor.se\/wp-content\/uploads\/2024\/08\/20240619_091934-768x1024.jpg\" alt=\"\" width=\"768\" height=\"1024\" srcset=\"https:\/\/majipparesor.se\/wp-content\/uploads\/2024\/08\/20240619_091934-768x1024.jpg 768w, https:\/\/majipparesor.se\/wp-content\/uploads\/2024\/08\/20240619_091934-225x300.jpg 225w, https:\/\/majipparesor.se\/wp-content\/uploads\/2024\/08\/20240619_091934-1152x1536.jpg 1152w, https:\/\/majipparesor.se\/wp-content\/uploads\/2024\/08\/20240619_091934-1536x2048.jpg 1536w, https:\/\/majipparesor.se\/wp-content\/uploads\/2024\/08\/20240619_091934-scaled.jpg 1920w\" sizes=\"auto, (max-width: 768px) 100vw, 768px\" \/><\/p>\n<p style=\"text-align: center;\"><em>Inte m\u00e5nga bilar st\u00e5r p\u00e5 parkeringen denna tidiga f\u00f6rmiddag.<\/em><\/p>\n<p><img loading=\"lazy\" decoding=\"async\" class=\"aligncenter wp-image-40790 size-large\" src=\"https:\/\/majipparesor.se\/wp-content\/uploads\/2024\/08\/20240619_092005-722x1024.jpg\" alt=\"\" width=\"722\" height=\"1024\" srcset=\"https:\/\/majipparesor.se\/wp-content\/uploads\/2024\/08\/20240619_092005-722x1024.jpg 722w, https:\/\/majipparesor.se\/wp-content\/uploads\/2024\/08\/20240619_092005-211x300.jpg 211w, https:\/\/majipparesor.se\/wp-content\/uploads\/2024\/08\/20240619_092005-768x1089.jpg 768w, https:\/\/majipparesor.se\/wp-content\/uploads\/2024\/08\/20240619_092005.jpg 1013w\" sizes=\"auto, (max-width: 722px) 100vw, 722px\" \/><\/p>\n<p><strong>Andra delen<\/strong><\/p>\n<p>Efter ett ordentligt stopp i b\u00e5de souvenirbutiken och den lilla utst\u00e4llningen som finns p\u00e5 toppen av Edelweiss-Spitze k\u00f6r vi vidare. Nu best\u00e5r landskapet av ganska mycket sn\u00f6. Det r\u00e5der \u00e4nd\u00e5 god framkomlighet, endast en aning med sm\u00e4ltvatten p\u00e5 v\u00e4garna.<\/p>\n<p>Efter att ha k\u00f6rt upp\u00e5t vid den f\u00f6rsta delen g\u00e5r det nu nedf\u00f6r till st\u00f6rsta del. Vi ser ett par sj\u00f6ar och \u00e4ven en linbana som inte \u00e4r ig\u00e5ng. Ett hotell som jag t\u00e4nkte boka under g\u00e5rdagen ligger ocks\u00e5 utmed v\u00e4gen. M\u00e5ste vara riktigt h\u00e4ftigt att g\u00f6ra en \u00f6vernattning i detta alplandskap.<\/p>\n<p><img loading=\"lazy\" decoding=\"async\" class=\"aligncenter wp-image-40789 size-large\" src=\"https:\/\/majipparesor.se\/wp-content\/uploads\/2024\/08\/20240619_093101-1024x1004.jpg\" alt=\"\" width=\"800\" height=\"784\" srcset=\"https:\/\/majipparesor.se\/wp-content\/uploads\/2024\/08\/20240619_093101-1024x1004.jpg 1024w, https:\/\/majipparesor.se\/wp-content\/uploads\/2024\/08\/20240619_093101-300x294.jpg 300w, https:\/\/majipparesor.se\/wp-content\/uploads\/2024\/08\/20240619_093101-768x753.jpg 768w, https:\/\/majipparesor.se\/wp-content\/uploads\/2024\/08\/20240619_093101-1536x1506.jpg 1536w, https:\/\/majipparesor.se\/wp-content\/uploads\/2024\/08\/20240619_093101-2048x2008.jpg 2048w\" sizes=\"auto, (max-width: 800px) 100vw, 800px\" \/><\/p>\n<p><img loading=\"lazy\" decoding=\"async\" class=\"aligncenter wp-image-40827 size-large\" src=\"https:\/\/majipparesor.se\/wp-content\/uploads\/2024\/08\/20240619_093645-1024x682.jpg\" alt=\"\" width=\"800\" height=\"533\" srcset=\"https:\/\/majipparesor.se\/wp-content\/uploads\/2024\/08\/20240619_093645-1024x682.jpg 1024w, https:\/\/majipparesor.se\/wp-content\/uploads\/2024\/08\/20240619_093645-300x200.jpg 300w, https:\/\/majipparesor.se\/wp-content\/uploads\/2024\/08\/20240619_093645-768x512.jpg 768w, https:\/\/majipparesor.se\/wp-content\/uploads\/2024\/08\/20240619_093645-1536x1024.jpg 1536w, https:\/\/majipparesor.se\/wp-content\/uploads\/2024\/08\/20240619_093645-2048x1365.jpg 2048w\" sizes=\"auto, (max-width: 800px) 100vw, 800px\" \/><\/p>\n<p style=\"text-align: center;\"><em>En hel del sn\u00f6 ligger intill v\u00e4gkanten.<\/em><\/p>\n<p><img loading=\"lazy\" decoding=\"async\" class=\"aligncenter wp-image-40826 size-large\" src=\"https:\/\/majipparesor.se\/wp-content\/uploads\/2024\/08\/20240619_095645-843x1024.jpg\" alt=\"\" width=\"800\" height=\"972\" srcset=\"https:\/\/majipparesor.se\/wp-content\/uploads\/2024\/08\/20240619_095645-843x1024.jpg 843w, https:\/\/majipparesor.se\/wp-content\/uploads\/2024\/08\/20240619_095645-247x300.jpg 247w, https:\/\/majipparesor.se\/wp-content\/uploads\/2024\/08\/20240619_095645-768x933.jpg 768w, https:\/\/majipparesor.se\/wp-content\/uploads\/2024\/08\/20240619_095645-1265x1536.jpg 1265w, https:\/\/majipparesor.se\/wp-content\/uploads\/2024\/08\/20240619_095645-1686x2048.jpg 1686w\" sizes=\"auto, (max-width: 800px) 100vw, 800px\" \/><\/p>\n<p><img loading=\"lazy\" decoding=\"async\" class=\"size-large wp-image-40825 aligncenter\" src=\"https:\/\/majipparesor.se\/wp-content\/uploads\/2024\/08\/20240619_095857-1024x977.jpg\" alt=\"\" width=\"800\" height=\"763\" srcset=\"https:\/\/majipparesor.se\/wp-content\/uploads\/2024\/08\/20240619_095857-1024x977.jpg 1024w, https:\/\/majipparesor.se\/wp-content\/uploads\/2024\/08\/20240619_095857-300x286.jpg 300w, https:\/\/majipparesor.se\/wp-content\/uploads\/2024\/08\/20240619_095857-768x733.jpg 768w, https:\/\/majipparesor.se\/wp-content\/uploads\/2024\/08\/20240619_095857-1536x1466.jpg 1536w, https:\/\/majipparesor.se\/wp-content\/uploads\/2024\/08\/20240619_095857-2048x1954.jpg 2048w\" sizes=\"auto, (max-width: 800px) 100vw, 800px\" \/><\/p>\n<p><strong>Kaiser &#8211; Franz &#8211; Josefs-H\u00f6he<\/strong><\/p>\n<p>N\u00e4r vi n\u00e4rmar oss slutet av Grossglockner alpv\u00e4g kan man ocks\u00e5 g\u00f6ra en avstickare till Kaiser-Franz-Josefs-H\u00f6he. Man forts\u00e4tter d\u00e5 en bit och v\u00e4gen g\u00e5r \u00e5ter uppf\u00f6r. Nu b\u00f6rjar det \u00e4ven bli betydligt mer bilar och motorcyklister p\u00e5 v\u00e4gen.<\/p>\n<p>Kanske \u00e4r Kaiser-Franz-Josefs-H\u00f6he den mest turistiska delen av omr\u00e5det, vilket inte \u00e4r s\u00e5 konstigt d\u00e5 den stora Pasterze &#8211; glaci\u00e4ren ligger h\u00e4r. Det finns ocks\u00e5 restaurang, butik- och souvenirshop och en linbana som tar bes\u00f6karen ned till glaci\u00e4ren. Det finns \u00e4ven flera vandringsleder som utg\u00e5r h\u00e4rifr\u00e5n.<\/p>\n<p>Lite speciellt k\u00e4nns det att st\u00e4lla bilen i ett stort parkeringsgarage f\u00f6r att ta sig en titt runt det m\u00e4ktiga landskapet som ligger p\u00e5 2369 meter \u00f6ver havet.<\/p>\n<p><img loading=\"lazy\" decoding=\"async\" class=\"aligncenter wp-image-40824 size-large\" src=\"https:\/\/majipparesor.se\/wp-content\/uploads\/2024\/08\/20240619_100859-1024x768.jpg\" alt=\"\" width=\"800\" height=\"600\" srcset=\"https:\/\/majipparesor.se\/wp-content\/uploads\/2024\/08\/20240619_100859-1024x768.jpg 1024w, https:\/\/majipparesor.se\/wp-content\/uploads\/2024\/08\/20240619_100859-300x225.jpg 300w, https:\/\/majipparesor.se\/wp-content\/uploads\/2024\/08\/20240619_100859-768x576.jpg 768w, https:\/\/majipparesor.se\/wp-content\/uploads\/2024\/08\/20240619_100859-1536x1152.jpg 1536w, https:\/\/majipparesor.se\/wp-content\/uploads\/2024\/08\/20240619_100859-2048x1536.jpg 2048w\" sizes=\"auto, (max-width: 800px) 100vw, 800px\" \/><\/p>\n<p><img loading=\"lazy\" decoding=\"async\" class=\"size-large wp-image-40822 aligncenter\" src=\"https:\/\/majipparesor.se\/wp-content\/uploads\/2024\/08\/20240619_101337-1024x768.jpg\" alt=\"\" width=\"800\" height=\"600\" srcset=\"https:\/\/majipparesor.se\/wp-content\/uploads\/2024\/08\/20240619_101337-1024x768.jpg 1024w, https:\/\/majipparesor.se\/wp-content\/uploads\/2024\/08\/20240619_101337-300x225.jpg 300w, https:\/\/majipparesor.se\/wp-content\/uploads\/2024\/08\/20240619_101337-768x576.jpg 768w, https:\/\/majipparesor.se\/wp-content\/uploads\/2024\/08\/20240619_101337-1536x1152.jpg 1536w, https:\/\/majipparesor.se\/wp-content\/uploads\/2024\/08\/20240619_101337-2048x1536.jpg 2048w\" sizes=\"auto, (max-width: 800px) 100vw, 800px\" \/><\/p>\n<p style=\"text-align: center;\"><em>En gr\u00f6n och vacker alpsj\u00f6 ligger nedanf\u00f6r de branta bergen.\u00a0<\/em><\/p>\n<p><img loading=\"lazy\" decoding=\"async\" class=\"size-large wp-image-40821 aligncenter\" src=\"https:\/\/majipparesor.se\/wp-content\/uploads\/2024\/08\/20240619_101230-1024x796.jpg\" alt=\"\" width=\"800\" height=\"622\" srcset=\"https:\/\/majipparesor.se\/wp-content\/uploads\/2024\/08\/20240619_101230-1024x796.jpg 1024w, https:\/\/majipparesor.se\/wp-content\/uploads\/2024\/08\/20240619_101230-300x233.jpg 300w, https:\/\/majipparesor.se\/wp-content\/uploads\/2024\/08\/20240619_101230-768x597.jpg 768w, https:\/\/majipparesor.se\/wp-content\/uploads\/2024\/08\/20240619_101230-1536x1194.jpg 1536w, https:\/\/majipparesor.se\/wp-content\/uploads\/2024\/08\/20240619_101230-2048x1592.jpg 2048w\" sizes=\"auto, (max-width: 800px) 100vw, 800px\" \/><\/p>\n<p><img loading=\"lazy\" decoding=\"async\" class=\"aligncenter wp-image-40820 size-large\" src=\"https:\/\/majipparesor.se\/wp-content\/uploads\/2024\/08\/20240619_103650-913x1024.jpg\" alt=\"\" width=\"800\" height=\"897\" srcset=\"https:\/\/majipparesor.se\/wp-content\/uploads\/2024\/08\/20240619_103650-913x1024.jpg 913w, https:\/\/majipparesor.se\/wp-content\/uploads\/2024\/08\/20240619_103650-267x300.jpg 267w, https:\/\/majipparesor.se\/wp-content\/uploads\/2024\/08\/20240619_103650-768x862.jpg 768w, https:\/\/majipparesor.se\/wp-content\/uploads\/2024\/08\/20240619_103650-1369x1536.jpg 1369w, https:\/\/majipparesor.se\/wp-content\/uploads\/2024\/08\/20240619_103650-1826x2048.jpg 1826w\" sizes=\"auto, (max-width: 800px) 100vw, 800px\" \/><\/p>\n<p><img loading=\"lazy\" decoding=\"async\" class=\"aligncenter wp-image-40817 size-large\" src=\"https:\/\/majipparesor.se\/wp-content\/uploads\/2024\/08\/20240619_110457-787x1024.jpg\" alt=\"\" width=\"787\" height=\"1024\" srcset=\"https:\/\/majipparesor.se\/wp-content\/uploads\/2024\/08\/20240619_110457-787x1024.jpg 787w, https:\/\/majipparesor.se\/wp-content\/uploads\/2024\/08\/20240619_110457-230x300.jpg 230w, https:\/\/majipparesor.se\/wp-content\/uploads\/2024\/08\/20240619_110457-768x1000.jpg 768w, https:\/\/majipparesor.se\/wp-content\/uploads\/2024\/08\/20240619_110457-1180x1536.jpg 1180w, https:\/\/majipparesor.se\/wp-content\/uploads\/2024\/08\/20240619_110457-1573x2048.jpg 1573w, https:\/\/majipparesor.se\/wp-content\/uploads\/2024\/08\/20240619_110457-scaled.jpg 1967w\" sizes=\"auto, (max-width: 787px) 100vw, 787px\" \/><\/p>\n<p><strong>Framme i Heiligenblut<\/strong><\/p>\n<p>Vi l\u00e4mnar till sist Grossglockner alpv\u00e4g och vid utfarten ligger den gulliga orten Heiligenblut med sin s\u00f6ta kyrka. Vi handlar p\u00e5 oss lite lunchmat i byn och jag kan inte l\u00e5ta bli att ta en liten titt i den lilla vallfartskyrkan med sitt spetsiga torn som dominerar i hela byn<\/p>\n<p>Det \u00e4r en s\u00f6t liten gotisk vallfartskyrka som byggdes p\u00e5 1300- och 1400-talet. Kyrkan har ett sakramentshus i sten fr\u00e5n 1496 och ett sengotiskt flygelaltare fr\u00e5n 1520.<\/p>\n<p><img loading=\"lazy\" decoding=\"async\" class=\"size-large wp-image-40816 aligncenter\" src=\"https:\/\/majipparesor.se\/wp-content\/uploads\/2024\/08\/20240619_111505-924x1024.jpg\" alt=\"\" width=\"800\" height=\"887\" srcset=\"https:\/\/majipparesor.se\/wp-content\/uploads\/2024\/08\/20240619_111505-924x1024.jpg 924w, https:\/\/majipparesor.se\/wp-content\/uploads\/2024\/08\/20240619_111505-271x300.jpg 271w, https:\/\/majipparesor.se\/wp-content\/uploads\/2024\/08\/20240619_111505-768x851.jpg 768w, https:\/\/majipparesor.se\/wp-content\/uploads\/2024\/08\/20240619_111505-1386x1536.jpg 1386w, https:\/\/majipparesor.se\/wp-content\/uploads\/2024\/08\/20240619_111505-1848x2048.jpg 1848w\" sizes=\"auto, (max-width: 800px) 100vw, 800px\" \/><\/p>\n<p><strong>Vad tyckte vi om bilresan p\u00e5 Grossglockners alpv\u00e4g?<\/strong><\/p>\n<p>Det \u00e4r en mycket sev\u00e4rd och sp\u00e4nnande bilresa. \u00c4ven om v\u00e4gen till stor del \u00e4r snirklig \u00e4r det \u00e4nd\u00e5 inte de v\u00e4rsta kurvorna. Allt \u00e4r v\u00e4lordnat utmed v\u00e4gen och det \u00e4r v\u00e4lskyltat. Det finns m\u00e5nga utsiktsplatser att stanna till vid och p\u00e5 n\u00e5gra av de st\u00f6rre finns det \u00e4ven toaletter. F\u00f6rvisso \u00e4r 43 euro cirka 500 kronor beroende p\u00e5 kursen ganska dyrt, men d\u00e5 kan man utnyttja biljetten hela dagen och \u00e5ka in och ut fr\u00e5n omr\u00e5det hur mycket man vill under den dag d\u00e5 biljetten g\u00e4ller.<\/p>\n<p><strong>Tips:<\/strong> Det \u00e4r bra att ta med lite varmare kl\u00e4der. P\u00e5 vissa st\u00e4llen \u00e4r det ganska kallt, s\u00e4rskilt p\u00e5 de h\u00f6gre h\u00f6jderna, medan det \u00e4r betydligt varmare p\u00e5 andra st\u00e4llen. Allts\u00e5 kl\u00e4der efter temperatur och v\u00e4der.<\/p>\n<p>Bra att ha koll p\u00e5 v\u00e4dret. Vi hade rej\u00e4l tur n\u00e4r vi k\u00f6rde v\u00e4gen i mitten av juni. Det ska f\u00f6rst\u00e5s vara s\u00e5 soligt som m\u00f6jligt f\u00f6r att man ska ha beh\u00e5llning av den underbara naturen.<\/p>\n<p><img loading=\"lazy\" decoding=\"async\" class=\"size-large wp-image-40818 aligncenter\" src=\"https:\/\/majipparesor.se\/wp-content\/uploads\/2024\/08\/20240619_104019-768x1024.jpg\" alt=\"\" width=\"768\" height=\"1024\" srcset=\"https:\/\/majipparesor.se\/wp-content\/uploads\/2024\/08\/20240619_104019-768x1024.jpg 768w, https:\/\/majipparesor.se\/wp-content\/uploads\/2024\/08\/20240619_104019-225x300.jpg 225w, https:\/\/majipparesor.se\/wp-content\/uploads\/2024\/08\/20240619_104019-1152x1536.jpg 1152w, https:\/\/majipparesor.se\/wp-content\/uploads\/2024\/08\/20240619_104019-1536x2048.jpg 1536w, https:\/\/majipparesor.se\/wp-content\/uploads\/2024\/08\/20240619_104019-scaled.jpg 1920w\" sizes=\"auto, (max-width: 768px) 100vw, 768px\" \/><\/p>\n<ul class='related_post'><li><\/li><\/ul>","protected":false},"excerpt":{"rendered":"<p>En av Europas i s\u00e4rklass h\u00e4ftigaste v\u00e4gar \u00e4r alpv\u00e4gen Grossglockner-Hochalpenstrasse. H\u00e4r f\u00e4rdas man i en sagov\u00e4rld med vackra landskap och<\/p>\n","protected":false},"author":1,"featured_media":40801,"comment_status":"open","ping_status":"open","sticky":false,"template":"","format":"standard","meta":{"colormag_page_container_layout":"default_layout","colormag_page_sidebar_layout":"default_layout","om_disable_all_campaigns":false,"_monsterinsights_skip_tracking":false,"_monsterinsights_sitenote_active":false,"_monsterinsights_sitenote_note":"","_monsterinsights_sitenote_category":0,"_uf_show_specific_survey":0,"_uf_disable_surveys":false,"footnotes":""},"categories":[68,69],"tags":[],"class_list":["post-40787","post","type-post","status-publish","format-standard","has-post-thumbnail","hentry","category-bilresa-europa-2018","category-osterrike"],"aioseo_notices":[],"_links":{"self":[{"href":"https:\/\/majipparesor.se\/index.php?rest_route=\/wp\/v2\/posts\/40787","targetHints":{"allow":["GET"]}}],"collection":[{"href":"https:\/\/majipparesor.se\/index.php?rest_route=\/wp\/v2\/posts"}],"about":[{"href":"https:\/\/majipparesor.se\/index.php?rest_route=\/wp\/v2\/types\/post"}],"author":[{"embeddable":true,"href":"https:\/\/majipparesor.se\/index.php?rest_route=\/wp\/v2\/users\/1"}],"replies":[{"embeddable":true,"href":"https:\/\/majipparesor.se\/index.php?rest_route=%2Fwp%2Fv2%2Fcomments&post=40787"}],"version-history":[{"count":17,"href":"https:\/\/majipparesor.se\/index.php?rest_route=\/wp\/v2\/posts\/40787\/revisions"}],"predecessor-version":[{"id":49285,"href":"https:\/\/majipparesor.se\/index.php?rest_route=\/wp\/v2\/posts\/40787\/revisions\/49285"}],"wp:featuredmedia":[{"embeddable":true,"href":"https:\/\/majipparesor.se\/index.php?rest_route=\/wp\/v2\/media\/40801"}],"wp:attachment":[{"href":"https:\/\/majipparesor.se\/index.php?rest_route=%2Fwp%2Fv2%2Fmedia&parent=40787"}],"wp:term":[{"taxonomy":"category","embeddable":true,"href":"https:\/\/majipparesor.se\/index.php?rest_route=%2Fwp%2Fv2%2Fcategories&post=40787"},{"taxonomy":"post_tag","embeddable":true,"href":"https:\/\/majipparesor.se\/index.php?rest_route=%2Fwp%2Fv2%2Ftags&post=40787"}],"curies":[{"name":"wp","href":"https:\/\/api.w.org\/{rel}","templated":true}]}}