{"id":41227,"date":"2024-09-22T04:25:13","date_gmt":"2024-09-22T04:25:13","guid":{"rendered":"https:\/\/majipparesor.se\/?p=41227"},"modified":"2026-05-01T15:44:41","modified_gmt":"2026-05-01T15:44:41","slug":"uppleva-gardasjon-med-bil","status":"publish","type":"post","link":"https:\/\/majipparesor.se\/?p=41227","title":{"rendered":"Uppleva Gardasj\u00f6n med bil"},"content":{"rendered":"<p><strong>Italiens st\u00f6rsta och kanske vackraste sj\u00f6 \u00e4r Gardasj\u00f6n. Det \u00e4r inte konstigt att turisterna flockas som flugor vid sj\u00f6ns pittoreska orter. Vi tar bilen och stannar till i ett par av sj\u00f6ns mest sev\u00e4rda och f\u00f6rst\u00e5s popul\u00e4raste orter.<\/strong><\/p>\n<p><img loading=\"lazy\" decoding=\"async\" class=\"size-large wp-image-41225 aligncenter\" src=\"https:\/\/majipparesor.se\/wp-content\/uploads\/2024\/09\/20240901_121157-647x1024.jpg\" alt=\"\" width=\"647\" height=\"1024\" srcset=\"https:\/\/majipparesor.se\/wp-content\/uploads\/2024\/09\/20240901_121157-647x1024.jpg 647w, https:\/\/majipparesor.se\/wp-content\/uploads\/2024\/09\/20240901_121157-189x300.jpg 189w, https:\/\/majipparesor.se\/wp-content\/uploads\/2024\/09\/20240901_121157-768x1216.jpg 768w, https:\/\/majipparesor.se\/wp-content\/uploads\/2024\/09\/20240901_121157-970x1536.jpg 970w, https:\/\/majipparesor.se\/wp-content\/uploads\/2024\/09\/20240901_121157-1293x2048.jpg 1293w, https:\/\/majipparesor.se\/wp-content\/uploads\/2024\/09\/20240901_121157-scaled.jpg 1617w\" sizes=\"auto, (max-width: 647px) 100vw, 647px\" \/><\/p>\n<p><strong>Sirmione\u00a0<\/strong><\/p>\n<p>Eftersom vi bor i den mysiga orten Sirmione \u00e4r det d\u00e4r vi startar v\u00e5r biltur runt sj\u00f6n. Sirmione \u00e4r ett utm\u00e4rkt st\u00e4lle att stanna till vid och g\u00e4rna g\u00f6ra en \u00f6vernattning i. Orten har allt att \u00f6nska f\u00f6r en turist, med sp\u00e4nnande gr\u00e4nder, slott och mysig atmosf\u00e4r. Vi gjorde tv\u00e5 \u00f6vernattningar i Sirmione.<\/p>\n<p>H\u00e4rifr\u00e5n utg\u00e5r \u00e4ven b\u00e5tturer p\u00e5 Gardasj\u00f6n vilket kanske \u00e4r det b\u00e4sta s\u00e4ttet att se hela Gardasj\u00f6n p\u00e5. Vi som egentligen bara \u00e4r p\u00e5 genomresa tyckte dock att en b\u00e5ttur skulle begr\u00e4nsa upplevelsen till endast n\u00e5gra f\u00e5 orter runt sj\u00f6n.<\/p>\n<p style=\"text-align: center;\"><img loading=\"lazy\" decoding=\"async\" class=\"alignnone size-large wp-image-41190\" src=\"https:\/\/majipparesor.se\/wp-content\/uploads\/2024\/08\/20240620_193437-1024x880.jpg\" alt=\"\" width=\"800\" height=\"688\" srcset=\"https:\/\/majipparesor.se\/wp-content\/uploads\/2024\/08\/20240620_193437-1024x880.jpg 1024w, https:\/\/majipparesor.se\/wp-content\/uploads\/2024\/08\/20240620_193437-300x258.jpg 300w, https:\/\/majipparesor.se\/wp-content\/uploads\/2024\/08\/20240620_193437-768x660.jpg 768w, https:\/\/majipparesor.se\/wp-content\/uploads\/2024\/08\/20240620_193437-1536x1320.jpg 1536w, https:\/\/majipparesor.se\/wp-content\/uploads\/2024\/08\/20240620_193437-2048x1760.jpg 2048w\" sizes=\"auto, (max-width: 800px) 100vw, 800px\" \/><\/p>\n<p><img loading=\"lazy\" decoding=\"async\" class=\"size-large wp-image-41196 aligncenter\" src=\"https:\/\/majipparesor.se\/wp-content\/uploads\/2024\/08\/20240620_161454-850x1024.jpg\" alt=\"\" width=\"800\" height=\"964\" srcset=\"https:\/\/majipparesor.se\/wp-content\/uploads\/2024\/08\/20240620_161454-850x1024.jpg 850w, https:\/\/majipparesor.se\/wp-content\/uploads\/2024\/08\/20240620_161454-249x300.jpg 249w, https:\/\/majipparesor.se\/wp-content\/uploads\/2024\/08\/20240620_161454-768x925.jpg 768w, https:\/\/majipparesor.se\/wp-content\/uploads\/2024\/08\/20240620_161454-1276x1536.jpg 1276w, https:\/\/majipparesor.se\/wp-content\/uploads\/2024\/08\/20240620_161454.jpg 1504w\" sizes=\"auto, (max-width: 800px) 100vw, 800px\" \/><\/p>\n<p style=\"text-align: left;\">Det \u00e4r galet m\u00e5nga turister vid Gardasj\u00f6n under sommar m\u00e5naderna. Vi bes\u00f6ker Gardasj\u00f6n i mitten av juni och f\u00e5r tr\u00e4ngas rej\u00e4lt. Jag t\u00f6rs inte t\u00e4nka p\u00e5 hur m\u00e5nga turister det \u00e4r under juli och augusti.<\/p>\n<p><img loading=\"lazy\" decoding=\"async\" class=\"size-large wp-image-41197 aligncenter\" src=\"https:\/\/majipparesor.se\/wp-content\/uploads\/2024\/08\/20240620_161542-977x1024.jpg\" alt=\"\" width=\"800\" height=\"838\" srcset=\"https:\/\/majipparesor.se\/wp-content\/uploads\/2024\/08\/20240620_161542-977x1024.jpg 977w, https:\/\/majipparesor.se\/wp-content\/uploads\/2024\/08\/20240620_161542-286x300.jpg 286w, https:\/\/majipparesor.se\/wp-content\/uploads\/2024\/08\/20240620_161542-768x805.jpg 768w, https:\/\/majipparesor.se\/wp-content\/uploads\/2024\/08\/20240620_161542.jpg 1246w\" sizes=\"auto, (max-width: 800px) 100vw, 800px\" \/><\/p>\n<p><img loading=\"lazy\" decoding=\"async\" class=\"size-large wp-image-41230 aligncenter\" src=\"https:\/\/majipparesor.se\/wp-content\/uploads\/2024\/09\/20240620_095736-961x1024.jpg\" alt=\"\" width=\"800\" height=\"852\" srcset=\"https:\/\/majipparesor.se\/wp-content\/uploads\/2024\/09\/20240620_095736-961x1024.jpg 961w, https:\/\/majipparesor.se\/wp-content\/uploads\/2024\/09\/20240620_095736-282x300.jpg 282w, https:\/\/majipparesor.se\/wp-content\/uploads\/2024\/09\/20240620_095736-768x818.jpg 768w, https:\/\/majipparesor.se\/wp-content\/uploads\/2024\/09\/20240620_095736-1442x1536.jpg 1442w, https:\/\/majipparesor.se\/wp-content\/uploads\/2024\/09\/20240620_095736-1922x2048.jpg 1922w\" sizes=\"auto, (max-width: 800px) 100vw, 800px\" \/><\/p>\n<p><strong>Garda<\/strong><\/p>\n<p>Ist\u00e4llet f\u00f6r b\u00e5ttur tar vi v\u00e5r egen bil f\u00f6r en bilresa runt Gardasj\u00f6n. Vi k\u00f6r n\u00e4rmast kusten och trots att vi startar i god tid fr\u00e5n orten Sirmione och bara ska k\u00f6ra cirka tre mil, den f\u00f6rsta str\u00e4ckan, tar det sin tid.<\/p>\n<p>Vi k\u00f6r motsols norrut vid Gardasj\u00f6n och snart blir det en hel del k\u00f6er. Vi k\u00f6r bakom l\u00e5ngsamtg\u00e5ende fordon d\u00e4r man k\u00f6r s\u00e5 sakta att man n\u00e4stan kan promenera om bilisten. Jobbigt minst sagt, men bara att bita ihop och gilla l\u00e4get. Vi k\u00f6r genom b\u00e5de Lazise och Bardolino som ocks\u00e5 verkar vara trevliga orter att stanna till vid. Vi v\u00e4ljer ist\u00e4llet den mysiga orten Garda.<\/p>\n<p><img loading=\"lazy\" decoding=\"async\" class=\"size-large wp-image-41235 aligncenter\" src=\"https:\/\/majipparesor.se\/wp-content\/uploads\/2024\/09\/20240620_095058-768x1024.jpg\" alt=\"\" width=\"768\" height=\"1024\" srcset=\"https:\/\/majipparesor.se\/wp-content\/uploads\/2024\/09\/20240620_095058-768x1024.jpg 768w, https:\/\/majipparesor.se\/wp-content\/uploads\/2024\/09\/20240620_095058-225x300.jpg 225w, https:\/\/majipparesor.se\/wp-content\/uploads\/2024\/09\/20240620_095058-1152x1536.jpg 1152w, https:\/\/majipparesor.se\/wp-content\/uploads\/2024\/09\/20240620_095058-1536x2048.jpg 1536w, https:\/\/majipparesor.se\/wp-content\/uploads\/2024\/09\/20240620_095058-scaled.jpg 1920w\" sizes=\"auto, (max-width: 768px) 100vw, 768px\" \/><\/p>\n<p>Garda visar sig vara en charmig ort som vi f\u00f6rst t\u00e4nker k\u00f6ra igenom, men stannar till vid stranden eftersom vi hittar en bra parkeringsplats, d\u00e4r vi st\u00e4ller bilen. Vi promenerar en bit utmed sj\u00f6n och ser att det finns en liten stadsk\u00e4rna.<\/p>\n<p><img loading=\"lazy\" decoding=\"async\" class=\"size-large wp-image-41234 aligncenter\" src=\"https:\/\/majipparesor.se\/wp-content\/uploads\/2024\/09\/20240620_095202-1024x768.jpg\" alt=\"\" width=\"800\" height=\"600\" srcset=\"https:\/\/majipparesor.se\/wp-content\/uploads\/2024\/09\/20240620_095202-1024x768.jpg 1024w, https:\/\/majipparesor.se\/wp-content\/uploads\/2024\/09\/20240620_095202-300x225.jpg 300w, https:\/\/majipparesor.se\/wp-content\/uploads\/2024\/09\/20240620_095202-768x576.jpg 768w, https:\/\/majipparesor.se\/wp-content\/uploads\/2024\/09\/20240620_095202-1536x1152.jpg 1536w, https:\/\/majipparesor.se\/wp-content\/uploads\/2024\/09\/20240620_095202-2048x1536.jpg 2048w\" sizes=\"auto, (max-width: 800px) 100vw, 800px\" \/><\/p>\n<p><img loading=\"lazy\" decoding=\"async\" class=\"size-large wp-image-41233 aligncenter\" src=\"https:\/\/majipparesor.se\/wp-content\/uploads\/2024\/09\/20240620_095359-919x1024.jpg\" alt=\"\" width=\"800\" height=\"891\" srcset=\"https:\/\/majipparesor.se\/wp-content\/uploads\/2024\/09\/20240620_095359-919x1024.jpg 919w, https:\/\/majipparesor.se\/wp-content\/uploads\/2024\/09\/20240620_095359-269x300.jpg 269w, https:\/\/majipparesor.se\/wp-content\/uploads\/2024\/09\/20240620_095359-768x856.jpg 768w, https:\/\/majipparesor.se\/wp-content\/uploads\/2024\/09\/20240620_095359-1379x1536.jpg 1379w, https:\/\/majipparesor.se\/wp-content\/uploads\/2024\/09\/20240620_095359-1838x2048.jpg 1838w\" sizes=\"auto, (max-width: 800px) 100vw, 800px\" \/><\/p>\n<p>Garda har en fin promenadv\u00e4g vid sj\u00f6n och det \u00e4r mycket gr\u00f6nt och frodigt utmed vattnet. Snart kommer vi fram till flera restauranger som tidig f\u00f6rmiddag \u00e4nnu inte har hunnit \u00f6ppna.<\/p>\n<p><img loading=\"lazy\" decoding=\"async\" class=\"size-large wp-image-41232 aligncenter\" src=\"https:\/\/majipparesor.se\/wp-content\/uploads\/2024\/09\/20240620_095452-869x1024.jpg\" alt=\"\" width=\"800\" height=\"943\" srcset=\"https:\/\/majipparesor.se\/wp-content\/uploads\/2024\/09\/20240620_095452-869x1024.jpg 869w, https:\/\/majipparesor.se\/wp-content\/uploads\/2024\/09\/20240620_095452-254x300.jpg 254w, https:\/\/majipparesor.se\/wp-content\/uploads\/2024\/09\/20240620_095452-768x905.jpg 768w, https:\/\/majipparesor.se\/wp-content\/uploads\/2024\/09\/20240620_095452-1303x1536.jpg 1303w, https:\/\/majipparesor.se\/wp-content\/uploads\/2024\/09\/20240620_095452-1737x2048.jpg 1737w\" sizes=\"auto, (max-width: 800px) 100vw, 800px\" \/><\/p>\n<p><img loading=\"lazy\" decoding=\"async\" class=\"size-large wp-image-41231 aligncenter\" src=\"https:\/\/majipparesor.se\/wp-content\/uploads\/2024\/09\/20240620_095548-768x1024.jpg\" alt=\"\" width=\"768\" height=\"1024\" srcset=\"https:\/\/majipparesor.se\/wp-content\/uploads\/2024\/09\/20240620_095548-768x1024.jpg 768w, https:\/\/majipparesor.se\/wp-content\/uploads\/2024\/09\/20240620_095548-225x300.jpg 225w, https:\/\/majipparesor.se\/wp-content\/uploads\/2024\/09\/20240620_095548-1152x1536.jpg 1152w, https:\/\/majipparesor.se\/wp-content\/uploads\/2024\/09\/20240620_095548-1536x2048.jpg 1536w, https:\/\/majipparesor.se\/wp-content\/uploads\/2024\/09\/20240620_095548-scaled.jpg 1920w\" sizes=\"auto, (max-width: 768px) 100vw, 768px\" \/><\/p>\n<p><img loading=\"lazy\" decoding=\"async\" class=\"size-large wp-image-41230 aligncenter\" src=\"https:\/\/majipparesor.se\/wp-content\/uploads\/2024\/09\/20240620_095736-961x1024.jpg\" alt=\"\" width=\"800\" height=\"852\" srcset=\"https:\/\/majipparesor.se\/wp-content\/uploads\/2024\/09\/20240620_095736-961x1024.jpg 961w, https:\/\/majipparesor.se\/wp-content\/uploads\/2024\/09\/20240620_095736-282x300.jpg 282w, https:\/\/majipparesor.se\/wp-content\/uploads\/2024\/09\/20240620_095736-768x818.jpg 768w, https:\/\/majipparesor.se\/wp-content\/uploads\/2024\/09\/20240620_095736-1442x1536.jpg 1442w, https:\/\/majipparesor.se\/wp-content\/uploads\/2024\/09\/20240620_095736-1922x2048.jpg 1922w\" sizes=\"auto, (max-width: 800px) 100vw, 800px\" \/><\/p>\n<p><img loading=\"lazy\" decoding=\"async\" class=\"size-large wp-image-41270 aligncenter\" src=\"https:\/\/majipparesor.se\/wp-content\/uploads\/2024\/09\/20240620_110229-1024x768.jpg\" alt=\"\" width=\"800\" height=\"600\" srcset=\"https:\/\/majipparesor.se\/wp-content\/uploads\/2024\/09\/20240620_110229-1024x768.jpg 1024w, https:\/\/majipparesor.se\/wp-content\/uploads\/2024\/09\/20240620_110229-300x225.jpg 300w, https:\/\/majipparesor.se\/wp-content\/uploads\/2024\/09\/20240620_110229-768x576.jpg 768w, https:\/\/majipparesor.se\/wp-content\/uploads\/2024\/09\/20240620_110229-1536x1152.jpg 1536w, https:\/\/majipparesor.se\/wp-content\/uploads\/2024\/09\/20240620_110229-2048x1536.jpg 2048w\" sizes=\"auto, (max-width: 800px) 100vw, 800px\" \/><\/p>\n<p><strong>Malcesine<\/strong><\/p>\n<p>Vi forts\u00e4tter norrut vid Gardasj\u00f6n och landskapet blir alltmer dramatiskt. Den norra delen \u00e4r mer kuperad med bergslandskap som ramar in sj\u00f6n p\u00e5 ett vackert s\u00e4tt.<\/p>\n<p>Vi b\u00f6rjar n\u00e4rma oss lunchtid och trots att vi har startat i god tid har det tagit betydligt l\u00e4ngre tid att ta sig med bil genom Gardasj\u00f6ns f\u00f6rvisso charmiga orter men ack s\u00e5 fasligt mycket trafik.<\/p>\n<p><img loading=\"lazy\" decoding=\"async\" class=\"size-large wp-image-41269 aligncenter\" src=\"https:\/\/majipparesor.se\/wp-content\/uploads\/2024\/09\/20240620_110421-1024x768.jpg\" alt=\"\" width=\"800\" height=\"600\" srcset=\"https:\/\/majipparesor.se\/wp-content\/uploads\/2024\/09\/20240620_110421-1024x768.jpg 1024w, https:\/\/majipparesor.se\/wp-content\/uploads\/2024\/09\/20240620_110421-300x225.jpg 300w, https:\/\/majipparesor.se\/wp-content\/uploads\/2024\/09\/20240620_110421-768x576.jpg 768w, https:\/\/majipparesor.se\/wp-content\/uploads\/2024\/09\/20240620_110421-1536x1152.jpg 1536w, https:\/\/majipparesor.se\/wp-content\/uploads\/2024\/09\/20240620_110421-2048x1536.jpg 2048w\" sizes=\"auto, (max-width: 800px) 100vw, 800px\" \/><\/p>\n<p><img loading=\"lazy\" decoding=\"async\" class=\"size-large wp-image-41267 aligncenter\" src=\"https:\/\/majipparesor.se\/wp-content\/uploads\/2024\/09\/20240620_110502-768x1024.jpg\" alt=\"\" width=\"768\" height=\"1024\" srcset=\"https:\/\/majipparesor.se\/wp-content\/uploads\/2024\/09\/20240620_110502-768x1024.jpg 768w, https:\/\/majipparesor.se\/wp-content\/uploads\/2024\/09\/20240620_110502-225x300.jpg 225w, https:\/\/majipparesor.se\/wp-content\/uploads\/2024\/09\/20240620_110502-1152x1536.jpg 1152w, https:\/\/majipparesor.se\/wp-content\/uploads\/2024\/09\/20240620_110502-1536x2048.jpg 1536w, https:\/\/majipparesor.se\/wp-content\/uploads\/2024\/09\/20240620_110502-scaled.jpg 1920w\" sizes=\"auto, (max-width: 768px) 100vw, 768px\" \/><\/p>\n<p>Malcesine \u00e4r en mysig ort med sp\u00e4nnande stadsk\u00e4rna. Husen ligger t\u00e4tt och h\u00e4r och d\u00e4r ser vi glimtar av den bl\u00e5 Gardasj\u00f6n mellan huskropparna. Ett virrvarr av butiker, restauranger och barer blandas med ett sorl av stora turisthorder. Ganska snart k\u00e4nns allt lite jobbigt med den tr\u00e4ngsel som r\u00e5der p\u00e5 s\u00e5dana h\u00e4r popul\u00e4ra turistdestinationer. Sj\u00e4lvklart bidrar vi ju sj\u00e4lva till detta och inser att vi valt fel \u00e5rstid f\u00f6r ett bes\u00f6k h\u00e4r, men \u00e4nd\u00e5, det \u00e4r bara juni m\u00e5nad \u00e4n.<\/p>\n<p><img loading=\"lazy\" decoding=\"async\" class=\"size-large wp-image-41266 aligncenter\" src=\"https:\/\/majipparesor.se\/wp-content\/uploads\/2024\/09\/20240620_110527-768x1024.jpg\" alt=\"\" width=\"768\" height=\"1024\" srcset=\"https:\/\/majipparesor.se\/wp-content\/uploads\/2024\/09\/20240620_110527-768x1024.jpg 768w, https:\/\/majipparesor.se\/wp-content\/uploads\/2024\/09\/20240620_110527-225x300.jpg 225w, https:\/\/majipparesor.se\/wp-content\/uploads\/2024\/09\/20240620_110527-1152x1536.jpg 1152w, https:\/\/majipparesor.se\/wp-content\/uploads\/2024\/09\/20240620_110527-1536x2048.jpg 1536w, https:\/\/majipparesor.se\/wp-content\/uploads\/2024\/09\/20240620_110527-scaled.jpg 1920w\" sizes=\"auto, (max-width: 768px) 100vw, 768px\" \/><\/p>\n<p><img loading=\"lazy\" decoding=\"async\" class=\"size-large wp-image-41265 aligncenter\" src=\"https:\/\/majipparesor.se\/wp-content\/uploads\/2024\/09\/20240620_110608-768x1024.jpg\" alt=\"\" width=\"768\" height=\"1024\" srcset=\"https:\/\/majipparesor.se\/wp-content\/uploads\/2024\/09\/20240620_110608-768x1024.jpg 768w, https:\/\/majipparesor.se\/wp-content\/uploads\/2024\/09\/20240620_110608-225x300.jpg 225w, https:\/\/majipparesor.se\/wp-content\/uploads\/2024\/09\/20240620_110608-1152x1536.jpg 1152w, https:\/\/majipparesor.se\/wp-content\/uploads\/2024\/09\/20240620_110608-1536x2048.jpg 1536w, https:\/\/majipparesor.se\/wp-content\/uploads\/2024\/09\/20240620_110608-scaled.jpg 1920w\" sizes=\"auto, (max-width: 768px) 100vw, 768px\" \/><\/p>\n<p>Trots m\u00e4ngden turister \u00e4r Malcesine kanske en av de mest pittoreska platserna runt Gardasj\u00f6n. Den vackra inramningen med Monte Baldo i bakgrunden, ett berg dit man kan ta en linbana upp f\u00f6r b\u00e4ttre utsikt \u00f6ver Gardasj\u00f6n. M\u00e5nga tar sig \u00e4ven till Gardasj\u00f6n f\u00f6r bad och sol, men det tycker jag \u00e4r lite bortkastad tid n\u00e4r det finns s\u00e5 mycket annat att se.<\/p>\n<p style=\"text-align: center;\"><img loading=\"lazy\" decoding=\"async\" class=\"alignnone size-large wp-image-41261\" src=\"https:\/\/majipparesor.se\/wp-content\/uploads\/2024\/09\/20240620_111151-961x1024.jpg\" alt=\"\" width=\"800\" height=\"852\" srcset=\"https:\/\/majipparesor.se\/wp-content\/uploads\/2024\/09\/20240620_111151-961x1024.jpg 961w, https:\/\/majipparesor.se\/wp-content\/uploads\/2024\/09\/20240620_111151-281x300.jpg 281w, https:\/\/majipparesor.se\/wp-content\/uploads\/2024\/09\/20240620_111151-768x819.jpg 768w, https:\/\/majipparesor.se\/wp-content\/uploads\/2024\/09\/20240620_111151-1441x1536.jpg 1441w, https:\/\/majipparesor.se\/wp-content\/uploads\/2024\/09\/20240620_111151-1921x2048.jpg 1921w\" sizes=\"auto, (max-width: 800px) 100vw, 800px\" \/><\/p>\n<p>Att strosa runt p\u00e5 kullerstensgatorna och kika p\u00e5 de gamla husen \u00e4r f\u00f6rst\u00e5s v\u00e4ldigt charmigt. Orkar man, finns trevliga sm\u00e5 butiker som s\u00e4ljer allt fr\u00e5n kl\u00e4der, skor och handv\u00e4skor till lokalproducerad limoncello och givetvis m\u00e4ngder av souvenirer.<\/p>\n<p><img loading=\"lazy\" decoding=\"async\" class=\"size-large wp-image-41258 aligncenter\" src=\"https:\/\/majipparesor.se\/wp-content\/uploads\/2024\/09\/20240620_112450-819x1024.jpg\" alt=\"\" width=\"800\" height=\"1000\" srcset=\"https:\/\/majipparesor.se\/wp-content\/uploads\/2024\/09\/20240620_112450-819x1024.jpg 819w, https:\/\/majipparesor.se\/wp-content\/uploads\/2024\/09\/20240620_112450-240x300.jpg 240w, https:\/\/majipparesor.se\/wp-content\/uploads\/2024\/09\/20240620_112450-768x960.jpg 768w, https:\/\/majipparesor.se\/wp-content\/uploads\/2024\/09\/20240620_112450-1229x1536.jpg 1229w, https:\/\/majipparesor.se\/wp-content\/uploads\/2024\/09\/20240620_112450-1638x2048.jpg 1638w, https:\/\/majipparesor.se\/wp-content\/uploads\/2024\/09\/20240620_112450-scaled.jpg 2048w\" sizes=\"auto, (max-width: 800px) 100vw, 800px\" \/><\/p>\n<p>Runt hamnen finns flera uteserveringar och h\u00e4rifr\u00e5n utg\u00e5r b\u00e5tar till andra orter runt Gardasj\u00f6n, bland annat g\u00e5r en tur till motsatt sida av sj\u00f6n d\u00e4r den pittoreska byn Limone ligger.<\/p>\n<p><img loading=\"lazy\" decoding=\"async\" class=\"size-large wp-image-41262 aligncenter\" src=\"https:\/\/majipparesor.se\/wp-content\/uploads\/2024\/09\/20240620_111108-933x1024.jpg\" alt=\"\" width=\"800\" height=\"878\" srcset=\"https:\/\/majipparesor.se\/wp-content\/uploads\/2024\/09\/20240620_111108-933x1024.jpg 933w, https:\/\/majipparesor.se\/wp-content\/uploads\/2024\/09\/20240620_111108-273x300.jpg 273w, https:\/\/majipparesor.se\/wp-content\/uploads\/2024\/09\/20240620_111108-768x843.jpg 768w, https:\/\/majipparesor.se\/wp-content\/uploads\/2024\/09\/20240620_111108-1399x1536.jpg 1399w, https:\/\/majipparesor.se\/wp-content\/uploads\/2024\/09\/20240620_111108-1865x2048.jpg 1865w\" sizes=\"auto, (max-width: 800px) 100vw, 800px\" \/><\/p>\n<p style=\"text-align: left;\">Omr\u00e5det har l\u00e4nge lockat till sig f\u00f6rfattare och konstn\u00e4rer, som h\u00e4mtar inspiration fr\u00e5n det vackra landskapet och ortens sp\u00e4nnande historia.<\/p>\n<p style=\"text-align: center;\"><img loading=\"lazy\" decoding=\"async\" class=\"alignnone size-large wp-image-40108\" src=\"https:\/\/majipparesor.se\/wp-content\/uploads\/2024\/06\/20240620_110711-886x1024.jpg\" alt=\"\" width=\"800\" height=\"925\" srcset=\"https:\/\/majipparesor.se\/wp-content\/uploads\/2024\/06\/20240620_110711-886x1024.jpg 886w, https:\/\/majipparesor.se\/wp-content\/uploads\/2024\/06\/20240620_110711-260x300.jpg 260w, https:\/\/majipparesor.se\/wp-content\/uploads\/2024\/06\/20240620_110711-768x888.jpg 768w, https:\/\/majipparesor.se\/wp-content\/uploads\/2024\/06\/20240620_110711-1329x1536.jpg 1329w, https:\/\/majipparesor.se\/wp-content\/uploads\/2024\/06\/20240620_110711-1772x2048.jpg 1772w\" sizes=\"auto, (max-width: 800px) 100vw, 800px\" \/><\/p>\n<p><img loading=\"lazy\" decoding=\"async\" class=\"size-large wp-image-41260 aligncenter\" src=\"https:\/\/majipparesor.se\/wp-content\/uploads\/2024\/09\/20240620_111501-768x1024.jpg\" alt=\"\" width=\"768\" height=\"1024\" srcset=\"https:\/\/majipparesor.se\/wp-content\/uploads\/2024\/09\/20240620_111501-768x1024.jpg 768w, https:\/\/majipparesor.se\/wp-content\/uploads\/2024\/09\/20240620_111501-225x300.jpg 225w, https:\/\/majipparesor.se\/wp-content\/uploads\/2024\/09\/20240620_111501-1152x1536.jpg 1152w, https:\/\/majipparesor.se\/wp-content\/uploads\/2024\/09\/20240620_111501-1536x2048.jpg 1536w, https:\/\/majipparesor.se\/wp-content\/uploads\/2024\/09\/20240620_111501-scaled.jpg 1920w\" sizes=\"auto, (max-width: 768px) 100vw, 768px\" \/><\/p>\n<p><img loading=\"lazy\" decoding=\"async\" class=\"size-large wp-image-41259 aligncenter\" src=\"https:\/\/majipparesor.se\/wp-content\/uploads\/2024\/09\/20240620_111446-862x1024.jpg\" alt=\"\" width=\"800\" height=\"950\" srcset=\"https:\/\/majipparesor.se\/wp-content\/uploads\/2024\/09\/20240620_111446-862x1024.jpg 862w, https:\/\/majipparesor.se\/wp-content\/uploads\/2024\/09\/20240620_111446-253x300.jpg 253w, https:\/\/majipparesor.se\/wp-content\/uploads\/2024\/09\/20240620_111446-768x912.jpg 768w, https:\/\/majipparesor.se\/wp-content\/uploads\/2024\/09\/20240620_111446-1293x1536.jpg 1293w, https:\/\/majipparesor.se\/wp-content\/uploads\/2024\/09\/20240620_111446-1724x2048.jpg 1724w\" sizes=\"auto, (max-width: 800px) 100vw, 800px\" \/><\/p>\n<p style=\"text-align: center;\"><em>S\u00f6ta sm\u00e5 bloml\u00e5dor och andra roliga detaljer pryder balkongerna i den mysiga stadsk\u00e4rnan.<\/em><\/p>\n<p><img loading=\"lazy\" decoding=\"async\" class=\"size-large wp-image-41257 aligncenter\" src=\"https:\/\/majipparesor.se\/wp-content\/uploads\/2024\/09\/20240620_112845-768x1024.jpg\" alt=\"\" width=\"768\" height=\"1024\" srcset=\"https:\/\/majipparesor.se\/wp-content\/uploads\/2024\/09\/20240620_112845-768x1024.jpg 768w, https:\/\/majipparesor.se\/wp-content\/uploads\/2024\/09\/20240620_112845-225x300.jpg 225w, https:\/\/majipparesor.se\/wp-content\/uploads\/2024\/09\/20240620_112845-1152x1536.jpg 1152w, https:\/\/majipparesor.se\/wp-content\/uploads\/2024\/09\/20240620_112845-1536x2048.jpg 1536w, https:\/\/majipparesor.se\/wp-content\/uploads\/2024\/09\/20240620_112845-scaled.jpg 1920w\" sizes=\"auto, (max-width: 768px) 100vw, 768px\" \/><\/p>\n<p style=\"text-align: center;\"><em>V\u00e4gen upp till kastellet.<\/em><\/p>\n<p><img loading=\"lazy\" decoding=\"async\" class=\"size-large wp-image-41256 aligncenter\" src=\"https:\/\/majipparesor.se\/wp-content\/uploads\/2024\/09\/20240620_112521-876x1024.jpg\" alt=\"\" width=\"800\" height=\"935\" srcset=\"https:\/\/majipparesor.se\/wp-content\/uploads\/2024\/09\/20240620_112521-876x1024.jpg 876w, https:\/\/majipparesor.se\/wp-content\/uploads\/2024\/09\/20240620_112521-257x300.jpg 257w, https:\/\/majipparesor.se\/wp-content\/uploads\/2024\/09\/20240620_112521-768x898.jpg 768w, https:\/\/majipparesor.se\/wp-content\/uploads\/2024\/09\/20240620_112521-1314x1536.jpg 1314w, https:\/\/majipparesor.se\/wp-content\/uploads\/2024\/09\/20240620_112521-1752x2048.jpg 1752w\" sizes=\"auto, (max-width: 800px) 100vw, 800px\" \/><\/p>\n<p><strong>Kastellet<\/strong><\/p>\n<p>En av de st\u00f6rsta sev\u00e4rdheterna i Malcesine \u00e4r den stora f\u00e4stningen som en g\u00e5ng i tiden var byns viktigaste strategiska plats f\u00f6r att skydda sig f\u00f6r fienden. Kastellet ligger mitt i stan, det kostar intr\u00e4de och vi struntar att g\u00e5 in i byggnaden, eftersom tiden springer iv\u00e4g alldeles f\u00f6r snabbt.<\/p>\n<p><img loading=\"lazy\" decoding=\"async\" class=\"size-large wp-image-41263 aligncenter\" src=\"https:\/\/majipparesor.se\/wp-content\/uploads\/2024\/09\/20240620_111046-1024x697.jpg\" alt=\"\" width=\"800\" height=\"545\" srcset=\"https:\/\/majipparesor.se\/wp-content\/uploads\/2024\/09\/20240620_111046-1024x697.jpg 1024w, https:\/\/majipparesor.se\/wp-content\/uploads\/2024\/09\/20240620_111046-300x204.jpg 300w, https:\/\/majipparesor.se\/wp-content\/uploads\/2024\/09\/20240620_111046-768x523.jpg 768w, https:\/\/majipparesor.se\/wp-content\/uploads\/2024\/09\/20240620_111046-1536x1045.jpg 1536w, https:\/\/majipparesor.se\/wp-content\/uploads\/2024\/09\/20240620_111046-2048x1394.jpg 2048w, https:\/\/majipparesor.se\/wp-content\/uploads\/2024\/09\/20240620_111046-130x90.jpg 130w\" sizes=\"auto, (max-width: 800px) 100vw, 800px\" \/><\/p>\n<p><img loading=\"lazy\" decoding=\"async\" class=\"size-large wp-image-41255 aligncenter\" src=\"https:\/\/majipparesor.se\/wp-content\/uploads\/2024\/09\/20240620_121218-1024x758.jpg\" alt=\"\" width=\"800\" height=\"592\" srcset=\"https:\/\/majipparesor.se\/wp-content\/uploads\/2024\/09\/20240620_121218-1024x758.jpg 1024w, https:\/\/majipparesor.se\/wp-content\/uploads\/2024\/09\/20240620_121218-300x222.jpg 300w, https:\/\/majipparesor.se\/wp-content\/uploads\/2024\/09\/20240620_121218-768x569.jpg 768w, https:\/\/majipparesor.se\/wp-content\/uploads\/2024\/09\/20240620_121218-1536x1137.jpg 1536w, https:\/\/majipparesor.se\/wp-content\/uploads\/2024\/09\/20240620_121218-2048x1516.jpg 2048w\" sizes=\"auto, (max-width: 800px) 100vw, 800px\" \/><\/p>\n<p><strong>Riva del Garda<\/strong><\/p>\n<p>Efter en snabb lunch tar vi oss vidare norrut och hamnar vid Gardasj\u00f6ns nordligaste del, Riva del Garda. Vi anl\u00e4nder mitt i lunchrusningen och trots ih\u00e4rdigt letande efter en enda parkeringsplats hittar vi inte n\u00e5gon. D\u00e4remot tillbringar vi s\u00e4kert en timme g\u00e5 gatorna f\u00f6r att leta efter en parkeringsplats. Tja, d\u00e4r fick vi f\u00f6r att vi inte valde en b\u00e5ttur ist\u00e4llet, v\u00e5r \u00f6vertro p\u00e5 bilen \u00e4r inte alltid den b\u00e4sta.<\/p>\n<p><img loading=\"lazy\" decoding=\"async\" class=\"size-large wp-image-41254 aligncenter\" src=\"https:\/\/majipparesor.se\/wp-content\/uploads\/2024\/09\/20240620_125422-1000x1024.jpg\" alt=\"\" width=\"800\" height=\"819\" srcset=\"https:\/\/majipparesor.se\/wp-content\/uploads\/2024\/09\/20240620_125422-1000x1024.jpg 1000w, https:\/\/majipparesor.se\/wp-content\/uploads\/2024\/09\/20240620_125422-293x300.jpg 293w, https:\/\/majipparesor.se\/wp-content\/uploads\/2024\/09\/20240620_125422-768x786.jpg 768w, https:\/\/majipparesor.se\/wp-content\/uploads\/2024\/09\/20240620_125422-1500x1536.jpg 1500w, https:\/\/majipparesor.se\/wp-content\/uploads\/2024\/09\/20240620_125422-2000x2048.jpg 2000w\" sizes=\"auto, (max-width: 800px) 100vw, 800px\" \/><\/p>\n<p><strong>Liten glimt av Riva del Garda<\/strong><\/p>\n<p>Maken sl\u00e4pper ut mig och sitter sj\u00e4lv kvar i bilen medan jag g\u00f6r ett svep runt huvudgatan. Mer \u00e4n s\u00e5 blir inte v\u00e5r vistelse i Riva del Garda. Kanske k\u00e4nns Riva del Garda lite mer tjusigt \u00e4n \u00f6vriga orter l\u00e4ngs sj\u00f6n. Riva del Garda anses vara den klassiska och mest popul\u00e4ra orten att bes\u00f6ka. Kanske \u00e4r det den b\u00e4sta orten att att ha som utg\u00e5ngspunkt f\u00f6r ett l\u00e4ngre bes\u00f6k vid den norra delen av Gardasj\u00f6n.<\/p>\n<p><img loading=\"lazy\" decoding=\"async\" class=\"size-large wp-image-41283 aligncenter\" src=\"https:\/\/majipparesor.se\/wp-content\/uploads\/2024\/09\/20240620_133856-1024x675.jpg\" alt=\"\" width=\"800\" height=\"527\" srcset=\"https:\/\/majipparesor.se\/wp-content\/uploads\/2024\/09\/20240620_133856-1024x675.jpg 1024w, https:\/\/majipparesor.se\/wp-content\/uploads\/2024\/09\/20240620_133856-300x198.jpg 300w, https:\/\/majipparesor.se\/wp-content\/uploads\/2024\/09\/20240620_133856-768x506.jpg 768w, https:\/\/majipparesor.se\/wp-content\/uploads\/2024\/09\/20240620_133856-1536x1012.jpg 1536w, https:\/\/majipparesor.se\/wp-content\/uploads\/2024\/09\/20240620_133856-2048x1349.jpg 2048w\" sizes=\"auto, (max-width: 800px) 100vw, 800px\" \/><\/p>\n<p><strong>Limone sul Garda<\/strong><\/p>\n<p>Bara ett stenkast fr\u00e5n Riva del Garda ligger orten Limone. Vi har tagit oss till Gardasj\u00f6ns v\u00e4stra del och fr\u00e5n staden kan man faktiskt se flera av orterna p\u00e5 den \u00f6stra sidan sj\u00f6n.<\/p>\n<p>Det \u00e4r heller inte l\u00e4tt att hitta parkering i Limone, men genom ett under lyckas vi hitta en ledig plats alldeles vid huvudv\u00e4gen och tar oss sedan till fots nedf\u00f6r backen mot Limones stadskvarter.<\/p>\n<p><img loading=\"lazy\" decoding=\"async\" class=\"size-large wp-image-41289 aligncenter\" src=\"https:\/\/majipparesor.se\/wp-content\/uploads\/2024\/09\/20240620_132829-758x1024.jpg\" alt=\"\" width=\"758\" height=\"1024\" srcset=\"https:\/\/majipparesor.se\/wp-content\/uploads\/2024\/09\/20240620_132829-758x1024.jpg 758w, https:\/\/majipparesor.se\/wp-content\/uploads\/2024\/09\/20240620_132829-222x300.jpg 222w, https:\/\/majipparesor.se\/wp-content\/uploads\/2024\/09\/20240620_132829-768x1038.jpg 768w, https:\/\/majipparesor.se\/wp-content\/uploads\/2024\/09\/20240620_132829-1136x1536.jpg 1136w, https:\/\/majipparesor.se\/wp-content\/uploads\/2024\/09\/20240620_132829-1515x2048.jpg 1515w, https:\/\/majipparesor.se\/wp-content\/uploads\/2024\/09\/20240620_132829-scaled.jpg 1894w\" sizes=\"auto, (max-width: 758px) 100vw, 758px\" \/><\/p>\n<p><img loading=\"lazy\" decoding=\"async\" class=\"size-large wp-image-41288 aligncenter\" src=\"https:\/\/majipparesor.se\/wp-content\/uploads\/2024\/09\/20240620_132942-768x1024.jpg\" alt=\"\" width=\"768\" height=\"1024\" srcset=\"https:\/\/majipparesor.se\/wp-content\/uploads\/2024\/09\/20240620_132942-768x1024.jpg 768w, https:\/\/majipparesor.se\/wp-content\/uploads\/2024\/09\/20240620_132942-225x300.jpg 225w, https:\/\/majipparesor.se\/wp-content\/uploads\/2024\/09\/20240620_132942-1152x1536.jpg 1152w, https:\/\/majipparesor.se\/wp-content\/uploads\/2024\/09\/20240620_132942-1536x2048.jpg 1536w, https:\/\/majipparesor.se\/wp-content\/uploads\/2024\/09\/20240620_132942-scaled.jpg 1920w\" sizes=\"auto, (max-width: 768px) 100vw, 768px\" \/><\/p>\n<p>Limone har ocks\u00e5 en mysig stadsk\u00e4rna med flera gr\u00e4nder d\u00e4r det givetvis kryllar av folk. Kanske \u00e4r det aningens f\u00e4rre turister h\u00e4r men det kan f\u00f6rst\u00e5s vara s\u00e5 att n\u00e5gon b\u00e5t har l\u00e4mnat orten f\u00f6r vidare f\u00e4rd p\u00e5 Gardasj\u00f6n.<\/p>\n<p>Som p\u00e5 de flesta andra st\u00e4llen h\u00e4r vid Gardasj\u00f6n tr\u00e4ngs matbutiker tillsammans med souvenirer i en sk\u00f6n blandning. Det finns \u00e4ven m\u00e5nga barer och restauranger, hungrig beh\u00f6ver man inte vara i Italien.<\/p>\n<p><img loading=\"lazy\" decoding=\"async\" class=\"size-large wp-image-41253 aligncenter\" src=\"https:\/\/majipparesor.se\/wp-content\/uploads\/2024\/09\/20240620_133002-865x1024.jpg\" alt=\"\" width=\"800\" height=\"947\" srcset=\"https:\/\/majipparesor.se\/wp-content\/uploads\/2024\/09\/20240620_133002-865x1024.jpg 865w, https:\/\/majipparesor.se\/wp-content\/uploads\/2024\/09\/20240620_133002-253x300.jpg 253w, https:\/\/majipparesor.se\/wp-content\/uploads\/2024\/09\/20240620_133002-768x909.jpg 768w, https:\/\/majipparesor.se\/wp-content\/uploads\/2024\/09\/20240620_133002-1297x1536.jpg 1297w, https:\/\/majipparesor.se\/wp-content\/uploads\/2024\/09\/20240620_133002-1730x2048.jpg 1730w\" sizes=\"auto, (max-width: 800px) 100vw, 800px\" \/><\/p>\n<p style=\"text-align: center;\"><em>Sol och citroner dominerar souvenirbutikerna i Limone.\u00a0<\/em><\/p>\n<p><img loading=\"lazy\" decoding=\"async\" class=\"size-large wp-image-41252 aligncenter\" src=\"https:\/\/majipparesor.se\/wp-content\/uploads\/2024\/09\/20240620_133014-627x1024.jpg\" alt=\"\" width=\"627\" height=\"1024\" srcset=\"https:\/\/majipparesor.se\/wp-content\/uploads\/2024\/09\/20240620_133014-627x1024.jpg 627w, https:\/\/majipparesor.se\/wp-content\/uploads\/2024\/09\/20240620_133014-184x300.jpg 184w, https:\/\/majipparesor.se\/wp-content\/uploads\/2024\/09\/20240620_133014-768x1255.jpg 768w, https:\/\/majipparesor.se\/wp-content\/uploads\/2024\/09\/20240620_133014-940x1536.jpg 940w, https:\/\/majipparesor.se\/wp-content\/uploads\/2024\/09\/20240620_133014-1253x2048.jpg 1253w, https:\/\/majipparesor.se\/wp-content\/uploads\/2024\/09\/20240620_133014-scaled.jpg 1567w\" sizes=\"auto, (max-width: 627px) 100vw, 627px\" \/><\/p>\n<p><img loading=\"lazy\" decoding=\"async\" class=\"size-large wp-image-41287 aligncenter\" src=\"https:\/\/majipparesor.se\/wp-content\/uploads\/2024\/09\/20240620_133016-768x1024.jpg\" alt=\"\" width=\"768\" height=\"1024\" srcset=\"https:\/\/majipparesor.se\/wp-content\/uploads\/2024\/09\/20240620_133016-768x1024.jpg 768w, https:\/\/majipparesor.se\/wp-content\/uploads\/2024\/09\/20240620_133016-225x300.jpg 225w, https:\/\/majipparesor.se\/wp-content\/uploads\/2024\/09\/20240620_133016-1152x1536.jpg 1152w, https:\/\/majipparesor.se\/wp-content\/uploads\/2024\/09\/20240620_133016-1536x2048.jpg 1536w, https:\/\/majipparesor.se\/wp-content\/uploads\/2024\/09\/20240620_133016-scaled.jpg 1920w\" sizes=\"auto, (max-width: 768px) 100vw, 768px\" \/><\/p>\n<p><img loading=\"lazy\" decoding=\"async\" class=\"size-large wp-image-41286 aligncenter\" src=\"https:\/\/majipparesor.se\/wp-content\/uploads\/2024\/09\/20240620_133127-768x1024.jpg\" alt=\"\" width=\"768\" height=\"1024\" srcset=\"https:\/\/majipparesor.se\/wp-content\/uploads\/2024\/09\/20240620_133127-768x1024.jpg 768w, https:\/\/majipparesor.se\/wp-content\/uploads\/2024\/09\/20240620_133127-225x300.jpg 225w, https:\/\/majipparesor.se\/wp-content\/uploads\/2024\/09\/20240620_133127-1152x1536.jpg 1152w, https:\/\/majipparesor.se\/wp-content\/uploads\/2024\/09\/20240620_133127-1536x2048.jpg 1536w, https:\/\/majipparesor.se\/wp-content\/uploads\/2024\/09\/20240620_133127.jpg 1703w\" sizes=\"auto, (max-width: 768px) 100vw, 768px\" \/><\/p>\n<p><img loading=\"lazy\" decoding=\"async\" class=\"size-large wp-image-41281 aligncenter\" src=\"https:\/\/majipparesor.se\/wp-content\/uploads\/2024\/09\/20240620_133945-1024x768.jpg\" alt=\"\" width=\"800\" height=\"600\" srcset=\"https:\/\/majipparesor.se\/wp-content\/uploads\/2024\/09\/20240620_133945-1024x768.jpg 1024w, https:\/\/majipparesor.se\/wp-content\/uploads\/2024\/09\/20240620_133945-300x225.jpg 300w, https:\/\/majipparesor.se\/wp-content\/uploads\/2024\/09\/20240620_133945-768x576.jpg 768w, https:\/\/majipparesor.se\/wp-content\/uploads\/2024\/09\/20240620_133945-1536x1152.jpg 1536w, https:\/\/majipparesor.se\/wp-content\/uploads\/2024\/09\/20240620_133945-2048x1536.jpg 2048w\" sizes=\"auto, (max-width: 800px) 100vw, 800px\" \/><\/p>\n<p style=\"text-align: center;\"><em>Mycket gulligt \u00e4r det i Limone!<\/em><\/p>\n<p>Det \u00e4r inte sv\u00e5rt att bli f\u00f6rtjust \u00e4ven i orten Limone som ligger vackert inkl\u00e4mt mellan klippbranterna och Gardasj\u00f6ns bl\u00e5 vatten. Annars k\u00e4nns den v\u00e4stra sidan mer solfattig n\u00e4r solen g\u00e5r ned bakom bergen i bakgrunden. N\u00e5gra solnedg\u00e5ngar blir det f\u00f6rst\u00e5s inte tal om h\u00e4r. Vackert blir det \u00e4nd\u00e5.<\/p>\n<p style=\"text-align: center;\"><img loading=\"lazy\" decoding=\"async\" class=\"alignnone size-large wp-image-41284\" src=\"https:\/\/majipparesor.se\/wp-content\/uploads\/2024\/09\/20240620_133453-1024x960.jpg\" alt=\"\" width=\"800\" height=\"750\" srcset=\"https:\/\/majipparesor.se\/wp-content\/uploads\/2024\/09\/20240620_133453-1024x960.jpg 1024w, https:\/\/majipparesor.se\/wp-content\/uploads\/2024\/09\/20240620_133453-300x281.jpg 300w, https:\/\/majipparesor.se\/wp-content\/uploads\/2024\/09\/20240620_133453-768x720.jpg 768w, https:\/\/majipparesor.se\/wp-content\/uploads\/2024\/09\/20240620_133453-1536x1440.jpg 1536w, https:\/\/majipparesor.se\/wp-content\/uploads\/2024\/09\/20240620_133453-2048x1920.jpg 2048w\" sizes=\"auto, (max-width: 800px) 100vw, 800px\" \/><\/p>\n<p><img loading=\"lazy\" decoding=\"async\" class=\"size-large wp-image-40097 aligncenter\" src=\"https:\/\/majipparesor.se\/wp-content\/uploads\/2024\/06\/20240620_133922-1024x695.jpg\" alt=\"\" width=\"800\" height=\"543\" srcset=\"https:\/\/majipparesor.se\/wp-content\/uploads\/2024\/06\/20240620_133922-1024x695.jpg 1024w, https:\/\/majipparesor.se\/wp-content\/uploads\/2024\/06\/20240620_133922-300x204.jpg 300w, https:\/\/majipparesor.se\/wp-content\/uploads\/2024\/06\/20240620_133922-768x521.jpg 768w, https:\/\/majipparesor.se\/wp-content\/uploads\/2024\/06\/20240620_133922-1536x1043.jpg 1536w, https:\/\/majipparesor.se\/wp-content\/uploads\/2024\/06\/20240620_133922-2048x1390.jpg 2048w\" sizes=\"auto, (max-width: 800px) 100vw, 800px\" \/><\/p>\n<p>Vi l\u00e4mnar Limone och k\u00f6r den sista etappen d\u00e4r ett ov\u00e4der med regn snabbt drar in \u00f6ver oss. Dessutom ligger vi i bilk\u00f6 genom flera av orterna och det tar faktiskt lite d\u00f6d p\u00e5 charmen av de v\u00e4stra orterna som givetvis ocks\u00e5 m\u00e5ste ses, men inte den h\u00e4r g\u00e5ngen, tyv\u00e4rr. Ett par timmar i en l\u00e5ngsamtg\u00e5ende bilk\u00f6 g\u00f6r att vi tar oss tillbaka till Sirmione kraftigt f\u00f6rsenade.<\/p>\n<p><img loading=\"lazy\" decoding=\"async\" class=\"size-large wp-image-41282 aligncenter\" src=\"https:\/\/majipparesor.se\/wp-content\/uploads\/2024\/09\/20240620_133929-885x1024.jpg\" alt=\"\" width=\"800\" height=\"926\" srcset=\"https:\/\/majipparesor.se\/wp-content\/uploads\/2024\/09\/20240620_133929-885x1024.jpg 885w, https:\/\/majipparesor.se\/wp-content\/uploads\/2024\/09\/20240620_133929-259x300.jpg 259w, https:\/\/majipparesor.se\/wp-content\/uploads\/2024\/09\/20240620_133929-768x889.jpg 768w, https:\/\/majipparesor.se\/wp-content\/uploads\/2024\/09\/20240620_133929-1327x1536.jpg 1327w, https:\/\/majipparesor.se\/wp-content\/uploads\/2024\/09\/20240620_133929-1769x2048.jpg 1769w\" sizes=\"auto, (max-width: 800px) 100vw, 800px\" \/><\/p>\n<p><strong>Orter l\u00e4ngs v\u00e4stra Gardasj\u00f6n<\/strong><\/p>\n<p>Vi k\u00f6r f\u00f6rbi orter som till exempel; Gargnano, en trivsam och fridfull liten by med vackra villor och tr\u00e4dg\u00e5rdar. En annan lite st\u00f6rre ort \u00e4r Toscolano- Maderno, vilka \u00e4r tv\u00e5 sammanvuxna orter som erbjuder n\u00e4rhet till sj\u00f6n f\u00f6r bad. \u00c4ven orten Sal\u00f2 verkar vara trevligt med en l\u00e5ng strandpromenad, vi ser \u00e4ven en hel del butiker och restauranger n\u00e4r vi sakta passerar orten i den k\u00f6 vi tvingas sitta i. Vi passerar ocks\u00e5 Gardone Riviera med eleganta villor utmed Gardasj\u00f6n.<\/p>\n<p>L\u00e4ngst i s\u00f6der, n\u00e4ra granne till Sirmione finns orten, Desenzano, \u00e4ven den en mycket popul\u00e4r och mysig by med torg och serveringar.<\/p>\n<p><img loading=\"lazy\" decoding=\"async\" class=\"size-large wp-image-41280 aligncenter\" src=\"https:\/\/majipparesor.se\/wp-content\/uploads\/2024\/09\/20240620_134745-1024x930.jpg\" alt=\"\" width=\"800\" height=\"727\" srcset=\"https:\/\/majipparesor.se\/wp-content\/uploads\/2024\/09\/20240620_134745-1024x930.jpg 1024w, https:\/\/majipparesor.se\/wp-content\/uploads\/2024\/09\/20240620_134745-300x272.jpg 300w, https:\/\/majipparesor.se\/wp-content\/uploads\/2024\/09\/20240620_134745-768x697.jpg 768w, https:\/\/majipparesor.se\/wp-content\/uploads\/2024\/09\/20240620_134745-1536x1395.jpg 1536w, https:\/\/majipparesor.se\/wp-content\/uploads\/2024\/09\/20240620_134745-2048x1860.jpg 2048w\" sizes=\"auto, (max-width: 800px) 100vw, 800px\" \/><\/p>\n<p><strong>Att k\u00f6ra bil runt Gardasj\u00f6n, \u00e4r det s\u00e5 smart?<\/strong><\/p>\n<p>Nej, kanske inte om man har br\u00e5ttom. Ironiskt nog har vi ju lite br\u00e5ttom och tar bilen just d\u00e4rf\u00f6r, ist\u00e4llet f\u00f6r att g\u00f6ra en b\u00e5ttur runt sj\u00f6n. Det kommer vi definitivt att g\u00f6ra ifall vi \u00e5terkommer. Tyv\u00e4rr \u00e4r det s\u00e5 mycket bilar och folk som tr\u00e4ngs p\u00e5 en relativt liten yta, men klart f\u00f6rst\u00e5eligt med tanke p\u00e5 det vackra landskapet.<\/p>\n<p>Att ta bilen fungerar s\u00e4kert en h\u00f6stdag i oktober, men sommarm\u00e5naderna, \u00e4r det t\u00e5lamod som g\u00e4ller.<\/p>\n<p><strong>L\u00e4s mer om Italien &#8211; titta in p\u00e5 min sida om <a href=\"https:\/\/majipparesor.se\/?page_id=45176\">Italien<\/a> eller se alla inl\u00e4gg om Italien <a href=\"https:\/\/majipparesor.se\/?cat=30\">h\u00e4r<\/a><\/strong><\/p>\n<p><img loading=\"lazy\" decoding=\"async\" class=\"size-large wp-image-41279 aligncenter\" src=\"https:\/\/majipparesor.se\/wp-content\/uploads\/2024\/09\/20240620_143303-1024x945.jpg\" alt=\"\" width=\"800\" height=\"738\" srcset=\"https:\/\/majipparesor.se\/wp-content\/uploads\/2024\/09\/20240620_143303-1024x945.jpg 1024w, https:\/\/majipparesor.se\/wp-content\/uploads\/2024\/09\/20240620_143303-300x277.jpg 300w, https:\/\/majipparesor.se\/wp-content\/uploads\/2024\/09\/20240620_143303-768x709.jpg 768w, https:\/\/majipparesor.se\/wp-content\/uploads\/2024\/09\/20240620_143303-1536x1418.jpg 1536w, https:\/\/majipparesor.se\/wp-content\/uploads\/2024\/09\/20240620_143303-2048x1890.jpg 2048w\" sizes=\"auto, (max-width: 800px) 100vw, 800px\" \/><\/p>\n<ul class='related_post'><li><a href=\"https:\/\/majipparesor.se\/?p=41158\" title=\"Sirmione &#8211; Gardasj\u00f6ns l\u00e4ckraste ort?\">Sirmione &#8211; Gardasj\u00f6ns l\u00e4ckraste ort?<\/a><\/li><\/ul>","protected":false},"excerpt":{"rendered":"<p>Italiens st\u00f6rsta och kanske vackraste sj\u00f6 \u00e4r Gardasj\u00f6n. Det \u00e4r inte konstigt att turisterna flockas som flugor vid sj\u00f6ns pittoreska<\/p>\n","protected":false},"author":1,"featured_media":41236,"comment_status":"open","ping_status":"open","sticky":false,"template":"","format":"standard","meta":{"colormag_page_container_layout":"default_layout","colormag_page_sidebar_layout":"default_layout","om_disable_all_campaigns":false,"_monsterinsights_skip_tracking":false,"_monsterinsights_sitenote_active":false,"_monsterinsights_sitenote_note":"","_monsterinsights_sitenote_category":0,"_uf_show_specific_survey":0,"_uf_disable_surveys":false,"footnotes":""},"categories":[30,202],"tags":[199],"class_list":["post-41227","post","type-post","status-publish","format-standard","has-post-thumbnail","hentry","category-italien","category-trentino-alto-adige-sudtirol","tag-gardasjon"],"aioseo_notices":[],"_links":{"self":[{"href":"https:\/\/majipparesor.se\/index.php?rest_route=\/wp\/v2\/posts\/41227","targetHints":{"allow":["GET"]}}],"collection":[{"href":"https:\/\/majipparesor.se\/index.php?rest_route=\/wp\/v2\/posts"}],"about":[{"href":"https:\/\/majipparesor.se\/index.php?rest_route=\/wp\/v2\/types\/post"}],"author":[{"embeddable":true,"href":"https:\/\/majipparesor.se\/index.php?rest_route=\/wp\/v2\/users\/1"}],"replies":[{"embeddable":true,"href":"https:\/\/majipparesor.se\/index.php?rest_route=%2Fwp%2Fv2%2Fcomments&post=41227"}],"version-history":[{"count":21,"href":"https:\/\/majipparesor.se\/index.php?rest_route=\/wp\/v2\/posts\/41227\/revisions"}],"predecessor-version":[{"id":49329,"href":"https:\/\/majipparesor.se\/index.php?rest_route=\/wp\/v2\/posts\/41227\/revisions\/49329"}],"wp:featuredmedia":[{"embeddable":true,"href":"https:\/\/majipparesor.se\/index.php?rest_route=\/wp\/v2\/media\/41236"}],"wp:attachment":[{"href":"https:\/\/majipparesor.se\/index.php?rest_route=%2Fwp%2Fv2%2Fmedia&parent=41227"}],"wp:term":[{"taxonomy":"category","embeddable":true,"href":"https:\/\/majipparesor.se\/index.php?rest_route=%2Fwp%2Fv2%2Fcategories&post=41227"},{"taxonomy":"post_tag","embeddable":true,"href":"https:\/\/majipparesor.se\/index.php?rest_route=%2Fwp%2Fv2%2Ftags&post=41227"}],"curies":[{"name":"wp","href":"https:\/\/api.w.org\/{rel}","templated":true}]}}