{"id":43297,"date":"2025-05-03T05:17:50","date_gmt":"2025-05-03T05:17:50","guid":{"rendered":"https:\/\/majipparesor.se\/?p=43297"},"modified":"2025-11-04T16:43:40","modified_gmt":"2025-11-04T16:43:40","slug":"roadtrip-langs-ostersjon-fran-rugen-i-tyskland-till-usedom-i-polen","status":"publish","type":"post","link":"https:\/\/majipparesor.se\/?p=43297","title":{"rendered":"Roadtrip l\u00e4ngs \u00d6stersj\u00f6n &#8211; Fr\u00e5n R\u00fcgen i Tyskland till Usedom i Polen"},"content":{"rendered":"<p><strong>Den nordtyska kustst\u00e4derna har mycket att erbjuda och f\u00f6rutom \u00f6n R\u00fcgen finns flera sev\u00e4rda kustst\u00e4der utmed \u00d6stersj\u00f6n mot Polen i \u00f6ster att bes\u00f6ka. Under \u00e5rets p\u00e5sklovsvecka hinner vi bes\u00f6ka ett par trevliga kustn\u00e4ra orter innan vi kommer fram till \u015awinouj\u015bcie i Polen d\u00e4r vi g\u00f6r en \u00f6vernattning<\/strong>.<\/p>\n<p><img loading=\"lazy\" decoding=\"async\" class=\"size-large wp-image-43314 aligncenter\" src=\"https:\/\/majipparesor.se\/wp-content\/uploads\/2025\/04\/20250414_094446-905x1024.jpg\" alt=\"\" width=\"800\" height=\"905\" srcset=\"https:\/\/majipparesor.se\/wp-content\/uploads\/2025\/04\/20250414_094446-905x1024.jpg 905w, https:\/\/majipparesor.se\/wp-content\/uploads\/2025\/04\/20250414_094446-265x300.jpg 265w, https:\/\/majipparesor.se\/wp-content\/uploads\/2025\/04\/20250414_094446-768x869.jpg 768w, https:\/\/majipparesor.se\/wp-content\/uploads\/2025\/04\/20250414_094446-1357x1536.jpg 1357w, https:\/\/majipparesor.se\/wp-content\/uploads\/2025\/04\/20250414_094446-1809x2048.jpg 1809w\" sizes=\"auto, (max-width: 800px) 100vw, 800px\" \/><\/p>\n<h5><strong>Fr\u00e5n Binz till Prora<\/strong><\/h5>\n<p>Vi checkar ut fr\u00e5n kurorten Binz och tar oss ett par kilometer norrut. Vi har sedan v\u00e5rt bes\u00f6k, 2014, i den n\u00e5got speciella orten Prora undrat hur det enorma huskomplex fr\u00e5n andra v\u00e4rldskrigen har utvecklats sig. F\u00f6r precis 11 \u00e5r sedan bes\u00f6kte vi R\u00fcgen och var \u00e4ven och kikade p\u00e5 byggnaden vid Prora. D\u00e5 hade man precis startat den stora ombyggnationen av den\u00a0 \u00f6ver 4 kilometer l\u00e5nga huskroppen.<\/p>\n<p style=\"text-align: center;\"><img loading=\"lazy\" decoding=\"async\" class=\"aligncenter wp-image-7956 size-large\" src=\"https:\/\/majipparesor.se\/wp-content\/uploads\/2018\/02\/DSC_0095-2-e1642360697397-955x1024.jpg\" alt=\"\" width=\"800\" height=\"858\" srcset=\"https:\/\/majipparesor.se\/wp-content\/uploads\/2018\/02\/DSC_0095-2-e1642360697397-955x1024.jpg 955w, https:\/\/majipparesor.se\/wp-content\/uploads\/2018\/02\/DSC_0095-2-e1642360697397-280x300.jpg 280w, https:\/\/majipparesor.se\/wp-content\/uploads\/2018\/02\/DSC_0095-2-e1642360697397-768x824.jpg 768w, https:\/\/majipparesor.se\/wp-content\/uploads\/2018\/02\/DSC_0095-2-e1642360697397-1432x1536.jpg 1432w, https:\/\/majipparesor.se\/wp-content\/uploads\/2018\/02\/DSC_0095-2-e1642360697397-1909x2048.jpg 1909w\" sizes=\"auto, (max-width: 800px) 100vw, 800px\" \/><\/p>\n<p style=\"text-align: center;\"><em>Prora 2014<\/em><\/p>\n<p style=\"text-align: center;\"><img loading=\"lazy\" decoding=\"async\" class=\"alignnone size-large wp-image-43316\" src=\"https:\/\/majipparesor.se\/wp-content\/uploads\/2025\/04\/20250414_094007-1024x659.jpg\" alt=\"\" width=\"800\" height=\"515\" srcset=\"https:\/\/majipparesor.se\/wp-content\/uploads\/2025\/04\/20250414_094007-1024x659.jpg 1024w, https:\/\/majipparesor.se\/wp-content\/uploads\/2025\/04\/20250414_094007-300x193.jpg 300w, https:\/\/majipparesor.se\/wp-content\/uploads\/2025\/04\/20250414_094007-768x494.jpg 768w, https:\/\/majipparesor.se\/wp-content\/uploads\/2025\/04\/20250414_094007-1536x988.jpg 1536w, https:\/\/majipparesor.se\/wp-content\/uploads\/2025\/04\/20250414_094007-2048x1318.jpg 2048w\" sizes=\"auto, (max-width: 800px) 100vw, 800px\" \/><\/p>\n<h5><strong>Prora 2025<\/strong><\/h5>\n<p>Mycket har h\u00e4nt p\u00e5 de elva \u00e5r som g\u00e5tt mellan bilderna. Tyv\u00e4rr \u00e4r det numera inte l\u00e4tt att ta sig runt med bil p\u00e5 omr\u00e5det och man kan heller inte parkera bilen hur som helst. Vi st\u00e4llde bilen en bit bort i ett aff\u00e4rscentrum och promenerade sedan ett par hundra meter ned mot den restaurerade delen som \u00e4r klar. Idag finns b\u00e5de bost\u00e4der och hotell i den del av byggnaden som vi ser.<\/p>\n<p style=\"text-align: center;\"><img loading=\"lazy\" decoding=\"async\" class=\"alignnone size-large wp-image-43315\" src=\"https:\/\/majipparesor.se\/wp-content\/uploads\/2025\/04\/20250414_094110-1024x768.jpg\" alt=\"\" width=\"800\" height=\"600\" srcset=\"https:\/\/majipparesor.se\/wp-content\/uploads\/2025\/04\/20250414_094110-1024x768.jpg 1024w, https:\/\/majipparesor.se\/wp-content\/uploads\/2025\/04\/20250414_094110-300x225.jpg 300w, https:\/\/majipparesor.se\/wp-content\/uploads\/2025\/04\/20250414_094110-768x576.jpg 768w, https:\/\/majipparesor.se\/wp-content\/uploads\/2025\/04\/20250414_094110-1536x1152.jpg 1536w, https:\/\/majipparesor.se\/wp-content\/uploads\/2025\/04\/20250414_094110-2048x1536.jpg 2048w\" sizes=\"auto, (max-width: 800px) 100vw, 800px\" \/><\/p>\n<p style=\"text-align: center;\"><img loading=\"lazy\" decoding=\"async\" class=\"alignnone size-large wp-image-43350\" src=\"https:\/\/majipparesor.se\/wp-content\/uploads\/2025\/04\/20250414_105112-1024x768.jpg\" alt=\"\" width=\"800\" height=\"600\" srcset=\"https:\/\/majipparesor.se\/wp-content\/uploads\/2025\/04\/20250414_105112-1024x768.jpg 1024w, https:\/\/majipparesor.se\/wp-content\/uploads\/2025\/04\/20250414_105112-300x225.jpg 300w, https:\/\/majipparesor.se\/wp-content\/uploads\/2025\/04\/20250414_105112-768x576.jpg 768w, https:\/\/majipparesor.se\/wp-content\/uploads\/2025\/04\/20250414_105112-1536x1152.jpg 1536w, https:\/\/majipparesor.se\/wp-content\/uploads\/2025\/04\/20250414_105112-2048x1536.jpg 2048w\" sizes=\"auto, (max-width: 800px) 100vw, 800px\" \/><\/p>\n<h5><strong>Ett stopp i Stralsund<\/strong><\/h5>\n<p>F\u00f6r att komma till R\u00fcgen via fastlandet passerar vi Stralsund. \u00c4ven Stralsund \u00e4r v\u00e4l v\u00e4rt ett stopp. Vi kommer hit en bit in p\u00e5 f\u00f6rmiddagen och f\u00e5r leta parkeringsplats en stund men inser att det passar b\u00e4st att st\u00e4lla sig i ett parkeringsgaraget f\u00f6r att g\u00f6ra en liten sightseeing genom staden.<\/p>\n<p>Omr\u00e5det kring r\u00e5dhuset \u00e4r kanske den mest sev\u00e4rda platsen i den gamla hansastaden. Den gamla stadsk\u00e4rnan \u00e4r upptagen p\u00e5 UNESCO:s v\u00e4rldsarvslista. Det \u00e4r riktigt fint att strosa runt i stadsk\u00e4rnan och \u00e4ven ned mot hamnen.<\/p>\n<p><img loading=\"lazy\" decoding=\"async\" class=\"size-large wp-image-43252 aligncenter\" src=\"https:\/\/majipparesor.se\/wp-content\/uploads\/2025\/04\/20250414_105249-1024x768.jpg\" alt=\"\" width=\"800\" height=\"600\" srcset=\"https:\/\/majipparesor.se\/wp-content\/uploads\/2025\/04\/20250414_105249-1024x768.jpg 1024w, https:\/\/majipparesor.se\/wp-content\/uploads\/2025\/04\/20250414_105249-300x225.jpg 300w, https:\/\/majipparesor.se\/wp-content\/uploads\/2025\/04\/20250414_105249-768x576.jpg 768w, https:\/\/majipparesor.se\/wp-content\/uploads\/2025\/04\/20250414_105249-1536x1152.jpg 1536w, https:\/\/majipparesor.se\/wp-content\/uploads\/2025\/04\/20250414_105249-2048x1536.jpg 2048w\" sizes=\"auto, (max-width: 800px) 100vw, 800px\" \/><\/p>\n<p>Stralsund grundades p\u00e5 1200-talet och blev snabbt en viktig Hansastad under medeltiden. Staden har en rik historia kopplad till handeln i \u00d6stersj\u00f6omr\u00e5det och var under l\u00e5ng tid en betydande del av Hansaf\u00f6rbundet. Sverige styrde faktiskt \u00f6ver Stralsund och \u00e4ven \u00f6ver stora delar av nuvarande norra Tyskland under 1600- och 1700-talet. Det har f\u00f6rst\u00e5s satt sina sp\u00e5r i b\u00e5de arkitektur och kultur.<\/p>\n<p><img loading=\"lazy\" decoding=\"async\" class=\"size-large wp-image-43251 aligncenter\" src=\"https:\/\/majipparesor.se\/wp-content\/uploads\/2025\/04\/20250414_105752-895x1024.jpg\" alt=\"\" width=\"800\" height=\"915\" srcset=\"https:\/\/majipparesor.se\/wp-content\/uploads\/2025\/04\/20250414_105752-895x1024.jpg 895w, https:\/\/majipparesor.se\/wp-content\/uploads\/2025\/04\/20250414_105752-262x300.jpg 262w, https:\/\/majipparesor.se\/wp-content\/uploads\/2025\/04\/20250414_105752-768x878.jpg 768w, https:\/\/majipparesor.se\/wp-content\/uploads\/2025\/04\/20250414_105752-1343x1536.jpg 1343w, https:\/\/majipparesor.se\/wp-content\/uploads\/2025\/04\/20250414_105752-1791x2048.jpg 1791w\" sizes=\"auto, (max-width: 800px) 100vw, 800px\" \/><\/p>\n<h5><strong>R\u00e5dhuset i Stralsund<\/strong><\/h5>\n<p class=\"\" data-start=\"182\" data-end=\"226\">Mitt i gamla stan, p\u00e5 Alter Markt, ligger det mycket vackra r\u00e5dhuset. Det b\u00f6rjade byggas p\u00e5 1200 &#8211; talet och byggdes om under 1300- och 1400 &#8211; talet. Byggnaden \u00e4r av Nordtysk tegelgotik med dekorativa gavlar och spetsb\u00e5gsf\u00f6nster. Fasaden mot torget \u00e4r f\u00f6rmodligen det man mest f\u00f6rknippar med Stralsund med dekorationer av blindf\u00f6nster, vapensk\u00f6ldar och spetsb\u00e5gar, vilket var typiskt f\u00f6r Hansast\u00e4derna. R\u00e5dhuset fungerade som ett administrativt centrum och handelsplats under hansatiden. Idag anv\u00e4nds byggnaden f\u00f6r utst\u00e4llningar, evenemang och turistinformation.<\/p>\n<p style=\"text-align: center;\"><img loading=\"lazy\" decoding=\"async\" class=\"size-large wp-image-43344 alignnone\" src=\"https:\/\/majipparesor.se\/wp-content\/uploads\/2025\/04\/20250414_110738-798x1024.jpg\" alt=\"\" width=\"798\" height=\"1024\" srcset=\"https:\/\/majipparesor.se\/wp-content\/uploads\/2025\/04\/20250414_110738-798x1024.jpg 798w, https:\/\/majipparesor.se\/wp-content\/uploads\/2025\/04\/20250414_110738-234x300.jpg 234w, https:\/\/majipparesor.se\/wp-content\/uploads\/2025\/04\/20250414_110738-768x986.jpg 768w, https:\/\/majipparesor.se\/wp-content\/uploads\/2025\/04\/20250414_110738-1196x1536.jpg 1196w, https:\/\/majipparesor.se\/wp-content\/uploads\/2025\/04\/20250414_110738-1595x2048.jpg 1595w, https:\/\/majipparesor.se\/wp-content\/uploads\/2025\/04\/20250414_110738-scaled.jpg 1994w\" sizes=\"auto, (max-width: 798px) 100vw, 798px\" \/><\/p>\n<p><img loading=\"lazy\" decoding=\"async\" class=\"size-large wp-image-43349 aligncenter\" src=\"https:\/\/majipparesor.se\/wp-content\/uploads\/2025\/04\/20250414_105422-768x1024.jpg\" alt=\"\" width=\"768\" height=\"1024\" srcset=\"https:\/\/majipparesor.se\/wp-content\/uploads\/2025\/04\/20250414_105422-768x1024.jpg 768w, https:\/\/majipparesor.se\/wp-content\/uploads\/2025\/04\/20250414_105422-225x300.jpg 225w, https:\/\/majipparesor.se\/wp-content\/uploads\/2025\/04\/20250414_105422-1152x1536.jpg 1152w, https:\/\/majipparesor.se\/wp-content\/uploads\/2025\/04\/20250414_105422-1536x2048.jpg 1536w, https:\/\/majipparesor.se\/wp-content\/uploads\/2025\/04\/20250414_105422-scaled.jpg 1920w\" sizes=\"auto, (max-width: 768px) 100vw, 768px\" \/><\/p>\n<p style=\"text-align: center;\"><em>R\u00e5dhuset har en passage f\u00f6r att ta sig igenom till den andra sidan av kvarteret.\u00a0<\/em><\/p>\n<p><img loading=\"lazy\" decoding=\"async\" class=\"size-large wp-image-43348 aligncenter\" src=\"https:\/\/majipparesor.se\/wp-content\/uploads\/2025\/04\/20250414_105454-834x1024.jpg\" alt=\"\" width=\"800\" height=\"982\" srcset=\"https:\/\/majipparesor.se\/wp-content\/uploads\/2025\/04\/20250414_105454-834x1024.jpg 834w, https:\/\/majipparesor.se\/wp-content\/uploads\/2025\/04\/20250414_105454-244x300.jpg 244w, https:\/\/majipparesor.se\/wp-content\/uploads\/2025\/04\/20250414_105454-768x943.jpg 768w, https:\/\/majipparesor.se\/wp-content\/uploads\/2025\/04\/20250414_105454-1251x1536.jpg 1251w, https:\/\/majipparesor.se\/wp-content\/uploads\/2025\/04\/20250414_105454-1668x2048.jpg 1668w\" sizes=\"auto, (max-width: 800px) 100vw, 800px\" \/><\/p>\n<p style=\"text-align: center;\"><em>Gustaf Adolf, kung av Sverige mellan \u00e5ren 1611 &#8211; 1632. Gustaf Adolf gjorde sitt int\u00e5g h\u00e4r i Stralsund den 10 september 1630.\u00a0<\/em><\/p>\n<p style=\"text-align: center;\"><img loading=\"lazy\" decoding=\"async\" class=\"size-large wp-image-43346 aligncenter\" src=\"https:\/\/majipparesor.se\/wp-content\/uploads\/2025\/04\/20250414_105535-947x1024.jpg\" alt=\"\" width=\"800\" height=\"865\" srcset=\"https:\/\/majipparesor.se\/wp-content\/uploads\/2025\/04\/20250414_105535-947x1024.jpg 947w, https:\/\/majipparesor.se\/wp-content\/uploads\/2025\/04\/20250414_105535-277x300.jpg 277w, https:\/\/majipparesor.se\/wp-content\/uploads\/2025\/04\/20250414_105535-768x831.jpg 768w, https:\/\/majipparesor.se\/wp-content\/uploads\/2025\/04\/20250414_105535-1420x1536.jpg 1420w, https:\/\/majipparesor.se\/wp-content\/uploads\/2025\/04\/20250414_105535-1893x2048.jpg 1893w\" sizes=\"auto, (max-width: 800px) 100vw, 800px\" \/><\/p>\n<h5><strong>Sankt Nikolai kyrka<\/strong><\/h5>\n<p>Precis intill Stralsunds r\u00e5dhus vid Alter Markt ligger den m\u00e4ktiga kyrkan, Nikolaikirche. Kyrkan var fr\u00e5n b\u00f6rjan avsedd som en r\u00e5dskyrka, vilket innebar att den inte bara anv\u00e4ndes f\u00f6r gudstj\u00e4nster utan ocks\u00e5 f\u00f6r stadens officiella m\u00f6ten, r\u00e4tts\u00e4renden och f\u00f6r att kung\u00f6ra lagar och stadgar.<\/p>\n<p>Kyrkan stod klar 1276 och <span class=\"relative -mx-px my-[-0.2rem] rounded px-px py-[0.2rem] transition-colors duration-100 ease-in-out\">\u00e4r k\u00e4nd f\u00f6r sin imponerande gotiska arkitektur och rika inredning, med en betydande samling av medeltida konstverk och skulpturer. <\/span>\u200b<\/p>\n<p class=\"\" data-start=\"743\" data-end=\"909\"><span class=\"relative -mx-px my-[-0.2rem] rounded px-px py-[0.2rem] transition-colors duration-100 ease-in-out\">Nikolaikirche och <\/span><span class=\"relative -mx-px my-[-0.2rem] rounded px-px py-[0.2rem] transition-colors duration-100 ease-in-out\">den gamla stadsk\u00e4rnan \u00e4r sedan 2002 upptagen p\u00e5 UNESCO:s v\u00e4rldsarvslista<\/span><\/p>\n<p style=\"text-align: center;\"><img loading=\"lazy\" decoding=\"async\" class=\"alignnone size-large wp-image-43341\" src=\"https:\/\/majipparesor.se\/wp-content\/uploads\/2025\/04\/20250414_110340-852x1024.jpg\" alt=\"\" width=\"800\" height=\"962\" srcset=\"https:\/\/majipparesor.se\/wp-content\/uploads\/2025\/04\/20250414_110340-852x1024.jpg 852w, https:\/\/majipparesor.se\/wp-content\/uploads\/2025\/04\/20250414_110340-250x300.jpg 250w, https:\/\/majipparesor.se\/wp-content\/uploads\/2025\/04\/20250414_110340-768x923.jpg 768w, https:\/\/majipparesor.se\/wp-content\/uploads\/2025\/04\/20250414_110340-1278x1536.jpg 1278w, https:\/\/majipparesor.se\/wp-content\/uploads\/2025\/04\/20250414_110340-1704x2048.jpg 1704w\" sizes=\"auto, (max-width: 800px) 100vw, 800px\" \/><\/p>\n<p>Stralsund har en trevlig stadsk\u00e4rna d\u00e4r det finns en hel del butiker, caf\u00e9er och restauranger. Det k\u00e4nns levande och det \u00e4r en hel del b\u00e5de turister men ocks\u00e5 inhemsk befolkning som traskar runt p\u00e5 gatorna s\u00e5 h\u00e4r under p\u00e5skveckan.<\/p>\n<p><img loading=\"lazy\" decoding=\"async\" class=\"size-large wp-image-43339 aligncenter\" src=\"https:\/\/majipparesor.se\/wp-content\/uploads\/2025\/04\/20250414_111404-1024x624.jpg\" alt=\"\" width=\"800\" height=\"488\" srcset=\"https:\/\/majipparesor.se\/wp-content\/uploads\/2025\/04\/20250414_111404-1024x624.jpg 1024w, https:\/\/majipparesor.se\/wp-content\/uploads\/2025\/04\/20250414_111404-300x183.jpg 300w, https:\/\/majipparesor.se\/wp-content\/uploads\/2025\/04\/20250414_111404-768x468.jpg 768w, https:\/\/majipparesor.se\/wp-content\/uploads\/2025\/04\/20250414_111404-1536x936.jpg 1536w, https:\/\/majipparesor.se\/wp-content\/uploads\/2025\/04\/20250414_111404-2048x1248.jpg 2048w\" sizes=\"auto, (max-width: 800px) 100vw, 800px\" \/><\/p>\n<p><img loading=\"lazy\" decoding=\"async\" class=\"size-large wp-image-43340 aligncenter\" src=\"https:\/\/majipparesor.se\/wp-content\/uploads\/2025\/04\/20250414_111358-1024x987.jpg\" alt=\"\" width=\"800\" height=\"771\" srcset=\"https:\/\/majipparesor.se\/wp-content\/uploads\/2025\/04\/20250414_111358-1024x987.jpg 1024w, https:\/\/majipparesor.se\/wp-content\/uploads\/2025\/04\/20250414_111358-300x289.jpg 300w, https:\/\/majipparesor.se\/wp-content\/uploads\/2025\/04\/20250414_111358-768x740.jpg 768w, https:\/\/majipparesor.se\/wp-content\/uploads\/2025\/04\/20250414_111358-1536x1480.jpg 1536w, https:\/\/majipparesor.se\/wp-content\/uploads\/2025\/04\/20250414_111358-2048x1973.jpg 2048w\" sizes=\"auto, (max-width: 800px) 100vw, 800px\" \/><\/p>\n<h5><strong>Ozeaneum<\/strong><\/h5>\n<p>Vi m\u00e4rker att m\u00e5nga som kommer till Stralsund tar sig ned mot hamnen och h\u00e4r ligger ocks\u00e5 Ozeaneum. Ett modernt och prisbel\u00f6nt museum\/akvarium d\u00e4r man kan uppleva \u00d6stersj\u00f6ns och v\u00e4rldshavens djurliv. Ozeaneum ska vara v\u00e4ldigt popul\u00e4rt bland b\u00e5de barn och vuxna. De har ocks\u00e5 imponerande modeller av valar i naturlig storlek.<\/p>\n<p style=\"text-align: center;\"><img loading=\"lazy\" decoding=\"async\" class=\"alignnone size-large wp-image-43338\" src=\"https:\/\/majipparesor.se\/wp-content\/uploads\/2025\/04\/20250414_111559-1024x768.jpg\" alt=\"\" width=\"800\" height=\"600\" srcset=\"https:\/\/majipparesor.se\/wp-content\/uploads\/2025\/04\/20250414_111559-1024x768.jpg 1024w, https:\/\/majipparesor.se\/wp-content\/uploads\/2025\/04\/20250414_111559-300x225.jpg 300w, https:\/\/majipparesor.se\/wp-content\/uploads\/2025\/04\/20250414_111559-768x576.jpg 768w, https:\/\/majipparesor.se\/wp-content\/uploads\/2025\/04\/20250414_111559-1536x1152.jpg 1536w, https:\/\/majipparesor.se\/wp-content\/uploads\/2025\/04\/20250414_111559-2048x1536.jpg 2048w\" sizes=\"auto, (max-width: 800px) 100vw, 800px\" \/><\/p>\n<h5><strong>Industribyggnader i ny tappning<\/strong><\/h5>\n<p><span class=\"relative -mx-px my-[-0.2rem] rounded px-px py-[0.2rem] transition-colors duration-100 ease-in-out\">I samma omr\u00e5de finns flera andra historiska tegelbyggnader som en g\u00e5ng tj\u00e4nade som lager eller industribyggnader.<\/span> <span class=\"relative -mx-px my-[-0.2rem] rounded px-px py-[0.2rem] transition-colors duration-100 ease-in-out\">Dessa har ofta bevarats och renoverats f\u00f6r att passa moderna funktioner samtidigt som de beh\u00e5ller sin historiska charm. Dessa byggnader anv\u00e4ndes ursprungligen som spannm\u00e5lslager.\u00a0<\/span><\/p>\n<p style=\"text-align: center;\"><img loading=\"lazy\" decoding=\"async\" class=\"alignnone size-large wp-image-43337\" src=\"https:\/\/majipparesor.se\/wp-content\/uploads\/2025\/04\/20250414_111604-850x1024.jpg\" alt=\"\" width=\"800\" height=\"964\" srcset=\"https:\/\/majipparesor.se\/wp-content\/uploads\/2025\/04\/20250414_111604-850x1024.jpg 850w, https:\/\/majipparesor.se\/wp-content\/uploads\/2025\/04\/20250414_111604-249x300.jpg 249w, https:\/\/majipparesor.se\/wp-content\/uploads\/2025\/04\/20250414_111604-768x925.jpg 768w, https:\/\/majipparesor.se\/wp-content\/uploads\/2025\/04\/20250414_111604-1275x1536.jpg 1275w, https:\/\/majipparesor.se\/wp-content\/uploads\/2025\/04\/20250414_111604-1701x2048.jpg 1701w\" sizes=\"auto, (max-width: 800px) 100vw, 800px\" \/><\/p>\n<p style=\"text-align: center;\"><img loading=\"lazy\" decoding=\"async\" class=\"alignnone size-large wp-image-43250\" src=\"https:\/\/majipparesor.se\/wp-content\/uploads\/2025\/04\/20250414_121253-1024x768.jpg\" alt=\"\" width=\"800\" height=\"600\" srcset=\"https:\/\/majipparesor.se\/wp-content\/uploads\/2025\/04\/20250414_121253-1024x768.jpg 1024w, https:\/\/majipparesor.se\/wp-content\/uploads\/2025\/04\/20250414_121253-300x225.jpg 300w, https:\/\/majipparesor.se\/wp-content\/uploads\/2025\/04\/20250414_121253-768x576.jpg 768w, https:\/\/majipparesor.se\/wp-content\/uploads\/2025\/04\/20250414_121253-1536x1152.jpg 1536w, https:\/\/majipparesor.se\/wp-content\/uploads\/2025\/04\/20250414_121253-2048x1536.jpg 2048w\" sizes=\"auto, (max-width: 800px) 100vw, 800px\" \/><\/p>\n<h5><strong>Greifswald<\/strong><\/h5>\n<p>Vi \u00e4r ju p\u00e5 v\u00e4g mot \u015awinouj\u015bcie i Polen. P\u00e5 kartan ser vi att det finns fler intressanta orter eller st\u00e4der att bes\u00f6ka. N\u00e4r vi \u00e4r klara i Stralsund tar vi\u00a0 oss vidare mot den f\u00f6r oss ok\u00e4nda staden, Greifswald. Den ligger utmed v\u00e5r f\u00e4rdv\u00e4g och vi t\u00e4nker att det kan bli \u00e4nnu ett trevligt stopp p\u00e5 v\u00e4gen mot Polen.<\/p>\n<p style=\"text-align: center;\"><img loading=\"lazy\" decoding=\"async\" class=\"alignnone size-large wp-image-43334\" src=\"https:\/\/majipparesor.se\/wp-content\/uploads\/2025\/04\/20250414_121238-1024x768.jpg\" alt=\"\" width=\"800\" height=\"600\" srcset=\"https:\/\/majipparesor.se\/wp-content\/uploads\/2025\/04\/20250414_121238-1024x768.jpg 1024w, https:\/\/majipparesor.se\/wp-content\/uploads\/2025\/04\/20250414_121238-300x225.jpg 300w, https:\/\/majipparesor.se\/wp-content\/uploads\/2025\/04\/20250414_121238-768x576.jpg 768w, https:\/\/majipparesor.se\/wp-content\/uploads\/2025\/04\/20250414_121238-1536x1152.jpg 1536w, https:\/\/majipparesor.se\/wp-content\/uploads\/2025\/04\/20250414_121238-2048x1536.jpg 2048w\" sizes=\"auto, (max-width: 800px) 100vw, 800px\" \/><\/p>\n<p>Greifswald \u00e4r faktiskt ocks\u00e5 en gammal Hansastad, med en rik och sp\u00e4nnande historia. Staden har starka band till \u00d6stersj\u00f6regionens handel, religion och kultur. Dessutom visar det sig att Greifswald har en riktigt fin och v\u00e4lbevarad stadsk\u00e4rna. Staden \u00e4r betydligt lugnare \u00e4n Stralsund men har \u00e4nd\u00e5 mycket att se.<\/p>\n<p style=\"text-align: center;\"><img loading=\"lazy\" decoding=\"async\" class=\"alignnone size-large wp-image-43335\" src=\"https:\/\/majipparesor.se\/wp-content\/uploads\/2025\/04\/20250414_121227-768x1024.jpg\" alt=\"\" width=\"768\" height=\"1024\" srcset=\"https:\/\/majipparesor.se\/wp-content\/uploads\/2025\/04\/20250414_121227-768x1024.jpg 768w, https:\/\/majipparesor.se\/wp-content\/uploads\/2025\/04\/20250414_121227-225x300.jpg 225w, https:\/\/majipparesor.se\/wp-content\/uploads\/2025\/04\/20250414_121227-1152x1536.jpg 1152w, https:\/\/majipparesor.se\/wp-content\/uploads\/2025\/04\/20250414_121227-1536x2048.jpg 1536w, https:\/\/majipparesor.se\/wp-content\/uploads\/2025\/04\/20250414_121227-scaled.jpg 1920w\" sizes=\"auto, (max-width: 768px) 100vw, 768px\" \/><\/p>\n<p class=\"\" data-start=\"250\" data-end=\"336\">Greifswald grundades officiellt \u00e5r 1248 av munkar fr\u00e5n klostret Eldena, som i sin tur anlades av cisterciensermunkar fr\u00e5n Esrum kloster i Danmark. Orten v\u00e4xte snabbt tack vare sitt l\u00e4ge vid floden Ryck och n\u00e4rheten till \u00d6stersj\u00f6n.<\/p>\n<p class=\"\" data-start=\"574\" data-end=\"805\">P\u00e5 1300-talet blev Greifswald medlem i Hansan. Det h\u00e4r var en period av ekonomiskt v\u00e4lst\u00e5nd, och mycket av den gotiska arkitekturen i stadens centrum h\u00e4rstammar fr\u00e5n denna tid.<\/p>\n<p style=\"text-align: center;\"><img loading=\"lazy\" decoding=\"async\" class=\"alignnone size-large wp-image-43249\" src=\"https:\/\/majipparesor.se\/wp-content\/uploads\/2025\/04\/20250414_121516-705x1024.jpg\" alt=\"\" width=\"705\" height=\"1024\" srcset=\"https:\/\/majipparesor.se\/wp-content\/uploads\/2025\/04\/20250414_121516-705x1024.jpg 705w, https:\/\/majipparesor.se\/wp-content\/uploads\/2025\/04\/20250414_121516-207x300.jpg 207w, https:\/\/majipparesor.se\/wp-content\/uploads\/2025\/04\/20250414_121516-768x1115.jpg 768w, https:\/\/majipparesor.se\/wp-content\/uploads\/2025\/04\/20250414_121516-1058x1536.jpg 1058w, https:\/\/majipparesor.se\/wp-content\/uploads\/2025\/04\/20250414_121516-1410x2048.jpg 1410w, https:\/\/majipparesor.se\/wp-content\/uploads\/2025\/04\/20250414_121516-scaled.jpg 1763w\" sizes=\"auto, (max-width: 705px) 100vw, 705px\" \/><\/p>\n<p style=\"text-align: center;\"><em>R\u00e5dhuset fr\u00e5n 1300 &#8211; talet, i vacker r\u00f6dm\u00e5lad f\u00e4rg.<\/em><\/p>\n<h5><strong>Markplatz<\/strong><\/h5>\n<p>En av stadens huvudattraktioner n\u00e4r det g\u00e4ller byggnader \u00e4r Markplatz, Stora Torget. Torget \u00e4r omgivet av fler vackra byggnader fr\u00e5n hansatiden. Det r\u00f6dm\u00e5lade huset \u00e4r r\u00e5dhuset men vi ser \u00e4ven andra tjusiga byggnader, vilka anv\u00e4ndes till k\u00f6pmanshus.<\/p>\n<p style=\"text-align: center;\"><em><img loading=\"lazy\" decoding=\"async\" class=\"alignnone size-large wp-image-43367\" src=\"https:\/\/majipparesor.se\/wp-content\/uploads\/2025\/04\/20250414_121532-1024x768.jpg\" alt=\"\" width=\"800\" height=\"600\" srcset=\"https:\/\/majipparesor.se\/wp-content\/uploads\/2025\/04\/20250414_121532-1024x768.jpg 1024w, https:\/\/majipparesor.se\/wp-content\/uploads\/2025\/04\/20250414_121532-300x225.jpg 300w, https:\/\/majipparesor.se\/wp-content\/uploads\/2025\/04\/20250414_121532-768x576.jpg 768w, https:\/\/majipparesor.se\/wp-content\/uploads\/2025\/04\/20250414_121532-1536x1152.jpg 1536w, https:\/\/majipparesor.se\/wp-content\/uploads\/2025\/04\/20250414_121532-2048x1536.jpg 2048w\" sizes=\"auto, (max-width: 800px) 100vw, 800px\" \/><\/em><\/p>\n<p data-start=\"807\" data-end=\"825\">Ett av Tysklands \u00e4ldsta universitet grundades i Greifswald \u00e5r 1456. Det ska \u00e4ven vara ett av de \u00e4ldsta universiteten i norra Europa. Universitet bidrog starkt till stadens intellektuella och kulturella liv och g\u00f6r det \u00e4n i dag.<\/p>\n<p><img loading=\"lazy\" decoding=\"async\" class=\"size-large wp-image-43363 aligncenter\" src=\"https:\/\/majipparesor.se\/wp-content\/uploads\/2025\/04\/20250414_121550-819x1024.jpg\" alt=\"\" width=\"800\" height=\"1000\" srcset=\"https:\/\/majipparesor.se\/wp-content\/uploads\/2025\/04\/20250414_121550-819x1024.jpg 819w, https:\/\/majipparesor.se\/wp-content\/uploads\/2025\/04\/20250414_121550-240x300.jpg 240w, https:\/\/majipparesor.se\/wp-content\/uploads\/2025\/04\/20250414_121550-768x960.jpg 768w, https:\/\/majipparesor.se\/wp-content\/uploads\/2025\/04\/20250414_121550-1229x1536.jpg 1229w, https:\/\/majipparesor.se\/wp-content\/uploads\/2025\/04\/20250414_121550-1639x2048.jpg 1639w, https:\/\/majipparesor.se\/wp-content\/uploads\/2025\/04\/20250414_121550-scaled.jpg 2048w\" sizes=\"auto, (max-width: 800px) 100vw, 800px\" \/><\/p>\n<h5 data-start=\"1094\" data-end=\"1112\"><strong>Svenskt styre<\/strong><\/h5>\n<p data-start=\"1094\" data-end=\"1112\">\u00a0Som en f\u00f6ljd av Westfaliska freden efter trettio\u00e5riga kriget, tillh\u00f6rde Greifswald mellan \u00e5ren 1648 och 1815, svenska Pommern. \u00c4n idag finns det fortfarande sp\u00e5r fr\u00e5n denna tid i stadens kultur och arkitektur.<\/p>\n<p><img loading=\"lazy\" decoding=\"async\" class=\"size-large wp-image-43362 aligncenter\" src=\"https:\/\/majipparesor.se\/wp-content\/uploads\/2025\/04\/20250414_121755-1024x823.jpg\" alt=\"\" width=\"800\" height=\"643\" srcset=\"https:\/\/majipparesor.se\/wp-content\/uploads\/2025\/04\/20250414_121755-1024x823.jpg 1024w, https:\/\/majipparesor.se\/wp-content\/uploads\/2025\/04\/20250414_121755-300x241.jpg 300w, https:\/\/majipparesor.se\/wp-content\/uploads\/2025\/04\/20250414_121755-768x617.jpg 768w, https:\/\/majipparesor.se\/wp-content\/uploads\/2025\/04\/20250414_121755-1536x1234.jpg 1536w, https:\/\/majipparesor.se\/wp-content\/uploads\/2025\/04\/20250414_121755-2048x1645.jpg 2048w\" sizes=\"auto, (max-width: 800px) 100vw, 800px\" \/><\/p>\n<h5 data-start=\"1449\" data-end=\"1467\"><strong>Modern tid<\/strong><\/h5>\n<p class=\"\" data-start=\"1468\" data-end=\"1760\">Efter 1815 blev Greifswald en del av Preussen och d\u00e4refter Tyskland. Under DDR-tiden, 1949\u20131990 tillh\u00f6rde staden \u00d6sttyskland. Efter Tysklands \u00e5terf\u00f6rening 1990 har staden restaurerats kraftigt, och den vackra gamla stadsk\u00e4rnan med sina medeltida byggnader har \u00e5terf\u00e5tt mycket av sin forna glans.<\/p>\n<p class=\"\" data-start=\"1762\" data-end=\"1918\">Greifswald \u00e4r idag en livlig universitetsstad med cirka 60 000 inv\u00e5nare, pr\u00e4glad av sin historia, sina kulturella institutioner och n\u00e4rheten till \u00d6stersj\u00f6n.<\/p>\n<p style=\"text-align: center;\"><img loading=\"lazy\" decoding=\"async\" class=\"alignnone size-large wp-image-43248\" src=\"https:\/\/majipparesor.se\/wp-content\/uploads\/2025\/04\/20250414_121247-768x1024.jpg\" alt=\"\" width=\"768\" height=\"1024\" srcset=\"https:\/\/majipparesor.se\/wp-content\/uploads\/2025\/04\/20250414_121247-768x1024.jpg 768w, https:\/\/majipparesor.se\/wp-content\/uploads\/2025\/04\/20250414_121247-225x300.jpg 225w, https:\/\/majipparesor.se\/wp-content\/uploads\/2025\/04\/20250414_121247-1152x1536.jpg 1152w, https:\/\/majipparesor.se\/wp-content\/uploads\/2025\/04\/20250414_121247-1536x2048.jpg 1536w, https:\/\/majipparesor.se\/wp-content\/uploads\/2025\/04\/20250414_121247-scaled.jpg 1920w\" sizes=\"auto, (max-width: 768px) 100vw, 768px\" \/><\/p>\n<h5><strong>Altstadt<\/strong><\/h5>\n<p>N\u00e4r vi anl\u00e4nder Greifswald har det hunnit bli lunchtid. Vi parkerar p\u00e5 en sidogata till till Gamla stan. H\u00e4r f\u00e5r man inte parkera s\u00e5 l\u00e4nge men \u00e4nd\u00e5 s\u00e5 pass att vi hinner g\u00f6ra en kortare sightseeing genom Altstadt.\u00a0 Det visar sig att Greifswald \u00e4r charmig och har flera vackra, historiska byggnader, vackra hus i milda pastellf\u00e4rger och ett par mysiga torg.<\/p>\n<p style=\"text-align: center;\"><img loading=\"lazy\" decoding=\"async\" class=\"alignnone size-large wp-image-43247\" src=\"https:\/\/majipparesor.se\/wp-content\/uploads\/2025\/04\/20250414_121442-896x1024.jpg\" alt=\"\" width=\"800\" height=\"914\" srcset=\"https:\/\/majipparesor.se\/wp-content\/uploads\/2025\/04\/20250414_121442-896x1024.jpg 896w, https:\/\/majipparesor.se\/wp-content\/uploads\/2025\/04\/20250414_121442-262x300.jpg 262w, https:\/\/majipparesor.se\/wp-content\/uploads\/2025\/04\/20250414_121442-768x878.jpg 768w, https:\/\/majipparesor.se\/wp-content\/uploads\/2025\/04\/20250414_121442-1344x1536.jpg 1344w, https:\/\/majipparesor.se\/wp-content\/uploads\/2025\/04\/20250414_121442-1792x2048.jpg 1792w\" sizes=\"auto, (max-width: 800px) 100vw, 800px\" \/><\/p>\n<p style=\"text-align: center;\"><img loading=\"lazy\" decoding=\"async\" class=\"alignnone size-large wp-image-43361\" src=\"https:\/\/majipparesor.se\/wp-content\/uploads\/2025\/04\/20250414_122323-960x1024.jpg\" alt=\"\" width=\"800\" height=\"853\" srcset=\"https:\/\/majipparesor.se\/wp-content\/uploads\/2025\/04\/20250414_122323-960x1024.jpg 960w, https:\/\/majipparesor.se\/wp-content\/uploads\/2025\/04\/20250414_122323-281x300.jpg 281w, https:\/\/majipparesor.se\/wp-content\/uploads\/2025\/04\/20250414_122323-768x819.jpg 768w, https:\/\/majipparesor.se\/wp-content\/uploads\/2025\/04\/20250414_122323-1441x1536.jpg 1441w, https:\/\/majipparesor.se\/wp-content\/uploads\/2025\/04\/20250414_122323.jpg 1603w\" sizes=\"auto, (max-width: 800px) 100vw, 800px\" \/><\/p>\n<p style=\"text-align: center;\"><img loading=\"lazy\" decoding=\"async\" class=\"alignnone size-large wp-image-43360\" src=\"https:\/\/majipparesor.se\/wp-content\/uploads\/2025\/04\/20250414_122433-1024x746.jpg\" alt=\"\" width=\"800\" height=\"583\" srcset=\"https:\/\/majipparesor.se\/wp-content\/uploads\/2025\/04\/20250414_122433-1024x746.jpg 1024w, https:\/\/majipparesor.se\/wp-content\/uploads\/2025\/04\/20250414_122433-300x219.jpg 300w, https:\/\/majipparesor.se\/wp-content\/uploads\/2025\/04\/20250414_122433-768x560.jpg 768w, https:\/\/majipparesor.se\/wp-content\/uploads\/2025\/04\/20250414_122433-1536x1120.jpg 1536w, https:\/\/majipparesor.se\/wp-content\/uploads\/2025\/04\/20250414_122433-2048x1493.jpg 2048w\" sizes=\"auto, (max-width: 800px) 100vw, 800px\" \/><\/p>\n<p>\u00c4ven g\u00e5gatan som str\u00e4cker sig staden \u00e4r livlig med m\u00e5nga butiker och en hel del folk som i lunchtid \u00e4r ute och flanerar.\u00a0 Vi ser \u00e4ven den m\u00e4ktiga gotiska kyrkan fr\u00e5n 1200-talet vilken \u00e4r Greifswalds st\u00f6rsta och viktigaste kyrka.<\/p>\n<p><img loading=\"lazy\" decoding=\"async\" class=\"size-large wp-image-43358 aligncenter\" src=\"https:\/\/majipparesor.se\/wp-content\/uploads\/2025\/04\/20250414_122742-850x1024.jpg\" alt=\"\" width=\"800\" height=\"964\" srcset=\"https:\/\/majipparesor.se\/wp-content\/uploads\/2025\/04\/20250414_122742-850x1024.jpg 850w, https:\/\/majipparesor.se\/wp-content\/uploads\/2025\/04\/20250414_122742-249x300.jpg 249w, https:\/\/majipparesor.se\/wp-content\/uploads\/2025\/04\/20250414_122742-768x926.jpg 768w, https:\/\/majipparesor.se\/wp-content\/uploads\/2025\/04\/20250414_122742-1274x1536.jpg 1274w, https:\/\/majipparesor.se\/wp-content\/uploads\/2025\/04\/20250414_122742.jpg 1613w\" sizes=\"auto, (max-width: 800px) 100vw, 800px\" \/><\/p>\n<h5><strong>Dom St. Nikolai \/ Nikolaikyrkan<\/strong><\/h5>\n<p><span class=\"relative -mx-px my-[-0.2rem] rounded px-px py-[0.2rem] transition-colors duration-100 ease-in-out\">Byggandet av kyrkan b\u00f6rjade omkring 1249. <\/span><span class=\"relative -mx-px my-[-0.2rem] rounded px-px py-[0.2rem] transition-colors duration-100 ease-in-out\">Under 1400 &#8211; och 1500-talen byggdes kyrkan om till en basilika med tre skepp och ett imponerande 98 meter h\u00f6gt torn, som var f\u00e4rdigt omkring 1609.<\/span> <span class=\"relative -mx-px my-[-0.2rem] rounded px-px py-[0.2rem] transition-colors duration-100 ease-in-out\">Tornet f\u00f6rst\u00f6rdes tv\u00e5 g\u00e5nger av stormar, men \u00e5teruppbyggdes varje g\u00e5ng, senast under 1650-talet.\u00a0<\/span><\/p>\n<p><span class=\"relative -mx-px my-[-0.2rem] rounded px-px py-[0.2rem] transition-colors duration-100 ease-in-out\">\u00c5r 1456, i samband med grundandet av universitetet i Greifswald, blev kyrkan en kollegiatkyrka och en viktig plats f\u00f6r akademiska ceremonier.<\/span> <span class=\"relative -mx-px my-[-0.2rem] rounded px-px py-[0.2rem] transition-colors duration-100 ease-in-out\">Den har ocks\u00e5 varit en plats f\u00f6r protestantiska kyrkom\u00f6ten och har starka band till stadens historia.<\/span> <span class=\"relative -mx-px my-[-0.2rem] rounded px-px py-[0.2rem] transition-colors duration-100 ease-in-out\">Kyrkan \u00e4r \u00e4ven k\u00e4nd som dopkyrka f\u00f6r den ber\u00f6mde m\u00e5laren Caspar David Friedrich.<\/span><\/p>\n<p><img loading=\"lazy\" decoding=\"async\" class=\"size-large wp-image-43359 aligncenter\" src=\"https:\/\/majipparesor.se\/wp-content\/uploads\/2025\/04\/20250414_122849-768x1024.jpg\" alt=\"\" width=\"768\" height=\"1024\" srcset=\"https:\/\/majipparesor.se\/wp-content\/uploads\/2025\/04\/20250414_122849-768x1024.jpg 768w, https:\/\/majipparesor.se\/wp-content\/uploads\/2025\/04\/20250414_122849-225x300.jpg 225w, https:\/\/majipparesor.se\/wp-content\/uploads\/2025\/04\/20250414_122849-1152x1536.jpg 1152w, https:\/\/majipparesor.se\/wp-content\/uploads\/2025\/04\/20250414_122849-1536x2048.jpg 1536w, https:\/\/majipparesor.se\/wp-content\/uploads\/2025\/04\/20250414_122849-scaled.jpg 1920w\" sizes=\"auto, (max-width: 768px) 100vw, 768px\" \/><\/p>\n<p>Fr\u00e5n gamla stan n\u00e5r man ocks\u00e5 hamnen vid floden Ryck. H\u00e4r finns gamla segelfartyg, caf\u00e9er, och man kan promenera l\u00e4ngs vattnet. Tyv\u00e4rr hinner vi inte stanna l\u00e4ngre \u00e4n en timme, men vi \u00e4ter v\u00e5r medhavda mats\u00e4ck utmed floden.<\/p>\n<p><img loading=\"lazy\" decoding=\"async\" class=\"size-large wp-image-43381 aligncenter\" src=\"https:\/\/majipparesor.se\/wp-content\/uploads\/2025\/04\/20250414_161251-1024x768.jpg\" alt=\"\" width=\"800\" height=\"600\" srcset=\"https:\/\/majipparesor.se\/wp-content\/uploads\/2025\/04\/20250414_161251-1024x768.jpg 1024w, https:\/\/majipparesor.se\/wp-content\/uploads\/2025\/04\/20250414_161251-300x225.jpg 300w, https:\/\/majipparesor.se\/wp-content\/uploads\/2025\/04\/20250414_161251-768x576.jpg 768w, https:\/\/majipparesor.se\/wp-content\/uploads\/2025\/04\/20250414_161251-1536x1152.jpg 1536w, https:\/\/majipparesor.se\/wp-content\/uploads\/2025\/04\/20250414_161251-2048x1536.jpg 2048w\" sizes=\"auto, (max-width: 800px) 100vw, 800px\" \/><\/p>\n<h5><strong>Polen &#8211; \u015awinouj\u015bcie\u00a0<\/strong><\/h5>\n<p>Vi forts\u00e4tter ett par mil ytterligare \u00f6sterut och hamnar p\u00e5 Usedom som \u00e4r en \u00f6, delad mellan Tyskland och Polen. Den tyska delen tillh\u00f6r delstaten Mecklenburg-Vorpommern, medan den \u00f6stra delen d\u00e4r staden \u015awinouj\u015bcie ligger tillh\u00f6r Polen. Vi l\u00e4gger m\u00e4rke till de h\u00e4rliga str\u00e4nderna som str\u00e4cker sig utmed kusten och h\u00e4r finns \u00e4ven flera eleganta badorter. Vi k\u00f6r igenom bland annat Heringsdorf som tillh\u00f6r vad man kallar f\u00f6r &#8221;Kejserliga badorter&#8221;. De kejserliga badorterna var popul\u00e4ra semesterorter f\u00f6r tyska kejsare och adel under slutet av 1800-talet och b\u00f6rjan av 1900-talet, s\u00e4rskilt under kejsare Wilhelm II:s tid.<\/p>\n<p>Naturen p\u00e5 \u00f6n Usedom \u00e4r om\u00e5ttligt popul\u00e4rt f\u00f6r alla natur\u00e4lskare. \u00d6n har flera naturreservat, sj\u00f6ar och cykelv\u00e4gar. F\u00f6rmodligen kan en hel semester l\u00e4ggas h\u00e4r under sommaren d\u00e5 strandliv lockar mer \u00e4n nu under april m\u00e5nad. N\u00e4stan mitt p\u00e5 Usedom tar Tyskland slut och vi k\u00f6r in i Polen. Bara n\u00e5gra kilometer fr\u00e5n gr\u00e4nsen ligger \u015awinouj\u015bcie.<\/p>\n<p style=\"text-align: center;\"><img loading=\"lazy\" decoding=\"async\" class=\"alignnone size-large wp-image-43246\" src=\"https:\/\/majipparesor.se\/wp-content\/uploads\/2025\/04\/20250414_161229-966x1024.jpg\" alt=\"\" width=\"800\" height=\"848\" srcset=\"https:\/\/majipparesor.se\/wp-content\/uploads\/2025\/04\/20250414_161229-966x1024.jpg 966w, https:\/\/majipparesor.se\/wp-content\/uploads\/2025\/04\/20250414_161229-283x300.jpg 283w, https:\/\/majipparesor.se\/wp-content\/uploads\/2025\/04\/20250414_161229-768x814.jpg 768w, https:\/\/majipparesor.se\/wp-content\/uploads\/2025\/04\/20250414_161229-1450x1536.jpg 1450w, https:\/\/majipparesor.se\/wp-content\/uploads\/2025\/04\/20250414_161229-1933x2048.jpg 1933w\" sizes=\"auto, (max-width: 800px) 100vw, 800px\" \/><\/p>\n<h5><strong>Prisv\u00e4rt boende<\/strong><\/h5>\n<p>Lite p\u00e5 m\u00e5f\u00e5 letar vi efter hotell f\u00f6r en \u00f6vernattning s\u00e5 sent som vid 15 &#8211; tiden p\u00e5 eftermiddagen. I \u015awinouj\u015bcie finns det m\u00e5nga hotell i olika prisl\u00e4gen. Eftersom vi inte riktigt k\u00e4nner till staden vill vi bo n\u00e4ra b\u00e5de hav och stad. Efter en stunds letande kommer vi fram till att bo lite i mitten av stan f\u00f6r att f\u00e5 ut s\u00e5 mycket som m\u00f6jligt av v\u00e5ra timmar h\u00e4r i \u015awinouj\u015bcie.<\/p>\n<p>Vi hittar ett mycket prisv\u00e4rt hotell i gammal stil, men med b\u00e5de frukost och parkeringsplats f\u00f6r knappt 800 kronor k\u00e4nner vi oss n\u00f6jda. Det \u00e4r kanske n\u00e5got l\u00e5ng promenad ned till havet och de fantastiska strandpromenaderna om man ska vara kr\u00e4sen. Ja, en kvarts promenad \u00e4r v\u00e4l ingenting f\u00f6r att n\u00e5 den enorma stranden.<\/p>\n<p style=\"text-align: center;\"><img loading=\"lazy\" decoding=\"async\" class=\"alignnone size-large wp-image-43380\" src=\"https:\/\/majipparesor.se\/wp-content\/uploads\/2025\/04\/20250414_161303-907x1024.jpg\" alt=\"\" width=\"800\" height=\"903\" srcset=\"https:\/\/majipparesor.se\/wp-content\/uploads\/2025\/04\/20250414_161303-907x1024.jpg 907w, https:\/\/majipparesor.se\/wp-content\/uploads\/2025\/04\/20250414_161303-266x300.jpg 266w, https:\/\/majipparesor.se\/wp-content\/uploads\/2025\/04\/20250414_161303-768x867.jpg 768w, https:\/\/majipparesor.se\/wp-content\/uploads\/2025\/04\/20250414_161303-1360x1536.jpg 1360w, https:\/\/majipparesor.se\/wp-content\/uploads\/2025\/04\/20250414_161303-1814x2048.jpg 1814w\" sizes=\"auto, (max-width: 800px) 100vw, 800px\" \/><\/p>\n<p style=\"text-align: center;\"><em>Utmed den vita mjuka stranden ligger ett par hotellkomplex men det k\u00e4nns \u00e4nd\u00e5 inte \u00f6verexploaterat.<\/em><\/p>\n<h5><strong>Strandpromenader\u00a0<\/strong><\/h5>\n<p>Det \u00e4r imponerande att \u015awinouj\u015bcie har hela tre strandpromenader om inte fyra om man \u00e4ven r\u00e4knar den som \u00e4r sj\u00e4lva stranden som g\u00e5r parallellt. Fr\u00e5n staden sett finns Promenada Nadmorska, som <span class=\"relative -mx-px my-[-0.2rem] rounded px-px py-[0.2rem] transition-colors duration-100 ease-in-out\">str\u00e4cker sig flera kilometer l\u00e4ngs kusten och f\u00f6rbinder stadens spa-distrikt med stranden.<\/span> <span class=\"relative -mx-px my-[-0.2rem] rounded px-px py-[0.2rem] transition-colors duration-100 ease-in-out\">Den byggdes ursprungligen f\u00f6re andra v\u00e4rldskriget och har sedan dess utvecklats till en livlig plats med kaf\u00e9er, restauranger och butiker.<\/span> <span class=\"relative -mx-px my-[-0.2rem] rounded px-px py-[0.2rem] transition-colors duration-100 ease-in-out\">L\u00e4ngs promenaden finns ocks\u00e5 m\u00e5nga vackra byggnader i jugendstil samt en cykelv\u00e4g och b\u00e4nkar f\u00f6r vila.<\/span><\/p>\n<p style=\"text-align: center;\"><img loading=\"lazy\" decoding=\"async\" class=\"alignnone size-large wp-image-43375\" src=\"https:\/\/majipparesor.se\/wp-content\/uploads\/2025\/04\/20250415_091032-898x1024.jpg\" alt=\"\" width=\"800\" height=\"912\" srcset=\"https:\/\/majipparesor.se\/wp-content\/uploads\/2025\/04\/20250415_091032-898x1024.jpg 898w, https:\/\/majipparesor.se\/wp-content\/uploads\/2025\/04\/20250415_091032-263x300.jpg 263w, https:\/\/majipparesor.se\/wp-content\/uploads\/2025\/04\/20250415_091032-768x876.jpg 768w, https:\/\/majipparesor.se\/wp-content\/uploads\/2025\/04\/20250415_091032-1347x1536.jpg 1347w, https:\/\/majipparesor.se\/wp-content\/uploads\/2025\/04\/20250415_091032-1795x2048.jpg 1795w\" sizes=\"auto, (max-width: 800px) 100vw, 800px\" \/><\/p>\n<p style=\"text-align: center;\"><img loading=\"lazy\" decoding=\"async\" class=\"alignnone size-large wp-image-43374\" src=\"https:\/\/majipparesor.se\/wp-content\/uploads\/2025\/04\/20250415_091338-906x1024.jpg\" alt=\"\" width=\"800\" height=\"904\" srcset=\"https:\/\/majipparesor.se\/wp-content\/uploads\/2025\/04\/20250415_091338-906x1024.jpg 906w, https:\/\/majipparesor.se\/wp-content\/uploads\/2025\/04\/20250415_091338-265x300.jpg 265w, https:\/\/majipparesor.se\/wp-content\/uploads\/2025\/04\/20250415_091338-768x868.jpg 768w, https:\/\/majipparesor.se\/wp-content\/uploads\/2025\/04\/20250415_091338-1358x1536.jpg 1358w, https:\/\/majipparesor.se\/wp-content\/uploads\/2025\/04\/20250415_091338-1811x2048.jpg 1811w\" sizes=\"auto, (max-width: 800px) 100vw, 800px\" \/><\/p>\n<p style=\"text-align: center;\"><img loading=\"lazy\" decoding=\"async\" class=\"alignnone size-large wp-image-43373\" src=\"https:\/\/majipparesor.se\/wp-content\/uploads\/2025\/04\/20250415_092103-1024x985.jpg\" alt=\"\" width=\"800\" height=\"770\" srcset=\"https:\/\/majipparesor.se\/wp-content\/uploads\/2025\/04\/20250415_092103-1024x985.jpg 1024w, https:\/\/majipparesor.se\/wp-content\/uploads\/2025\/04\/20250415_092103-300x289.jpg 300w, https:\/\/majipparesor.se\/wp-content\/uploads\/2025\/04\/20250415_092103-768x739.jpg 768w, https:\/\/majipparesor.se\/wp-content\/uploads\/2025\/04\/20250415_092103-1536x1478.jpg 1536w, https:\/\/majipparesor.se\/wp-content\/uploads\/2025\/04\/20250415_092103-2048x1971.jpg 2048w\" sizes=\"auto, (max-width: 800px) 100vw, 800px\" \/><\/p>\n<p>Ut\u00f6ver den restaurangt\u00e4ta huvudpromenaden finns \u00e4nnu en fin strandpromenad med inriktning p\u00e5 fysisk aktivitet. H\u00e4r ser vi m\u00e5nga som \u00e5ker rullskridskor eller stannar en stund f\u00f6r lite tr\u00e4ning p\u00e5 n\u00e5gon av alla de utegym som finns utmed promenadstr\u00e5ket.<\/p>\n<p>Den tredje strandpromenaden g\u00e5r intill dynorna som skiljer stranden mot bebyggelsen. Den best\u00e5r till viss del av anlagd asfalt men ocks\u00e5 en del sand som lagt sig p\u00e5 v\u00e4gen n\u00e4r de bl\u00e5ser. Minst sagt v\u00e4lgjort f\u00f6r att njuta av b\u00e4sta strandliv.<\/p>\n<p style=\"text-align: center;\"><img loading=\"lazy\" decoding=\"async\" class=\"alignnone size-large wp-image-43379\" src=\"https:\/\/majipparesor.se\/wp-content\/uploads\/2025\/04\/20250414_164948-844x1024.jpg\" alt=\"\" width=\"800\" height=\"971\" srcset=\"https:\/\/majipparesor.se\/wp-content\/uploads\/2025\/04\/20250414_164948-844x1024.jpg 844w, https:\/\/majipparesor.se\/wp-content\/uploads\/2025\/04\/20250414_164948-247x300.jpg 247w, https:\/\/majipparesor.se\/wp-content\/uploads\/2025\/04\/20250414_164948-768x932.jpg 768w, https:\/\/majipparesor.se\/wp-content\/uploads\/2025\/04\/20250414_164948-1266x1536.jpg 1266w, https:\/\/majipparesor.se\/wp-content\/uploads\/2025\/04\/20250414_164948-1687x2048.jpg 1687w\" sizes=\"auto, (max-width: 800px) 100vw, 800px\" \/><\/p>\n<p>Vi hittar en trevlig plats i solen och intar varsin god \u00f6l. Trots att \u015awinouj\u015bcie \u00e4r turistt\u00e4t \u00e4r det \u00e4nd\u00e5 hyfsade priser i Polen. En st\u00f6rre och en mindre \u00f6l betalar vi tillsammans 80 svenska kronor f\u00f6r.<\/p>\n<p style=\"text-align: center;\"><img loading=\"lazy\" decoding=\"async\" class=\"alignnone size-large wp-image-43376\" src=\"https:\/\/majipparesor.se\/wp-content\/uploads\/2025\/04\/20250415_091012-788x1024.jpg\" alt=\"\" width=\"788\" height=\"1024\" srcset=\"https:\/\/majipparesor.se\/wp-content\/uploads\/2025\/04\/20250415_091012-788x1024.jpg 788w, https:\/\/majipparesor.se\/wp-content\/uploads\/2025\/04\/20250415_091012-231x300.jpg 231w, https:\/\/majipparesor.se\/wp-content\/uploads\/2025\/04\/20250415_091012-768x998.jpg 768w, https:\/\/majipparesor.se\/wp-content\/uploads\/2025\/04\/20250415_091012-1182x1536.jpg 1182w, https:\/\/majipparesor.se\/wp-content\/uploads\/2025\/04\/20250415_091012-1576x2048.jpg 1576w, https:\/\/majipparesor.se\/wp-content\/uploads\/2025\/04\/20250415_091012-scaled.jpg 1970w\" sizes=\"auto, (max-width: 788px) 100vw, 788px\" \/><\/p>\n<p>\u015awinouj\u015bcie har \u00e4ven en mindre stadsk\u00e4rna. Den ligger en bit fr\u00e5n den stora stranden men har \u00e4nd\u00e5 kontakt med vatten, d\u00e5 hamnen ligger i anslutning till stadsk\u00e4rnan. Vi bor bara tio minuters promenad fr\u00e5n stan och \u00e4ter middag p\u00e5 en av restaurangerna som ligger h\u00e4r. Efter\u00e5t \u00e5ngrar vi oss lite n\u00e4r vi dagen efter tar oss med bil \u00e5terigen till den stora stranden och ser m\u00e4ngder med restauranger vid havet.<\/p>\n<p style=\"text-align: center;\"><img loading=\"lazy\" decoding=\"async\" class=\"alignnone size-large wp-image-43245\" src=\"https:\/\/majipparesor.se\/wp-content\/uploads\/2025\/04\/20250414_192329-904x1024.jpg\" alt=\"\" width=\"800\" height=\"906\" srcset=\"https:\/\/majipparesor.se\/wp-content\/uploads\/2025\/04\/20250414_192329-904x1024.jpg 904w, https:\/\/majipparesor.se\/wp-content\/uploads\/2025\/04\/20250414_192329-265x300.jpg 265w, https:\/\/majipparesor.se\/wp-content\/uploads\/2025\/04\/20250414_192329-768x870.jpg 768w, https:\/\/majipparesor.se\/wp-content\/uploads\/2025\/04\/20250414_192329-1356x1536.jpg 1356w, https:\/\/majipparesor.se\/wp-content\/uploads\/2025\/04\/20250414_192329.jpg 1634w\" sizes=\"auto, (max-width: 800px) 100vw, 800px\" \/><\/p>\n<p>Vi trivs riktigt bra i Polen. Det \u00e4r ett m\u00e5ngsidigt och prisv\u00e4rt land med b\u00e5de historia, kultur, natur och bra mat. Tyv\u00e4rr ligger landet geografiskt s\u00e4tt lite p\u00e5 sniskan f\u00f6r att g\u00f6ra en genomfartsresa, till exempel vid resor s\u00f6derut mot Medelhavet. Det blir en rej\u00e4l omv\u00e4g om man har t\u00e4nkt sig \u00e4ven Polen vid en resa till n\u00e5got av Medelhavsl\u00e4nderna. Vi har dock bes\u00f6kt Polen vid olika tillf\u00e4llen och blir alltid mycket n\u00f6jda med det mesta. Ett dygn i \u015awinouj\u015bcie \u00e4r perfekt trots att det bara \u00e4r april m\u00e5nad.<\/p>\n<p style=\"text-align: center;\">\u00a0<img loading=\"lazy\" decoding=\"async\" class=\"alignnone size-large wp-image-43378\" src=\"https:\/\/majipparesor.se\/wp-content\/uploads\/2025\/04\/20250414_192406-1024x905.jpg\" alt=\"\" width=\"800\" height=\"707\" srcset=\"https:\/\/majipparesor.se\/wp-content\/uploads\/2025\/04\/20250414_192406-1024x905.jpg 1024w, https:\/\/majipparesor.se\/wp-content\/uploads\/2025\/04\/20250414_192406-300x265.jpg 300w, https:\/\/majipparesor.se\/wp-content\/uploads\/2025\/04\/20250414_192406-768x679.jpg 768w, https:\/\/majipparesor.se\/wp-content\/uploads\/2025\/04\/20250414_192406-1536x1357.jpg 1536w, https:\/\/majipparesor.se\/wp-content\/uploads\/2025\/04\/20250414_192406-2048x1810.jpg 2048w\" sizes=\"auto, (max-width: 800px) 100vw, 800px\" \/><\/p>\n<ul class='related_post'><li><a href=\"https:\/\/majipparesor.se\/?p=45099\" title=\"L\u00fcneburg i norra Tyskland &#8211; Perfekt f\u00f6r en \u00f6vernattning\">L\u00fcneburg i norra Tyskland &#8211; Perfekt f\u00f6r en \u00f6vernattning<\/a><\/li><li><a href=\"https:\/\/majipparesor.se\/?p=39202\" title=\"L\u00fcbeck &#8211; Perfekt f\u00f6r b\u00e5de \u00f6vernattning och weekendresa\">L\u00fcbeck &#8211; Perfekt f\u00f6r b\u00e5de \u00f6vernattning och weekendresa<\/a><\/li><li><a href=\"https:\/\/majipparesor.se\/?p=28241\" title=\"Bilresa runt \u00d6stersj\u00f6n i Polen och Tyskland\">Bilresa runt \u00d6stersj\u00f6n i Polen och Tyskland<\/a><\/li><li><a href=\"https:\/\/majipparesor.se\/?p=26487\" title=\"Bremen &#8211;  Fina sev\u00e4rdheter i mysig hansastad\">Bremen &#8211;  Fina sev\u00e4rdheter i mysig hansastad<\/a><\/li><li><a href=\"https:\/\/majipparesor.se\/?p=10945\" title=\"H\u00f6stlov med bil &#8211; L\u00fcbeck i Tyskland\">H\u00f6stlov med bil &#8211; L\u00fcbeck i Tyskland<\/a><\/li><\/ul>","protected":false},"excerpt":{"rendered":"<p>Den nordtyska kustst\u00e4derna har mycket att erbjuda och f\u00f6rutom \u00f6n R\u00fcgen finns flera sev\u00e4rda kustst\u00e4der utmed \u00d6stersj\u00f6n mot Polen i<\/p>\n","protected":false},"author":1,"featured_media":43334,"comment_status":"open","ping_status":"open","sticky":false,"template":"","format":"standard","meta":{"colormag_page_container_layout":"default_layout","colormag_page_sidebar_layout":"default_layout","om_disable_all_campaigns":false,"_monsterinsights_skip_tracking":false,"_monsterinsights_sitenote_active":false,"_monsterinsights_sitenote_note":"","_monsterinsights_sitenote_category":0,"_uf_show_specific_survey":0,"_uf_disable_surveys":false,"footnotes":""},"categories":[151,23],"tags":[244],"class_list":["post-43297","post","type-post","status-publish","format-standard","has-post-thumbnail","hentry","category-mecklenburg-vorpommern-2","category-tyskland","tag-hansastad"],"aioseo_notices":[],"_links":{"self":[{"href":"https:\/\/majipparesor.se\/index.php?rest_route=\/wp\/v2\/posts\/43297","targetHints":{"allow":["GET"]}}],"collection":[{"href":"https:\/\/majipparesor.se\/index.php?rest_route=\/wp\/v2\/posts"}],"about":[{"href":"https:\/\/majipparesor.se\/index.php?rest_route=\/wp\/v2\/types\/post"}],"author":[{"embeddable":true,"href":"https:\/\/majipparesor.se\/index.php?rest_route=\/wp\/v2\/users\/1"}],"replies":[{"embeddable":true,"href":"https:\/\/majipparesor.se\/index.php?rest_route=%2Fwp%2Fv2%2Fcomments&post=43297"}],"version-history":[{"count":20,"href":"https:\/\/majipparesor.se\/index.php?rest_route=\/wp\/v2\/posts\/43297\/revisions"}],"predecessor-version":[{"id":43452,"href":"https:\/\/majipparesor.se\/index.php?rest_route=\/wp\/v2\/posts\/43297\/revisions\/43452"}],"wp:featuredmedia":[{"embeddable":true,"href":"https:\/\/majipparesor.se\/index.php?rest_route=\/wp\/v2\/media\/43334"}],"wp:attachment":[{"href":"https:\/\/majipparesor.se\/index.php?rest_route=%2Fwp%2Fv2%2Fmedia&parent=43297"}],"wp:term":[{"taxonomy":"category","embeddable":true,"href":"https:\/\/majipparesor.se\/index.php?rest_route=%2Fwp%2Fv2%2Fcategories&post=43297"},{"taxonomy":"post_tag","embeddable":true,"href":"https:\/\/majipparesor.se\/index.php?rest_route=%2Fwp%2Fv2%2Ftags&post=43297"}],"curies":[{"name":"wp","href":"https:\/\/api.w.org\/{rel}","templated":true}]}}